{"id":76600,"date":"2021-03-08T19:58:32","date_gmt":"2021-03-08T22:58:32","guid":{"rendered":"http:\/\/pdt-rj.org.br\/?p=76600"},"modified":"2022-04-18T15:59:33","modified_gmt":"2022-04-18T18:59:33","slug":"ciro-e-o-futuro-diferente-do-presente-e-do-passado-recente-afirma-carlos-lupi","status":"publish","type":"post","link":"https:\/\/pdt-rj.org.br\/index.php\/ciro-e-o-futuro-diferente-do-presente-e-do-passado-recente-afirma-carlos-lupi\/","title":{"rendered":"\u201cCiro \u00e9 o futuro, diferente do presente e do passado recente\u201d, afirma Carlos Lupi"},"content":{"rendered":"<p class=\"yiv2045212366p1\"><em><strong><span class=\"yiv2045212366s1\">Presidente nacional do PDT analisou a conjuntura ap\u00f3s a decis\u00e3o do ministro do STF Edson Fachin<\/span><\/strong><\/em><\/p>\n<p class=\"yiv2045212366p1\"><span class=\"yiv2045212366s1\">\u201cCiro \u00e9 o futuro, diferente do presente e do passado recente\u201d, projetou o presidente nacional do partido, Carlos Lupi, ao valorizar pelas redes sociais, nesta segunda-feira (8), a pr\u00e9-candidatura do ex-governador do Cear\u00e1, Ciro Gomes, \u00e0 presid\u00eancia da Rep\u00fablica em 2022.<\/span><\/p>\n<p class=\"yiv2045212366p1\"><span class=\"yiv2045212366s1\">O posicionamento sobre as pr\u00f3ximas elei\u00e7\u00f5es foi contextualizado em fun\u00e7\u00e3o da repercuss\u00e3o da decis\u00e3o proferida, momentos antes, pelo ministro do Superior Tribunal Federal \u00c9dson Fachin. O magistrado anulou, por liminar monocr\u00e1tica, todas as condena\u00e7\u00f5es do ex-presidente Lula proferidas pela Justi\u00e7a Federal no Paran\u00e1, no \u00e2mbito da Opera\u00e7\u00e3o Lava Jato.\u00a0\u00a0<\/span><\/p>\n<p class=\"yiv2045212366p1\"><span class=\"yiv2045212366s1\">\u201cPenso ser leg\u00edtima a candidatura do Lula, e ele representar\u00e1 o passado do que fez. N\u00f3s, com o nosso Ciro Gomes, queremos representar o futuro de um projeto nacional-desenvolvimentista, que dispute o mercado mundial com tecnologia da inova\u00e7\u00e3o e respeitando a autonomia de cada na\u00e7\u00e3o, na linha hist\u00f3rica do Trabalhismo\u201d, avaliou.<\/span><\/p>\n<p class=\"yiv2045212366p1\"><span class=\"yiv2045212366s1\">No moment\u00e2neo panorama, Lupi entende que a decis\u00e3o de Fachin \u201crestabelece a ordem jur\u00eddica como deve ser\u201d.<\/span><\/p>\n<p class=\"yiv2045212366p1\"><span class=\"yiv2045212366s1\">\u201cJuiz n\u00e3o pode combinar com a acusa\u00e7\u00e3o procedimentos e andamentos de processos. Quando isto ocorre, os processos est\u00e3o nulos e os envolvidos nesta fraude processual podem at\u00e9 ser presos\u201d, concluiu.\u00a0<\/span><\/p>\n<!-- AddThis Advanced Settings generic via filter on the_content --><!-- AddThis Share Buttons generic via filter on the_content -->","protected":false},"excerpt":{"rendered":"<p>Presidente nacional do PDT analisou a conjuntura ap\u00f3s a decis\u00e3o do ministro do STF Edson Fachin \u201cCiro \u00e9 o futuro, diferente do presente e do passado recente\u201d, projetou o presidente nacional do partido, Carlos Lupi, ao valorizar pelas redes sociais, nesta segunda-feira (8), a pr\u00e9-candidatura do ex-governador do Cear\u00e1, Ciro Gomes, \u00e0 presid\u00eancia da Rep\u00fablica&#8230;<!-- AddThis Advanced Settings generic via filter on wp_trim_excerpt --><!-- AddThis Share Buttons generic via filter on wp_trim_excerpt --><\/p>\n","protected":false},"author":17,"featured_media":76601,"comment_status":"closed","ping_status":"closed","sticky":false,"template":"","format":"standard","meta":{"_monsterinsights_skip_tracking":false,"_monsterinsights_sitenote_active":false,"_monsterinsights_sitenote_note":"","_monsterinsights_sitenote_category":0,"_uf_show_specific_survey":0,"_uf_disable_surveys":false,"footnotes":""},"categories":[1390,5417,1401],"tags":[196,220,46],"class_list":["post-76600","post","type-post","status-publish","format-standard","has-post-thumbnail","hentry","category-editorias","category-carlos-lupi","category-nacional","tag-carlos-lupi","tag-ciro-gomes","tag-trabalhismo"],"acf":[],"_links":{"self":[{"href":"https:\/\/pdt-rj.org.br\/index.php\/wp-json\/wp\/v2\/posts\/76600","targetHints":{"allow":["GET"]}}],"collection":[{"href":"https:\/\/pdt-rj.org.br\/index.php\/wp-json\/wp\/v2\/posts"}],"about":[{"href":"https:\/\/pdt-rj.org.br\/index.php\/wp-json\/wp\/v2\/types\/post"}],"author":[{"embeddable":true,"href":"https:\/\/pdt-rj.org.br\/index.php\/wp-json\/wp\/v2\/users\/17"}],"replies":[{"embeddable":true,"href":"https:\/\/pdt-rj.org.br\/index.php\/wp-json\/wp\/v2\/comments?post=76600"}],"version-history":[{"count":5,"href":"https:\/\/pdt-rj.org.br\/index.php\/wp-json\/wp\/v2\/posts\/76600\/revisions"}],"predecessor-version":[{"id":76631,"href":"https:\/\/pdt-rj.org.br\/index.php\/wp-json\/wp\/v2\/posts\/76600\/revisions\/76631"}],"wp:featuredmedia":[{"embeddable":true,"href":"https:\/\/pdt-rj.org.br\/index.php\/wp-json\/wp\/v2\/media\/76601"}],"wp:attachment":[{"href":"https:\/\/pdt-rj.org.br\/index.php\/wp-json\/wp\/v2\/media?parent=76600"}],"wp:term":[{"taxonomy":"category","embeddable":true,"href":"https:\/\/pdt-rj.org.br\/index.php\/wp-json\/wp\/v2\/categories?post=76600"},{"taxonomy":"post_tag","embeddable":true,"href":"https:\/\/pdt-rj.org.br\/index.php\/wp-json\/wp\/v2\/tags?post=76600"}],"curies":[{"name":"wp","href":"https:\/\/api.w.org\/{rel}","templated":true}]}}