{"id":76591,"date":"2021-03-08T17:54:15","date_gmt":"2021-03-08T20:54:15","guid":{"rendered":"http:\/\/pdt-rj.org.br\/?p=76591"},"modified":"2021-03-08T17:54:25","modified_gmt":"2021-03-08T20:54:25","slug":"razao-da-nossa-existencia-homenageia-carlos-lupi-no-dia-internacional-da-mulher","status":"publish","type":"post","link":"https:\/\/pdt-rj.org.br\/index.php\/razao-da-nossa-existencia-homenageia-carlos-lupi-no-dia-internacional-da-mulher\/","title":{"rendered":"\u201cRaz\u00e3o da nossa exist\u00eancia\u201d, homenageia Carlos Lupi no Dia Internacional da Mulher"},"content":{"rendered":"<p class=\"yiv2295564395MsoNormal\"><em><b>Pelas redes sociais, o presidente nacional do PDT enalteceu exemplos que marcaram sua trajet\u00f3ria<\/b><\/em><\/p>\n<p class=\"yiv2295564395MsoNormal\">O presidente nacional do PDT, Carlos Lupi, enalteceu a representatividade feminina ao celebrar o Dia Internacional da Mulher, nesta segunda-feira (8). \u201cObrigado por voc\u00eas existirem. Voc\u00eas s\u00e3o a raz\u00e3o da nossa exist\u00eancia\u201d, destacou, em mensagem publicada nas suas redes sociais.<\/p>\n<p class=\"yiv2295564395MsoNormal\">Em uma retrospectiva ao longo do v\u00eddeo, homenageou sua m\u00e3e, Carmelita Lopes Cavalcante Lupi, na men\u00e7\u00e3o do simbolismo e do reconhecimento que as brasileiras agregam na sociedade.<\/p>\n<p class=\"yiv2295564395MsoNormal\">\u201cEu via a luta que minha m\u00e3e teve. Luta, trabalho e uma sobrevida muito dif\u00edcil\u201d, explicou, ao ratificar a contribui\u00e7\u00e3o para sua forma\u00e7\u00e3o e o orgulho na promo\u00e7\u00e3o da \u201cconsci\u00eancia de civilidade, solidariedade e, principalmente, do amor ao semelhante\u201d.<\/p>\n<p class=\"yiv2295564395MsoNormal\">Nesse contexto, Lupi avalia tamb\u00e9m cen\u00e1rios degradantes proliferados no Brasil, que demandam esfor\u00e7os cont\u00ednuos para consolidar o combate a todo tipo de viol\u00eancia. Como exemplo de enfrentamento, a A\u00e7\u00e3o da Mulher Trabalhista (AMT), movimento nacional do partido.<\/p>\n<p class=\"yiv2295564395MsoNormal\">\u201cMe lembro das mulheres discriminadas, agredidas e que lutam para sobreviver na sociedade machista\u201d, relata, diante da evidente necessidade de maior presen\u00e7a do Estado e da promo\u00e7\u00e3o de pol\u00edticas p\u00fablicas abrangentes e integradoras.<\/p>\n<p class=\"yiv2295564395MsoNormal\">Confira o v\u00eddeo completo:<\/p>\n<div><a href=\"https:\/\/fb.watch\/468BI8k-sY\/\" target=\"_blank\" rel=\"nofollow noopener noreferrer\">https:\/\/fb.watch\/468BI8k-sY\/<\/a><\/div>\n<div><\/div>\n<!-- AddThis Advanced Settings generic via filter on the_content --><!-- AddThis Share Buttons generic via filter on the_content -->","protected":false},"excerpt":{"rendered":"<p>Pelas redes sociais, o presidente nacional do PDT enalteceu exemplos que marcaram sua trajet\u00f3ria O presidente nacional do PDT, Carlos Lupi, enalteceu a representatividade feminina ao celebrar o Dia Internacional da Mulher, nesta segunda-feira (8). \u201cObrigado por voc\u00eas existirem. Voc\u00eas s\u00e3o a raz\u00e3o da nossa exist\u00eancia\u201d, destacou, em mensagem publicada nas suas redes sociais. Em&#8230;<!-- AddThis Advanced Settings generic via filter on wp_trim_excerpt --><!-- AddThis Share Buttons generic via filter on wp_trim_excerpt --><\/p>\n","protected":false},"author":17,"featured_media":76592,"comment_status":"closed","ping_status":"closed","sticky":false,"template":"","format":"standard","meta":{"_monsterinsights_skip_tracking":false,"_monsterinsights_sitenote_active":false,"_monsterinsights_sitenote_note":"","_monsterinsights_sitenote_category":0,"_uf_show_specific_survey":0,"_uf_disable_surveys":false,"footnotes":""},"categories":[976],"tags":[],"class_list":["post-76591","post","type-post","status-publish","format-standard","has-post-thumbnail","hentry","category-noticias-em-destaque"],"acf":[],"_links":{"self":[{"href":"https:\/\/pdt-rj.org.br\/index.php\/wp-json\/wp\/v2\/posts\/76591","targetHints":{"allow":["GET"]}}],"collection":[{"href":"https:\/\/pdt-rj.org.br\/index.php\/wp-json\/wp\/v2\/posts"}],"about":[{"href":"https:\/\/pdt-rj.org.br\/index.php\/wp-json\/wp\/v2\/types\/post"}],"author":[{"embeddable":true,"href":"https:\/\/pdt-rj.org.br\/index.php\/wp-json\/wp\/v2\/users\/17"}],"replies":[{"embeddable":true,"href":"https:\/\/pdt-rj.org.br\/index.php\/wp-json\/wp\/v2\/comments?post=76591"}],"version-history":[{"count":1,"href":"https:\/\/pdt-rj.org.br\/index.php\/wp-json\/wp\/v2\/posts\/76591\/revisions"}],"predecessor-version":[{"id":76593,"href":"https:\/\/pdt-rj.org.br\/index.php\/wp-json\/wp\/v2\/posts\/76591\/revisions\/76593"}],"wp:featuredmedia":[{"embeddable":true,"href":"https:\/\/pdt-rj.org.br\/index.php\/wp-json\/wp\/v2\/media\/76592"}],"wp:attachment":[{"href":"https:\/\/pdt-rj.org.br\/index.php\/wp-json\/wp\/v2\/media?parent=76591"}],"wp:term":[{"taxonomy":"category","embeddable":true,"href":"https:\/\/pdt-rj.org.br\/index.php\/wp-json\/wp\/v2\/categories?post=76591"},{"taxonomy":"post_tag","embeddable":true,"href":"https:\/\/pdt-rj.org.br\/index.php\/wp-json\/wp\/v2\/tags?post=76591"}],"curies":[{"name":"wp","href":"https:\/\/api.w.org\/{rel}","templated":true}]}}