{"id":76587,"date":"2021-03-08T17:34:22","date_gmt":"2021-03-08T20:34:22","guid":{"rendered":"http:\/\/pdt-rj.org.br\/?p=76587"},"modified":"2021-03-09T21:03:50","modified_gmt":"2021-03-10T00:03:50","slug":"ciro-defende-participacao-feminina-no-poder-e-no-combate-a-bolsonaro","status":"publish","type":"post","link":"https:\/\/pdt-rj.org.br\/index.php\/ciro-defende-participacao-feminina-no-poder-e-no-combate-a-bolsonaro\/","title":{"rendered":"Ciro defende participa\u00e7\u00e3o feminina no poder e no combate a Bolsonaro"},"content":{"rendered":"<div class=\"jb_0 X_6MGW N_6Fd5\">\n<div id=\"yiv9881577578\">\n<p><em><strong>Para o UOL, o pr\u00e9-candidato do PDT ao Planalto condenou a\u00e7\u00f5es do governo federal e reafirmou sua luta<\/strong><\/em><\/p>\n<p>\u201cA melhor homenagem que se pode fazer \u00e0s mulheres \u00e9 repartir, com elas, o poder\u201d, afirmou o pr\u00e9-candidato do PDT ao Pal\u00e1cio do Planalto, Ciro Gomes, ao mencionar, no Dia Internacional da Mulher (8), a fundamental participa\u00e7\u00e3o das brasileiras na condu\u00e7\u00e3o da na\u00e7\u00e3o e no combate ao presidente da Rep\u00fablica, Jair Bolsonaro. As manifesta\u00e7\u00f5es ocorreram em entrevista ao vivo para o jornalista Kennedy Alencar, do portal UOL.<\/p>\n<p>\u201cHomenagem a todas as mulheres do mundo, especialmente as brasileiras e aquelas que est\u00e3o na linha de frente \u2014 cansadas, angustiadas \u2014 no enfrentamento do colapso da sa\u00fade p\u00fablica no Brasil\u201d, comentou, na an\u00e1lise da crise do Covid-19 e na rea\u00e7\u00e3o ao negacionismo bolsonarista.<\/p>\n<p>Sobre a pandemia, Ciro aborda ainda solu\u00e7\u00f5es vi\u00e1veis para o caos propagado na Uni\u00e3o e irradiado por todo o pa\u00eds. Segundo o ex-governador do Cear\u00e1, o aparelhamento estatal \u00e9 a representa\u00e7\u00e3o de uma gest\u00e3o que precisa ser interrompida pelo impeachment.<\/p>\n<p>\u201cN\u00f3s, que temos uma certa forma\u00e7\u00e3o humanista, que temos um certo respeito aos ritos e \u00e0s institui\u00e7\u00f5es e valores da democracia, estamos indignados e enojados. Eu n\u00e3o aguento mais. Eu transformo a minha tristeza imensa em ferramenta de luta\u201d, garante, conclamando a \u201ccomunidade internacional\u201d e indicando a representa\u00e7\u00e3o do partido na Corte de Haia.<\/p>\n<p>\u201cInsistir pelo caminho da institucionalidade brasileira, mas com essa percep\u00e7\u00e3o dura, sofrida e constrangedora de que o Bolsonaro conseguiu subornar, cooptar ou controlar boa parte da institucionalidade\u201d, completou, ao mencionar a compra da mans\u00e3o, em Bras\u00edlia, pelo senador Fl\u00e1vio Bolsonaro.<\/p>\n<p>Ao citar a atua\u00e7\u00e3o do Minist\u00e9rio P\u00fablico Federal (MPF), a partir do procurador-geral, Augusto Aras, o pedetista alertou para o impacto da omiss\u00e3o na gera\u00e7\u00e3o de preju\u00edzos sistem\u00e1ticos \u00e0 na\u00e7\u00e3o. Resultados oriundos, principalmente, da pasta da Sa\u00fade.<\/p>\n<p>\u201cEle (Aras) tem, todo dia, decepcionado aqueles que, como eu, acreditavam que tinha mais compromisso com o direito, com a justi\u00e7a, do que com a bo\u00e7alidade genocida do Bolsonaro e dos picaretas que o cercam no Pal\u00e1cio. Inclusive, alguns deles ainda ostentando ilegalmente a patente de general, como o ministro da Sa\u00fade\u201d, opinou.<\/p>\n<p>\u201cS\u00f3 uma Rep\u00fablica de bananas, na qual eles (Bolsonaro e aliados) est\u00e3o transformando a grande na\u00e7\u00e3o brasileira, justifica um picareta, como esse Pazuello, ser da ativa, ocupando um minist\u00e9rio e pondo a sociedade brasileira nesse n\u00edvel de exposi\u00e7\u00e3o \u00e0 morte e \u00e0s irresponsabilidades\u201d, detalhou.<\/p>\n<p>Veja a entrevista completa:<\/p>\n<p><iframe loading=\"lazy\" title=\"Ciro Gomes fala sobre governo Bolsonaro, pandemia e elei\u00e7\u00f5es em 2022\" width=\"640\" height=\"360\" src=\"https:\/\/www.youtube.com\/embed\/lqevir7x2_E?feature=oembed\" frameborder=\"0\" allow=\"accelerometer; autoplay; clipboard-write; encrypted-media; gyroscope; picture-in-picture; web-share\" referrerpolicy=\"strict-origin-when-cross-origin\" allowfullscreen><\/iframe><\/p>\n<\/div>\n<\/div>\n<!-- AddThis Advanced Settings generic via filter on the_content --><!-- AddThis Share Buttons generic via filter on the_content -->","protected":false},"excerpt":{"rendered":"<p>Para o UOL, o pr\u00e9-candidato do PDT ao Planalto condenou a\u00e7\u00f5es do governo federal e reafirmou sua luta \u201cA melhor homenagem que se pode fazer \u00e0s mulheres \u00e9 repartir, com elas, o poder\u201d, afirmou o pr\u00e9-candidato do PDT ao Pal\u00e1cio do Planalto, Ciro Gomes, ao mencionar, no Dia Internacional da Mulher (8), a fundamental participa\u00e7\u00e3o&#8230;<!-- AddThis Advanced Settings generic via filter on wp_trim_excerpt --><!-- AddThis Share Buttons generic via filter on wp_trim_excerpt --><\/p>\n","protected":false},"author":17,"featured_media":76588,"comment_status":"closed","ping_status":"closed","sticky":false,"template":"","format":"standard","meta":{"_monsterinsights_skip_tracking":false,"_monsterinsights_sitenote_active":false,"_monsterinsights_sitenote_note":"","_monsterinsights_sitenote_category":0,"_uf_show_specific_survey":0,"_uf_disable_surveys":false,"footnotes":""},"categories":[1390],"tags":[220,4532,4533,2040,626],"class_list":["post-76587","post","type-post","status-publish","format-standard","has-post-thumbnail","hentry","category-editorias","tag-ciro-gomes","tag-colapso-da-saude-publica-no-brasil","tag-corte-de-haia","tag-dia-internacional-da-mulher","tag-ministerio-publico-federal"],"acf":[],"_links":{"self":[{"href":"https:\/\/pdt-rj.org.br\/index.php\/wp-json\/wp\/v2\/posts\/76587","targetHints":{"allow":["GET"]}}],"collection":[{"href":"https:\/\/pdt-rj.org.br\/index.php\/wp-json\/wp\/v2\/posts"}],"about":[{"href":"https:\/\/pdt-rj.org.br\/index.php\/wp-json\/wp\/v2\/types\/post"}],"author":[{"embeddable":true,"href":"https:\/\/pdt-rj.org.br\/index.php\/wp-json\/wp\/v2\/users\/17"}],"replies":[{"embeddable":true,"href":"https:\/\/pdt-rj.org.br\/index.php\/wp-json\/wp\/v2\/comments?post=76587"}],"version-history":[{"count":8,"href":"https:\/\/pdt-rj.org.br\/index.php\/wp-json\/wp\/v2\/posts\/76587\/revisions"}],"predecessor-version":[{"id":76599,"href":"https:\/\/pdt-rj.org.br\/index.php\/wp-json\/wp\/v2\/posts\/76587\/revisions\/76599"}],"wp:featuredmedia":[{"embeddable":true,"href":"https:\/\/pdt-rj.org.br\/index.php\/wp-json\/wp\/v2\/media\/76588"}],"wp:attachment":[{"href":"https:\/\/pdt-rj.org.br\/index.php\/wp-json\/wp\/v2\/media?parent=76587"}],"wp:term":[{"taxonomy":"category","embeddable":true,"href":"https:\/\/pdt-rj.org.br\/index.php\/wp-json\/wp\/v2\/categories?post=76587"},{"taxonomy":"post_tag","embeddable":true,"href":"https:\/\/pdt-rj.org.br\/index.php\/wp-json\/wp\/v2\/tags?post=76587"}],"curies":[{"name":"wp","href":"https:\/\/api.w.org\/{rel}","templated":true}]}}