{"id":76571,"date":"2021-03-06T17:58:35","date_gmt":"2021-03-06T20:58:35","guid":{"rendered":"http:\/\/pdt-rj.org.br\/?p=76571"},"modified":"2021-03-08T20:00:21","modified_gmt":"2021-03-08T23:00:21","slug":"cafe-com-lupi-ilustra-luta-cotidiana-pedetista","status":"publish","type":"post","link":"https:\/\/pdt-rj.org.br\/index.php\/cafe-com-lupi-ilustra-luta-cotidiana-pedetista\/","title":{"rendered":"Caf\u00e9 com Lupi ilustra luta cotidiana pedetista"},"content":{"rendered":"<h3><em>Weverton Rocha e Jos\u00e9 Bonif\u00e1cio contam suas experi\u00eancias de mandato alinhadas \u00e0 pol\u00edtica do partido<\/em><\/h3>\n<p>&nbsp;<\/p>\n<p>O Caf\u00e9 com Lupi deste s\u00e1bado apresentou um quadro do que \u00e9 e pelo que luta o PDT. A tintura vem da experi\u00eancia dos convidados, o prefeito de Cabo Frio, Jos\u00e9 Bonif\u00e1cio, e o senador Weverton Rocha, do Maranh\u00e3o, al\u00e9m do presidente nacional do partido e ex-ministro do Trabalho, Carlos Lupi. Desafios de gest\u00e3o e mandato foram permeados pela pr\u00f3pria constru\u00e7\u00e3o partid\u00e1ria e pelo emprego das bandeiras pedetistas nas pol\u00edticas p\u00fablicas.<\/p>\n<p>A gest\u00e3o de Jos\u00e9 Bonif\u00e1cio diz muito sobre o prop\u00f3sito do PDT \u00e0 frente do Executivo. Para come\u00e7ar, o prefeito de Cabo Frio garantiu ampla representatividade nos espa\u00e7os de poder durante o seu mandato. \u201cN\u00f3s formamos uma equipe aqui de primeiro escal\u00e3o, s\u00e3o 20 secret\u00e1rios municipais, metade \u00e9 de mulheres e 30% de negros\u201d, afirmou.<\/p>\n<p>A fim de garantir um ensino p\u00fablico de qualidade, Jos\u00e9 Bonif\u00e1cio vai municipalizar o Centro Integrado de Ensino P\u00fablico (Cieps), hoje subutilizado no munic\u00edpio \u2013 das mil vagas poss\u00edveis, apenas 54 est\u00e3o ativas. O prefeito pedetista tamb\u00e9m lan\u00e7a esfor\u00e7os nas \u00e1reas de Sa\u00fade e de capita\u00e7\u00e3o de investimentos empresariais para a cidade.<\/p>\n<p>Weverton Rocha levou ao debate sua trajet\u00f3ria pol\u00edtica e suas d\u00e9cadas de luta pelo trabalhador e pelo povo maranhense. Nas trincheiras do PDT desde muito jovem, foi da Juventude Socialista ao Senado como o senador mais votado da hist\u00f3ria do Maranh\u00e3o, passando pela C\u00e2mara dos Deputados por dois mandatos.<\/p>\n<p>\u201c\u00c9 o \u00fanico partido da minha vida. Nossas vota\u00e7\u00f5es, pode puxar, sempre tiveram uma coer\u00eancia, nossas posi\u00e7\u00f5es sempre tiveram uma coer\u00eancia, ou seja, n\u00e3o s\u00e3o posi\u00e7\u00f5es de governo \u2013 \u2018ah! De acordo com o governo muda o discurso\u2019, n\u00e3o. Nossa posi\u00e7\u00e3o \u00e9 de acordo com o nosso partido, com o nosso programa, com o nosso estatuto, com a nossa hist\u00f3ria\u201d, afirmou Weverton.<\/p>\n<p>O senador conhecido em Bras\u00edlia como embaixador dos len\u00e7\u00f3is e das terras maranhenses, tamb\u00e9m falou sobre uma das a\u00e7\u00f5es que mais marcaram seu atual mandato, a implanta\u00e7\u00e3o do Hospital de Amor, unidade de sa\u00fade espec\u00edfica para a preven\u00e7\u00e3o e tratamento do c\u00e2ncer, em Imperatriz (MA).<\/p>\n<p>\u201cEsse hospital vai ter duas carretas que v\u00e3o rodar os munic\u00edpios da regi\u00e3o, realizando exames de colo do \u00fatero e de mama para a preven\u00e7\u00e3o das mulheres que est\u00e3o, infelizmente, morrendo muitas vezes at\u00e9 sem saber que est\u00e3o com c\u00e2ncer, ou seja, sem serem diagnosticadas\u201d, explicou o senador.<\/p>\n<p>Lupi ainda provocou Weverton perguntado o que ele faria caso eleito governador do Maranh\u00e3o. \u00c1gil, o senador n\u00e3o demorou em apontar as potencialidades a serem exploradas no estado como o agroneg\u00f3cio em conson\u00e2ncia com a agricultura familiar e a promo\u00e7\u00e3o da ind\u00fastria local.<\/p>\n<p>Entre uma fala e outra, o bate-papo abordava a constru\u00e7\u00e3o partid\u00e1ria. A forma\u00e7\u00e3o de lideran\u00e7as, o amplo espa\u00e7o para o debate e o trabalho constante de militantes e dirigentes foram elencados como base para a eleva\u00e7\u00e3o do PDT. Momentos cr\u00edticos como o falecimento de Brizola sugiram como ponto de supera\u00e7\u00e3o e solidifica\u00e7\u00e3o da legenda.<\/p>\n<p>Confira abaixo o Caf\u00e9 com Lupi deste s\u00e1bado.<\/p>\n<p><iframe loading=\"lazy\" src=\"\/\/www.youtube.com\/embed\/2zN7E_8jUT0\" width=\"956\" height=\"538\" frameborder=\"0\" allowfullscreen=\"allowfullscreen\"><\/iframe><\/p>\n<!-- AddThis Advanced Settings generic via filter on the_content --><!-- AddThis Share Buttons generic via filter on the_content -->","protected":false},"excerpt":{"rendered":"<p>Weverton Rocha e Jos\u00e9 Bonif\u00e1cio contam suas experi\u00eancias de mandato alinhadas \u00e0 pol\u00edtica do partido &nbsp; O Caf\u00e9 com Lupi deste s\u00e1bado apresentou um quadro do que \u00e9 e pelo que luta o PDT. A tintura vem da experi\u00eancia dos convidados, o prefeito de Cabo Frio, Jos\u00e9 Bonif\u00e1cio, e o senador Weverton Rocha, do Maranh\u00e3o,&#8230;<!-- AddThis Advanced Settings generic via filter on wp_trim_excerpt --><!-- AddThis Share Buttons generic via filter on wp_trim_excerpt --><\/p>\n","protected":false},"author":17,"featured_media":76572,"comment_status":"closed","ping_status":"closed","sticky":false,"template":"","format":"standard","meta":{"_monsterinsights_skip_tracking":false,"_monsterinsights_sitenote_active":false,"_monsterinsights_sitenote_note":"","_monsterinsights_sitenote_category":0,"_uf_show_specific_survey":0,"_uf_disable_surveys":false,"footnotes":""},"categories":[1390,1401],"tags":[196,3068,38,4270,870,962],"class_list":["post-76571","post","type-post","status-publish","format-standard","has-post-thumbnail","hentry","category-editorias","category-nacional","tag-carlos-lupi","tag-jose-bonifacio","tag-pdt","tag-prefeitura-de-cabo-frio-rj","tag-senado-federal","tag-weverton-rocha"],"acf":[],"_links":{"self":[{"href":"https:\/\/pdt-rj.org.br\/index.php\/wp-json\/wp\/v2\/posts\/76571","targetHints":{"allow":["GET"]}}],"collection":[{"href":"https:\/\/pdt-rj.org.br\/index.php\/wp-json\/wp\/v2\/posts"}],"about":[{"href":"https:\/\/pdt-rj.org.br\/index.php\/wp-json\/wp\/v2\/types\/post"}],"author":[{"embeddable":true,"href":"https:\/\/pdt-rj.org.br\/index.php\/wp-json\/wp\/v2\/users\/17"}],"replies":[{"embeddable":true,"href":"https:\/\/pdt-rj.org.br\/index.php\/wp-json\/wp\/v2\/comments?post=76571"}],"version-history":[{"count":2,"href":"https:\/\/pdt-rj.org.br\/index.php\/wp-json\/wp\/v2\/posts\/76571\/revisions"}],"predecessor-version":[{"id":76574,"href":"https:\/\/pdt-rj.org.br\/index.php\/wp-json\/wp\/v2\/posts\/76571\/revisions\/76574"}],"wp:featuredmedia":[{"embeddable":true,"href":"https:\/\/pdt-rj.org.br\/index.php\/wp-json\/wp\/v2\/media\/76572"}],"wp:attachment":[{"href":"https:\/\/pdt-rj.org.br\/index.php\/wp-json\/wp\/v2\/media?parent=76571"}],"wp:term":[{"taxonomy":"category","embeddable":true,"href":"https:\/\/pdt-rj.org.br\/index.php\/wp-json\/wp\/v2\/categories?post=76571"},{"taxonomy":"post_tag","embeddable":true,"href":"https:\/\/pdt-rj.org.br\/index.php\/wp-json\/wp\/v2\/tags?post=76571"}],"curies":[{"name":"wp","href":"https:\/\/api.w.org\/{rel}","templated":true}]}}