{"id":76559,"date":"2021-03-05T16:30:47","date_gmt":"2021-03-05T19:30:47","guid":{"rendered":"http:\/\/pdt-rj.org.br\/?p=76559"},"modified":"2021-03-05T17:06:00","modified_gmt":"2021-03-05T20:06:00","slug":"sob-lideranca-de-axel-grael-niteroi-rj-sedia-encontro-de-gestores-publicos-de-turismo-do-estado","status":"publish","type":"post","link":"https:\/\/pdt-rj.org.br\/index.php\/sob-lideranca-de-axel-grael-niteroi-rj-sedia-encontro-de-gestores-publicos-de-turismo-do-estado\/","title":{"rendered":"Sob lideran\u00e7a de Axel Grael, Niter\u00f3i (RJ) sedia encontro de gestores p\u00fablicos de turismo do estado"},"content":{"rendered":"<p>O prefeito de Niter\u00f3i (RJ), Axel Grael (PDT), liderou, nessa segunda-feira (01), o 1\u00ba encontro dos Gestores P\u00fablicos de Turismo Fluminense para debaterem sobre o futuro do turismo em Niter\u00f3i e em todo o Rio de Janeiro. Na ocasi\u00e3o, estiveram presentes representantes da \u00e1rea no estado.<\/p>\n<p>Uma das estrat\u00e9gias de a\u00e7\u00f5es debatidas no evento foi o investimento em turismo de proximidade, com a\u00e7\u00f5es de divulga\u00e7\u00e3o para regi\u00f5es como S\u00e3o Paulo e Minas Gerais.<\/p>\n<p>Axel Grael destacou a import\u00e2ncia de alavancar o turismo, pois \u00e9 um dos principais potenciais do estado do Rio e uma das chaves da retomada econ\u00f4mica, com gera\u00e7\u00e3o de emprego e renda para os cidad\u00e3os fluminenses.<\/p>\n<p>\u201cEstamos vivendo um dos momentos mais dif\u00edceis dessa gera\u00e7\u00e3o. Mas \u00e9 preciso saber que dessa crise vem a oportunidade de tirar do papel uma a\u00e7\u00e3o integrada entre os munic\u00edpios fluminenses. Niter\u00f3i aposta no turismo como uma das principais atividades para a retomada p\u00f3s-Covid. Estamos buscando recuperar espa\u00e7os hist\u00f3ricos, como a Ilha da Boa Viagem, investindo no turismo ecol\u00f3gico, fechamos parceria com a Unesco para fortalecer o Patrim\u00f4nio Cultural e Natural do munic\u00edpio. A UFF realiza eventos acad\u00eamicos que movimentam o setor na cidade. Precisamos unir for\u00e7as para tra\u00e7ar a\u00e7\u00f5es integradas\u201d, afirmou o gestor.<\/p>\n<p>Ao longo do dia, os gestores participaram de palestras sobre temas como estrat\u00e9gias para capta\u00e7\u00e3o de recursos por emendas parlamentares federais e apresenta\u00e7\u00e3o do Programa de Capacita\u00e7\u00e3o para a Excel\u00eancia do Turismo Fluminense pela Escola de Contas do TCE.<\/p>\n<p>O I Encontro dos Gestores P\u00fablicos de Turismo Fluminense \u00e9 uma iniciativa da Secretaria Estadual de Turismo, Turisrio, em parceria com a Prefeitura de Niter\u00f3i e a Niter\u00f3i Empresa de Turismo e Lazer (Neltur).<\/p>\n<!-- AddThis Advanced Settings generic via filter on the_content --><!-- AddThis Share Buttons generic via filter on the_content -->","protected":false},"excerpt":{"rendered":"<p>O prefeito de Niter\u00f3i (RJ), Axel Grael (PDT), liderou, nessa segunda-feira (01), o 1\u00ba encontro dos Gestores P\u00fablicos de Turismo Fluminense para debaterem sobre o futuro do turismo em Niter\u00f3i e em todo o Rio de Janeiro. Na ocasi\u00e3o, estiveram presentes representantes da \u00e1rea no estado. Uma das estrat\u00e9gias de a\u00e7\u00f5es debatidas no evento foi&#8230;<!-- AddThis Advanced Settings generic via filter on wp_trim_excerpt --><!-- AddThis Share Buttons generic via filter on wp_trim_excerpt --><\/p>\n","protected":false},"author":17,"featured_media":76563,"comment_status":"closed","ping_status":"closed","sticky":false,"template":"","format":"standard","meta":{"_monsterinsights_skip_tracking":false,"_monsterinsights_sitenote_active":false,"_monsterinsights_sitenote_note":"","_monsterinsights_sitenote_category":0,"_uf_show_specific_survey":0,"_uf_disable_surveys":false,"footnotes":""},"categories":[1390,1402],"tags":[4525,4025,4527,436,2463,4528,4526],"class_list":["post-76559","post","type-post","status-publish","format-standard","has-post-thumbnail","hentry","category-editorias","category-cidades","tag-1o-encontro-de-gestores-de-turismo-no-rio","tag-axel-grael","tag-cidadaos-fluminenses","tag-geracao-de-emprego","tag-niteroi-rj","tag-programa-de-capacitacao-para-a-excelencia-do-turismo-fluminense","tag-retomada-economica"],"acf":[],"_links":{"self":[{"href":"https:\/\/pdt-rj.org.br\/index.php\/wp-json\/wp\/v2\/posts\/76559","targetHints":{"allow":["GET"]}}],"collection":[{"href":"https:\/\/pdt-rj.org.br\/index.php\/wp-json\/wp\/v2\/posts"}],"about":[{"href":"https:\/\/pdt-rj.org.br\/index.php\/wp-json\/wp\/v2\/types\/post"}],"author":[{"embeddable":true,"href":"https:\/\/pdt-rj.org.br\/index.php\/wp-json\/wp\/v2\/users\/17"}],"replies":[{"embeddable":true,"href":"https:\/\/pdt-rj.org.br\/index.php\/wp-json\/wp\/v2\/comments?post=76559"}],"version-history":[{"count":3,"href":"https:\/\/pdt-rj.org.br\/index.php\/wp-json\/wp\/v2\/posts\/76559\/revisions"}],"predecessor-version":[{"id":76564,"href":"https:\/\/pdt-rj.org.br\/index.php\/wp-json\/wp\/v2\/posts\/76559\/revisions\/76564"}],"wp:featuredmedia":[{"embeddable":true,"href":"https:\/\/pdt-rj.org.br\/index.php\/wp-json\/wp\/v2\/media\/76563"}],"wp:attachment":[{"href":"https:\/\/pdt-rj.org.br\/index.php\/wp-json\/wp\/v2\/media?parent=76559"}],"wp:term":[{"taxonomy":"category","embeddable":true,"href":"https:\/\/pdt-rj.org.br\/index.php\/wp-json\/wp\/v2\/categories?post=76559"},{"taxonomy":"post_tag","embeddable":true,"href":"https:\/\/pdt-rj.org.br\/index.php\/wp-json\/wp\/v2\/tags?post=76559"}],"curies":[{"name":"wp","href":"https:\/\/api.w.org\/{rel}","templated":true}]}}