{"id":76553,"date":"2021-03-08T00:41:37","date_gmt":"2021-03-08T03:41:37","guid":{"rendered":"http:\/\/pdt-rj.org.br\/?p=76553"},"modified":"2021-03-05T15:43:07","modified_gmt":"2021-03-05T18:43:07","slug":"ligia-doutel-de-andrade-representacao-da-significancia-da-mulher-no-pais","status":"publish","type":"post","link":"https:\/\/pdt-rj.org.br\/index.php\/ligia-doutel-de-andrade-representacao-da-significancia-da-mulher-no-pais\/","title":{"rendered":"L\u00edgia Doutel de Andrade: representa\u00e7\u00e3o da signific\u00e2ncia da mulher no Pa\u00eds\u00a0"},"content":{"rendered":"<div class=\"msg-body P_wpofO mq_AS\" data-test-id=\"message-view-body-content\">\n<div class=\"jb_0 X_6MGW N_6Fd5\">\n<div id=\"yiv2734945786\">\n<div dir=\"ltr\">\n<p class=\"yiv2734945786gmail-MsoNoSpacing\"><em><b>30Como parlamentar, foi cassada por enfrentar a ditadura militar e defender o povo e a democracia<\/b><\/em><\/p>\n<p class=\"yiv2734945786gmail-MsoNoSpacing\">\u201cA participa\u00e7\u00e3o ativa, militante e decisiva das mulheres na luta contra o regime de exce\u00e7\u00e3o e na constru\u00e7\u00e3o de uma sociedade livre e verdadeiramente democr\u00e1tica.\u201d Com palavras repletas de emo\u00e7\u00e3o, L\u00edgia Doutel de Andrade simbolizou a capacidade e o \u00edmpeto da mulher brasileira ao ser reempossada, ap\u00f3s 44 anos, como deputada federal durante cerim\u00f4nia no Congresso Nacional, em 6 de dezembro de 2012.<\/p>\n<p class=\"yiv2734945786gmail-MsoNoSpacing\">No final de 1968, a trabalhista foi cassada e banida da pol\u00edtica \u2013 por dez anos \u2013 pelo Ato Institucional n\u00ba 5 (AI-5).<\/p>\n<p class=\"yiv2734945786gmail-MsoNoSpacing\">\u201cMuitas pagaram com a pr\u00f3pria vida a fidelidade aos seus ideais. Outras tantas foram v\u00edtimas de violenta repress\u00e3o e outras mais sofreram a morte ou o desaparecimento de filhos, maridos, companheiros, pais e irm\u00e3os\u201d, explicou, ao classificar a cerim\u00f4nia como um \u201cato de repara\u00e7\u00e3o pol\u00edtica, moral e hist\u00f3rica. \u00c9 um ato de justi\u00e7a\u201d.<\/p>\n<p class=\"yiv2734945786gmail-MsoNoSpacing\">\u201cMesmo assim, n\u00e3o renunciaram \u00e0s suas convic\u00e7\u00f5es e prosseguiram dando contribui\u00e7\u00e3o valiosa \u00e0 causa da democracia e da liberdade\u201d, completou a ent\u00e3o filiada ao MDB.<\/p>\n<p class=\"yiv2734945786gmail-MsoNoSpacing\">Ao recordar a opress\u00e3o e o \u201cobscurantismo\u201d que avan\u00e7aram a partir de 1964, a esposa do l\u00edder trabalhista, Doutel de Andrade, e integrante do Movimento Feminino pela Anistia, enalteceu a resist\u00eancia cidad\u00e3 em um dos per\u00edodos mais sombrios da Rep\u00fablica.<\/p>\n<p class=\"yiv2734945786gmail-MsoNoSpacing\">\u201cCausando grandes sofrimentos ao povo brasileiro e a humilha\u00e7\u00e3o internacional para o Pa\u00eds, (militares) n\u00e3o conseguiram sufocar nossa consci\u00eancia c\u00edvica. Bem ao contr\u00e1rio. E esta solenidade \u00e9 um exemplo do que afirmo. Pedagogicamente, est\u00e1 a sinalizar que o povo brasileiro, no seu processo de amadurecimento pol\u00edtico e social, repudia, e continuar\u00e1 repudiando, sempre, com mais veem\u00eancia e convic\u00e7\u00e3o, a viol\u00eancia pol\u00edtica e social, a injusti\u00e7a e o desrespeito aos direitos humanos\u201d, garantiu.<\/p>\n<p class=\"yiv2734945786gmail-MsoNoSpacing\">Pelo incessante compromisso c\u00edvico, a historiadora catarinense \u2013 atualmente com 87 anos \u2013 ratificou, no plen\u00e1rio da C\u00e2mara, a continuidade da busca pelo aprimoramento e consolida\u00e7\u00e3o do processo democr\u00e1tico.<\/p>\n<p class=\"yiv2734945786gmail-MsoNoSpacing\">\u201cUma democracia que n\u00e3o seja apenas formal e linear, mas substantiva, transparente, honrada, fundada na igualdade, na justi\u00e7a e na liberdade para todos, indistintamente, sem discrimina\u00e7\u00e3o, sem exclus\u00e3o e capaz de proporcionar felicidade ao povo brasileiro\u201d, concluiu.<\/p>\n<\/div>\n<\/div>\n<\/div>\n<\/div>\n<!-- AddThis Advanced Settings generic via filter on the_content --><!-- AddThis Share Buttons generic via filter on the_content -->","protected":false},"excerpt":{"rendered":"<p>30Como parlamentar, foi cassada por enfrentar a ditadura militar e defender o povo e a democracia \u201cA participa\u00e7\u00e3o ativa, militante e decisiva das mulheres na luta contra o regime de exce\u00e7\u00e3o e na constru\u00e7\u00e3o de uma sociedade livre e verdadeiramente democr\u00e1tica.\u201d Com palavras repletas de emo\u00e7\u00e3o, L\u00edgia Doutel de Andrade simbolizou a capacidade e o&#8230;<!-- AddThis Advanced Settings generic via filter on wp_trim_excerpt --><!-- AddThis Share Buttons generic via filter on wp_trim_excerpt --><\/p>\n","protected":false},"author":17,"featured_media":76554,"comment_status":"closed","ping_status":"closed","sticky":false,"template":"","format":"standard","meta":{"_monsterinsights_skip_tracking":false,"_monsterinsights_sitenote_active":false,"_monsterinsights_sitenote_note":"","_monsterinsights_sitenote_category":0,"_uf_show_specific_survey":0,"_uf_disable_surveys":false,"footnotes":""},"categories":[976],"tags":[],"class_list":["post-76553","post","type-post","status-publish","format-standard","has-post-thumbnail","hentry","category-noticias-em-destaque"],"acf":[],"_links":{"self":[{"href":"https:\/\/pdt-rj.org.br\/index.php\/wp-json\/wp\/v2\/posts\/76553","targetHints":{"allow":["GET"]}}],"collection":[{"href":"https:\/\/pdt-rj.org.br\/index.php\/wp-json\/wp\/v2\/posts"}],"about":[{"href":"https:\/\/pdt-rj.org.br\/index.php\/wp-json\/wp\/v2\/types\/post"}],"author":[{"embeddable":true,"href":"https:\/\/pdt-rj.org.br\/index.php\/wp-json\/wp\/v2\/users\/17"}],"replies":[{"embeddable":true,"href":"https:\/\/pdt-rj.org.br\/index.php\/wp-json\/wp\/v2\/comments?post=76553"}],"version-history":[{"count":3,"href":"https:\/\/pdt-rj.org.br\/index.php\/wp-json\/wp\/v2\/posts\/76553\/revisions"}],"predecessor-version":[{"id":76557,"href":"https:\/\/pdt-rj.org.br\/index.php\/wp-json\/wp\/v2\/posts\/76553\/revisions\/76557"}],"wp:featuredmedia":[{"embeddable":true,"href":"https:\/\/pdt-rj.org.br\/index.php\/wp-json\/wp\/v2\/media\/76554"}],"wp:attachment":[{"href":"https:\/\/pdt-rj.org.br\/index.php\/wp-json\/wp\/v2\/media?parent=76553"}],"wp:term":[{"taxonomy":"category","embeddable":true,"href":"https:\/\/pdt-rj.org.br\/index.php\/wp-json\/wp\/v2\/categories?post=76553"},{"taxonomy":"post_tag","embeddable":true,"href":"https:\/\/pdt-rj.org.br\/index.php\/wp-json\/wp\/v2\/tags?post=76553"}],"curies":[{"name":"wp","href":"https:\/\/api.w.org\/{rel}","templated":true}]}}