{"id":76549,"date":"2021-03-05T14:34:46","date_gmt":"2021-03-05T17:34:46","guid":{"rendered":"http:\/\/pdt-rj.org.br\/?p=76549"},"modified":"2021-03-09T00:36:48","modified_gmt":"2021-03-09T03:36:48","slug":"lupi-anuncia-que-pdt-pedira-interdicao-de-bolsonaro-na-justica","status":"publish","type":"post","link":"https:\/\/pdt-rj.org.br\/index.php\/lupi-anuncia-que-pdt-pedira-interdicao-de-bolsonaro-na-justica\/","title":{"rendered":"Lupi anuncia que PDT pedir\u00e1 interdi\u00e7\u00e3o de Bolsonaro na Justi\u00e7a"},"content":{"rendered":"<p class=\"yiv2135310499MsoNormal\"><strong><em>\u201cEu acho que ele \u00e9 louco e precisa ser interditado antes que mais brasileiros morram por sua loucura\u201d<\/em><\/strong><\/p>\n<p class=\"yiv2135310499MsoNormal\">O presidente nacional do PDT, Carlos Lupi, anunciou, nesta sexta-feira (5), que o partido solicitar\u00e1, na Justi\u00e7a, a interdi\u00e7\u00e3o de Jair Bolsonaro. Na medida, o partido alegar\u00e1 a sua incapacidade para seguir no cargo de presidente da Rep\u00fablica. Como provas, as omiss\u00f5es e inefici\u00eancias do chefe do Executivo no combate \u00e0 pandemia da Covid-19, que j\u00e1 matou mais de 260 mil pessoas no Brasil.<\/p>\n<p class=\"yiv2135310499MsoNormal\">\u201cN\u00f3s j\u00e1 fizemos de tudo. Estamos na Corte de Haia contra ele por esse crime contra a humanidade, no Supremo Tribunal Federal e, agora, eu vou pedir ao nosso jur\u00eddico para fazer a interdi\u00e7\u00e3o\u201d, explica, ao acrescentar: \u201cEu acho que ele \u00e9 louco e precisa ser interditado antes que mais brasileiros morram por sua loucura.\u201d<\/p>\n<p class=\"yiv2135310499MsoNormal\">Para Lupi, o volume de mortes de Covid-19, desde o come\u00e7o de 2020, foi diretamente potencializado por Bolsonaro, que confronta diretrizes cient\u00edficas a partir de a\u00e7\u00f5es negacionistas. O pedetista destaca ainda, como exemplo, o atraso do plano nacional de imuniza\u00e7\u00e3o.<\/p>\n<p class=\"yiv2135310499MsoNormal\">\u201cRealmente, para nossa tristeza e infelicidade, mais de 260 mil brasileiros perderam a vida para uma pandemia diab\u00f3lica, incontrol\u00e1vel e, principalmente, pela corresponsabilidade do senhor Jair Bolsonaro\u201d, afirmou.<\/p>\n<p class=\"yiv2135310499MsoNormal\">\u201cO presidente da Rep\u00fablica \u00e9 o maior mandat\u00e1rio da na\u00e7\u00e3o. \u00c9 o respons\u00e1vel pela na\u00e7\u00e3o brasileira e desconheceu a medicina e as recomenda\u00e7\u00f5es m\u00e9dicas, incentivou a aglomera\u00e7\u00e3o pessoalmente, n\u00e3o usa m\u00e1scara, j\u00e1 pegou o Covid e continua dizendo que \u00e9 uma \u2018gripezinha\u201d, completou.<\/p>\n<p class=\"yiv2135310499MsoNormal\">Veja a \u00edntegra do v\u00eddeo publicado no Facebook do PDT:\u00a0<a href=\"https:\/\/www.facebook.com\/pdt.org.br\/videos\/477464960087240\" target=\"_blank\" rel=\"nofollow noopener noreferrer\">https:\/\/www.facebook.com\/pdt.org.br\/videos\/477464960087240<\/a><\/p>\n<!-- AddThis Advanced Settings generic via filter on the_content --><!-- AddThis Share Buttons generic via filter on the_content -->","protected":false},"excerpt":{"rendered":"<p>\u201cEu acho que ele \u00e9 louco e precisa ser interditado antes que mais brasileiros morram por sua loucura\u201d O presidente nacional do PDT, Carlos Lupi, anunciou, nesta sexta-feira (5), que o partido solicitar\u00e1, na Justi\u00e7a, a interdi\u00e7\u00e3o de Jair Bolsonaro. Na medida, o partido alegar\u00e1 a sua incapacidade para seguir no cargo de presidente da&#8230;<!-- AddThis Advanced Settings generic via filter on wp_trim_excerpt --><!-- AddThis Share Buttons generic via filter on wp_trim_excerpt --><\/p>\n","protected":false},"author":17,"featured_media":76550,"comment_status":"closed","ping_status":"closed","sticky":false,"template":"","format":"standard","meta":{"_monsterinsights_skip_tracking":false,"_monsterinsights_sitenote_active":false,"_monsterinsights_sitenote_note":"","_monsterinsights_sitenote_category":0,"_uf_show_specific_survey":0,"_uf_disable_surveys":false,"footnotes":""},"categories":[1390,975],"tags":[],"class_list":["post-76549","post","type-post","status-publish","format-standard","has-post-thumbnail","hentry","category-editorias","category-manchete"],"acf":[],"_links":{"self":[{"href":"https:\/\/pdt-rj.org.br\/index.php\/wp-json\/wp\/v2\/posts\/76549","targetHints":{"allow":["GET"]}}],"collection":[{"href":"https:\/\/pdt-rj.org.br\/index.php\/wp-json\/wp\/v2\/posts"}],"about":[{"href":"https:\/\/pdt-rj.org.br\/index.php\/wp-json\/wp\/v2\/types\/post"}],"author":[{"embeddable":true,"href":"https:\/\/pdt-rj.org.br\/index.php\/wp-json\/wp\/v2\/users\/17"}],"replies":[{"embeddable":true,"href":"https:\/\/pdt-rj.org.br\/index.php\/wp-json\/wp\/v2\/comments?post=76549"}],"version-history":[{"count":1,"href":"https:\/\/pdt-rj.org.br\/index.php\/wp-json\/wp\/v2\/posts\/76549\/revisions"}],"predecessor-version":[{"id":76551,"href":"https:\/\/pdt-rj.org.br\/index.php\/wp-json\/wp\/v2\/posts\/76549\/revisions\/76551"}],"wp:featuredmedia":[{"embeddable":true,"href":"https:\/\/pdt-rj.org.br\/index.php\/wp-json\/wp\/v2\/media\/76550"}],"wp:attachment":[{"href":"https:\/\/pdt-rj.org.br\/index.php\/wp-json\/wp\/v2\/media?parent=76549"}],"wp:term":[{"taxonomy":"category","embeddable":true,"href":"https:\/\/pdt-rj.org.br\/index.php\/wp-json\/wp\/v2\/categories?post=76549"},{"taxonomy":"post_tag","embeddable":true,"href":"https:\/\/pdt-rj.org.br\/index.php\/wp-json\/wp\/v2\/tags?post=76549"}],"curies":[{"name":"wp","href":"https:\/\/api.w.org\/{rel}","templated":true}]}}