{"id":76495,"date":"2021-03-02T20:10:06","date_gmt":"2021-03-02T23:10:06","guid":{"rendered":"http:\/\/pdt-rj.org.br\/?p=76495"},"modified":"2021-03-06T17:59:45","modified_gmt":"2021-03-06T20:59:45","slug":"cid-gomes-volta-a-criticar-negacionismo-de-bolsonaro-e-pede-urgencia-na-cpi-da-covid-19","status":"publish","type":"post","link":"https:\/\/pdt-rj.org.br\/index.php\/cid-gomes-volta-a-criticar-negacionismo-de-bolsonaro-e-pede-urgencia-na-cpi-da-covid-19\/","title":{"rendered":"Cid Gomes volta a criticar negacionismo de Bolsonaro e pede urg\u00eancia na CPI da Covid-19"},"content":{"rendered":"<p><em><strong>\u201cO que aconteceu em Manaus \u00e9 a s\u00f3 a ponta do iceberg do que est\u00e1 acontecendo no Brasil\u201d, ressaltou o pedetista<\/strong><\/em><\/p>\n<p>O senador Cid Gomes (PDT-CE) voltou a criticar o negacionismo e a irresponsabilidade de Bolsonaro na gest\u00e3o da pandemia no Brasil e pediu ao presidente do Senado, Rodrigo Pacheco (DEM-MG), que instale com urg\u00eancia a CPI da Covid.<\/p>\n<p>\u201cNosso sistema brasileiro de sa\u00fade est\u00e1 \u00e0 beira de um colapso e n\u00e3o podemos mais assistir a isso de forma pac\u00edfica. Esse presidente da Rep\u00fablica inconsequente, irrespons\u00e1vel, despreparado precisa ter um alerta para que n\u00e3o cometa mais tais absurdos e fique repetidas vezes negando um mal que o mundo inteiro teme e reconhece\u201d, defendeu, durante a sess\u00e3o do Senado desta ter\u00e7a-feira (2).<\/p>\n<p>Cid lembrou que o requerimento para a instala\u00e7\u00e3o da CPI atende aos requisitos regimentais e que \u201ch\u00e1 um sentimento majorit\u00e1rio no Senado Federal pra que seja instalada de forma urgente a CPI\u201d. O objetivo da CPI \u00e9 apurar a\u00e7\u00f5es e omiss\u00f5es do Governo Federal em rela\u00e7\u00e3o \u00e0 Covid, especialmente a falta de oxig\u00eanio no estado do Amazonas.<\/p>\n<p>\u201cO que aconteceu em Manaus \u00e9 a s\u00f3 a ponta do iceberg do que est\u00e1 acontecendo no Brasil\u201d, ressaltou Cid.<\/p>\n<p>O senador mostrou-se ainda indignado com as aglomera\u00e7\u00f5es causadas por Bolsonaro, durante a visita ao Cear\u00e1, no \u00faltimo dia 26 de fevereiro. Segundo ele, no mesmo dia em que recebeu in\u00fameros apelos para a transfer\u00eancia de pacientes que necessitavam de um leito de UTI para n\u00e3o morrer, Bolsonaro promoveu aglomera\u00e7\u00f5es e desrespeitou as medidas sanit\u00e1rias em vigor no Cear\u00e1.<\/p>\n<p>\u201cAchando pouco o que fez, ele ainda criticou autoridades estaduais que est\u00e3o lutando de todas as formas pra evitar que esse v\u00edrus possa se espalhar\u201d, lamentou.<\/p>\n<p>Cid finalizou fazendo novamente um apelo ao senador Pacheco e disse reconhecer sua serenidade e sua vontade de que o Senado tenha paz. No entanto, lembrou: \u201cos brasileiros n\u00e3o est\u00e3o tendo paz com esse presidente da Rep\u00fablica inconsequente e irrespons\u00e1vel\u201d.<\/p>\n<!-- AddThis Advanced Settings generic via filter on the_content --><!-- AddThis Share Buttons generic via filter on the_content -->","protected":false},"excerpt":{"rendered":"<p>\u201cO que aconteceu em Manaus \u00e9 a s\u00f3 a ponta do iceberg do que est\u00e1 acontecendo no Brasil\u201d, ressaltou o pedetista O senador Cid Gomes (PDT-CE) voltou a criticar o negacionismo e a irresponsabilidade de Bolsonaro na gest\u00e3o da pandemia no Brasil e pediu ao presidente do Senado, Rodrigo Pacheco (DEM-MG), que instale com urg\u00eancia&#8230;<!-- AddThis Advanced Settings generic via filter on wp_trim_excerpt --><!-- AddThis Share Buttons generic via filter on wp_trim_excerpt --><\/p>\n","protected":false},"author":17,"featured_media":76496,"comment_status":"closed","ping_status":"closed","sticky":false,"template":"","format":"standard","meta":{"_monsterinsights_skip_tracking":false,"_monsterinsights_sitenote_active":false,"_monsterinsights_sitenote_note":"","_monsterinsights_sitenote_category":0,"_uf_show_specific_survey":0,"_uf_disable_surveys":false,"footnotes":""},"categories":[1390,1459],"tags":[211,4509,4508],"class_list":["post-76495","post","type-post","status-publish","format-standard","has-post-thumbnail","hentry","category-editorias","category-congresso","tag-cid-gomes","tag-cpi-da-covid-19","tag-negacionismo"],"acf":[],"_links":{"self":[{"href":"https:\/\/pdt-rj.org.br\/index.php\/wp-json\/wp\/v2\/posts\/76495","targetHints":{"allow":["GET"]}}],"collection":[{"href":"https:\/\/pdt-rj.org.br\/index.php\/wp-json\/wp\/v2\/posts"}],"about":[{"href":"https:\/\/pdt-rj.org.br\/index.php\/wp-json\/wp\/v2\/types\/post"}],"author":[{"embeddable":true,"href":"https:\/\/pdt-rj.org.br\/index.php\/wp-json\/wp\/v2\/users\/17"}],"replies":[{"embeddable":true,"href":"https:\/\/pdt-rj.org.br\/index.php\/wp-json\/wp\/v2\/comments?post=76495"}],"version-history":[{"count":3,"href":"https:\/\/pdt-rj.org.br\/index.php\/wp-json\/wp\/v2\/posts\/76495\/revisions"}],"predecessor-version":[{"id":76499,"href":"https:\/\/pdt-rj.org.br\/index.php\/wp-json\/wp\/v2\/posts\/76495\/revisions\/76499"}],"wp:featuredmedia":[{"embeddable":true,"href":"https:\/\/pdt-rj.org.br\/index.php\/wp-json\/wp\/v2\/media\/76496"}],"wp:attachment":[{"href":"https:\/\/pdt-rj.org.br\/index.php\/wp-json\/wp\/v2\/media?parent=76495"}],"wp:term":[{"taxonomy":"category","embeddable":true,"href":"https:\/\/pdt-rj.org.br\/index.php\/wp-json\/wp\/v2\/categories?post=76495"},{"taxonomy":"post_tag","embeddable":true,"href":"https:\/\/pdt-rj.org.br\/index.php\/wp-json\/wp\/v2\/tags?post=76495"}],"curies":[{"name":"wp","href":"https:\/\/api.w.org\/{rel}","templated":true}]}}