{"id":76491,"date":"2021-03-02T20:01:22","date_gmt":"2021-03-02T23:01:22","guid":{"rendered":"http:\/\/pdt-rj.org.br\/?p=76491"},"modified":"2021-03-03T11:52:24","modified_gmt":"2021-03-03T14:52:24","slug":"chico-dangelo-articula-emendas-para-conclusao-do-novo-campus-da-uff-em-campos-rj","status":"publish","type":"post","link":"https:\/\/pdt-rj.org.br\/index.php\/chico-dangelo-articula-emendas-para-conclusao-do-novo-campus-da-uff-em-campos-rj\/","title":{"rendered":"Chico D\u2019Angelo articula emendas para conclus\u00e3o do novo campus da UFF, em Campos (RJ)"},"content":{"rendered":"<div dir=\"ltr\">\n<p class=\"yiv4033345750MsoNormal\"><strong><em> Aporte dos parlamentares viabilizar\u00e1 a constru\u00e7\u00e3o de dois pr\u00e9dios, com sete pavimentos, ao longo de 15 meses<\/em><\/strong><\/p>\n<p class=\"yiv4033345750MsoNormal\">O deputado federal, Chico D\u2019Angelo (PDT-RJ), articulou a destina\u00e7\u00e3o de R$ 18 milh\u00f5es de reais em emendas da bancada fluminense, na C\u00e2mara, para a Universidade Federal Fluminense (UFF). A verba garantir\u00e1 a conclus\u00e3o do novo campus XV de Novembro, em Campos dos Goytacazes (RJ).<\/p>\n<p class=\"yiv4033345750MsoNormal\">Somados aos R$ 20,17 milh\u00f5es de reais que foram destinados no ano passado, o aporte dos parlamentares viabilizar\u00e1 a constru\u00e7\u00e3o de dois pr\u00e9dios, com sete pavimentos, ao longo de 15 meses.<\/p>\n<p class=\"yiv4033345750MsoNormal\">\u201cNot\u00edcia important\u00edssima para a nossa querida UFF, joia do nosso estado e do Brasil. E, especialmente, para a regi\u00e3o Norte Fluminense. Articulamos emendas, no total de R$ 18 milh\u00f5es, para a continuidade das obras\u201d, destacou\u00a0Chico D\u2019Angelo.<\/p>\n<p class=\"yiv4033345750MsoNormal\">O reitor da UFF, Antonio Claudio Lucas da N\u00f3brega, comemorou a disponibiliza\u00e7\u00e3o de novos recursos para beneficiar o ensino p\u00fablico, incluindo a cota integral \u2013 R$ 5 milh\u00f5es \u2013 do parlamentar pedetista.<\/p>\n<p class=\"yiv4033345750MsoNormal\">\u201cGostar\u00edamos de agradecer novamente a sensibilidade e o compromisso da bancada do Rio de Janeiro com a educa\u00e7\u00e3o. Trabalhamos arduamente no relacionamento institucional com os deputados federais para a libera\u00e7\u00e3o desses recursos, que eram fundamentais para a finaliza\u00e7\u00e3o das obras no segundo semestre de 2021. Nos adiantamos para dar seguran\u00e7a ao calend\u00e1rio de constru\u00e7\u00e3o e felizmente tivemos nosso pedido contemplado. Agrade\u00e7o muito a lideran\u00e7a e generosidade do Chico D&#8217;Angelo\u201d, agradeceu.<\/p>\n<p class=\"yiv4033345750MsoNormal\">Com essa nova libera\u00e7\u00e3o de recursos, ser\u00e1 garantido o aporte financeiro necess\u00e1rio para dar previsibilidade ao calend\u00e1rio da constru\u00e7\u00e3o. Isso gera muito otimismo na comunidade acad\u00eamica e tamb\u00e9m ter\u00e1 um impacto direto na sociedade de Campos.<\/p>\n<p class=\"yiv4033345750MsoNormal\">\u201cCom os dois pr\u00e9dios em funcionamento, ofereceremos instala\u00e7\u00f5es ideais para aumentar a produ\u00e7\u00e3o acad\u00eamica da comunidade e o n\u00famero de atendimentos gratuitos \u00e0 popula\u00e7\u00e3o\u201d, acrescentou.<\/p>\n<\/div>\n<!-- AddThis Advanced Settings generic via filter on the_content --><!-- AddThis Share Buttons generic via filter on the_content -->","protected":false},"excerpt":{"rendered":"<p>Aporte dos parlamentares viabilizar\u00e1 a constru\u00e7\u00e3o de dois pr\u00e9dios, com sete pavimentos, ao longo de 15 meses O deputado federal, Chico D\u2019Angelo (PDT-RJ), articulou a destina\u00e7\u00e3o de R$ 18 milh\u00f5es de reais em emendas da bancada fluminense, na C\u00e2mara, para a Universidade Federal Fluminense (UFF). A verba garantir\u00e1 a conclus\u00e3o do novo campus XV de&#8230;<!-- AddThis Advanced Settings generic via filter on wp_trim_excerpt --><!-- AddThis Share Buttons generic via filter on wp_trim_excerpt --><\/p>\n","protected":false},"author":17,"featured_media":76492,"comment_status":"closed","ping_status":"closed","sticky":false,"template":"","format":"standard","meta":{"_monsterinsights_skip_tracking":false,"_monsterinsights_sitenote_active":false,"_monsterinsights_sitenote_note":"","_monsterinsights_sitenote_category":0,"_uf_show_specific_survey":0,"_uf_disable_surveys":false,"footnotes":""},"categories":[1390,1402,1459],"tags":[2854,4507,2821],"class_list":["post-76491","post","type-post","status-publish","format-standard","has-post-thumbnail","hentry","category-editorias","category-cidades","category-congresso","tag-chico-dangelo","tag-uff","tag-universidade-federal-fluminense"],"acf":[],"_links":{"self":[{"href":"https:\/\/pdt-rj.org.br\/index.php\/wp-json\/wp\/v2\/posts\/76491","targetHints":{"allow":["GET"]}}],"collection":[{"href":"https:\/\/pdt-rj.org.br\/index.php\/wp-json\/wp\/v2\/posts"}],"about":[{"href":"https:\/\/pdt-rj.org.br\/index.php\/wp-json\/wp\/v2\/types\/post"}],"author":[{"embeddable":true,"href":"https:\/\/pdt-rj.org.br\/index.php\/wp-json\/wp\/v2\/users\/17"}],"replies":[{"embeddable":true,"href":"https:\/\/pdt-rj.org.br\/index.php\/wp-json\/wp\/v2\/comments?post=76491"}],"version-history":[{"count":3,"href":"https:\/\/pdt-rj.org.br\/index.php\/wp-json\/wp\/v2\/posts\/76491\/revisions"}],"predecessor-version":[{"id":76502,"href":"https:\/\/pdt-rj.org.br\/index.php\/wp-json\/wp\/v2\/posts\/76491\/revisions\/76502"}],"wp:featuredmedia":[{"embeddable":true,"href":"https:\/\/pdt-rj.org.br\/index.php\/wp-json\/wp\/v2\/media\/76492"}],"wp:attachment":[{"href":"https:\/\/pdt-rj.org.br\/index.php\/wp-json\/wp\/v2\/media?parent=76491"}],"wp:term":[{"taxonomy":"category","embeddable":true,"href":"https:\/\/pdt-rj.org.br\/index.php\/wp-json\/wp\/v2\/categories?post=76491"},{"taxonomy":"post_tag","embeddable":true,"href":"https:\/\/pdt-rj.org.br\/index.php\/wp-json\/wp\/v2\/tags?post=76491"}],"curies":[{"name":"wp","href":"https:\/\/api.w.org\/{rel}","templated":true}]}}