{"id":76454,"date":"2021-03-01T17:48:09","date_gmt":"2021-03-01T20:48:09","guid":{"rendered":"http:\/\/pdt-rj.org.br\/?p=76454"},"modified":"2021-03-01T17:50:35","modified_gmt":"2021-03-01T20:50:35","slug":"as-nada-populares-escolas-civico-militares","status":"publish","type":"post","link":"https:\/\/pdt-rj.org.br\/index.php\/as-nada-populares-escolas-civico-militares\/","title":{"rendered":"As nada populares escolas c\u00edvico-militares"},"content":{"rendered":"<p><strong><em>Basta um pouquinho de conhecimento sobre a hist\u00f3ria da educa\u00e7\u00e3o brasileira para saber que o certo seria dar continuidade ao projeto que Darcy Ribeiro e Leonel Brizola iniciaram no Rio de Janeiro<\/em><\/strong><\/p>\n<p>&nbsp;<\/p>\n<p>Sabemos do desespero dos trabalhadores que s\u00e3o pais e m\u00e3es e dependem da escola p\u00fablica para um futuro melhor para seus filhos. Mas n\u00e3o se enganem! Embora sejam vendidas como populares e acess\u00edveis para todos, as escolas c\u00edvico-militares n\u00e3o s\u00e3o a solu\u00e7\u00e3o, e nesse artigo vamos mostrar o motivo dessa afirma\u00e7\u00e3o.<\/p>\n<p>Basta um pouquinho de conhecimento sobre a hist\u00f3ria da educa\u00e7\u00e3o brasileira para saber que o certo seria dar continuidade ao projeto que Darcy Ribeiro e Leonel Brizola iniciaram no Rio de Janeiro, onde constru\u00edram mais de 500 CIEPS.<\/p>\n<p>Assim, mantendo as crian\u00e7as o dia inteiro nas escolas p\u00fablicas e de qualidade, \u00e9 poss\u00edvel fornecer uma educa\u00e7\u00e3o verdadeira para todos os filhos e filhas de trabalhadores(as) igualitariamente e ainda deixando os pais tranquilos com as crian\u00e7as nas escolas durante os dois turnos aprendendo de forma multidisciplinar.<\/p>\n<p>Motivos que mostram que as escolas c\u00edvico-militares n\u00e3o s\u00e3o a solu\u00e7\u00e3o<\/p>\n<p>1\u00ba &#8211; O ingresso nas escolas c\u00edvico-militares n\u00e3o \u00e9 para todas as crian\u00e7as. H\u00e1 um processo seletivo que acaba privilegiando as fam\u00edlias mais abastadas, j\u00e1 que as crian\u00e7as com melhores condi\u00e7\u00f5es educacionais v\u00e3o se sair melhor. Ou seja: n\u00e3o \u00e9 uma escola realmente p\u00fablica.<br \/>\n2\u00ba &#8211; As escolas c\u00edvico-militares, assim como o pr\u00f3prio modelo de hierarquia do ex\u00e9rcito, n\u00e3o condizem mais com a realidade do mundo globalizado.<\/p>\n<p>3\u00ba &#8211; A educa\u00e7\u00e3o exige liberdade de pensamentos e questionamentos e essa democracia do saber n\u00e3o faz parte da cultura das escolas militares.<\/p>\n<p>4\u00ba &#8211; As escolas c\u00edvico-militares custam mais aos cofres p\u00fablicos e n\u00e3o entregam mais educa\u00e7\u00e3o. Reportagem do Observat\u00f3rio da Democracia mostrou que \u201cpesquisas sobre escolas militares brasileiras revelam que os 13 col\u00e9gios militares tidos como excel\u00eancia de qualidade est\u00e3o atr\u00e1s de 400 escolas p\u00fablicas que t\u00eam \u00edndices melhores que eles, sendo que o valor gasto com cada aluno, nesses col\u00e9gios, \u00e9 tr\u00eas vezes maior do que com quem estuda em escola p\u00fablica regular\u201d.<\/p>\n<p><strong>Educa\u00e7\u00e3o \u00e9 p\u00fablica e de qualidade<\/strong><\/p>\n<p>Engana-se quem pensa que n\u00e3o h\u00e1 dinheiro para investir nas solu\u00e7\u00f5es adequadas para a solu\u00e7\u00e3o brasileira. O turno integral, a valoriza\u00e7\u00e3o dos professores(as), o investimento nas escolas, em novas tecnologias, nas refei\u00e7\u00f5es, tudo isso \u00e9 poss\u00edvel se houver vontade para se fazer.<\/p>\n<p>Afinal, Darcy Ribeiro e Leonel Brizola fizeram mais de 500 CIEPS e certamente fazer tudo o que foi citado acima sairia mais barato do que os modelos das escolas c\u00edvico-militares.<\/p>\n<p>E isso sem falar na exclus\u00e3o das camadas mais pobres da popula\u00e7\u00e3o dessas escolas consideradas \u201cmelhores\u201d ou que recebem maior investimento e doutrina militar.<\/p>\n<p>Se essa fosse a solu\u00e7\u00e3o, quantos pa\u00edses do mundo n\u00e3o estariam com escolas semelhantes? \u00c9 preciso refletir sobre nosso pa\u00eds e nossa realidade para n\u00e3o cair em discursos simplistas que n\u00e3o v\u00e3o melhorar a vida da popula\u00e7\u00e3o.<\/p>\n<!-- AddThis Advanced Settings generic via filter on the_content --><!-- AddThis Share Buttons generic via filter on the_content -->","protected":false},"excerpt":{"rendered":"<p>Basta um pouquinho de conhecimento sobre a hist\u00f3ria da educa\u00e7\u00e3o brasileira para saber que o certo seria dar continuidade ao projeto que Darcy Ribeiro e Leonel Brizola iniciaram no Rio de Janeiro &nbsp; Sabemos do desespero dos trabalhadores que s\u00e3o pais e m\u00e3es e dependem da escola p\u00fablica para um futuro melhor para seus filhos&#8230;.<!-- AddThis Advanced Settings generic via filter on wp_trim_excerpt --><!-- AddThis Share Buttons generic via filter on wp_trim_excerpt --><\/p>\n","protected":false},"author":17,"featured_media":76457,"comment_status":"closed","ping_status":"closed","sticky":false,"template":"","format":"standard","meta":{"_monsterinsights_skip_tracking":false,"_monsterinsights_sitenote_active":false,"_monsterinsights_sitenote_note":"","_monsterinsights_sitenote_category":0,"_uf_show_specific_survey":0,"_uf_disable_surveys":false,"footnotes":""},"categories":[1584,1390],"tags":[],"class_list":["post-76454","post","type-post","status-publish","format-standard","has-post-thumbnail","hentry","category-artigos","category-editorias"],"acf":[],"_links":{"self":[{"href":"https:\/\/pdt-rj.org.br\/index.php\/wp-json\/wp\/v2\/posts\/76454","targetHints":{"allow":["GET"]}}],"collection":[{"href":"https:\/\/pdt-rj.org.br\/index.php\/wp-json\/wp\/v2\/posts"}],"about":[{"href":"https:\/\/pdt-rj.org.br\/index.php\/wp-json\/wp\/v2\/types\/post"}],"author":[{"embeddable":true,"href":"https:\/\/pdt-rj.org.br\/index.php\/wp-json\/wp\/v2\/users\/17"}],"replies":[{"embeddable":true,"href":"https:\/\/pdt-rj.org.br\/index.php\/wp-json\/wp\/v2\/comments?post=76454"}],"version-history":[{"count":1,"href":"https:\/\/pdt-rj.org.br\/index.php\/wp-json\/wp\/v2\/posts\/76454\/revisions"}],"predecessor-version":[{"id":76456,"href":"https:\/\/pdt-rj.org.br\/index.php\/wp-json\/wp\/v2\/posts\/76454\/revisions\/76456"}],"wp:featuredmedia":[{"embeddable":true,"href":"https:\/\/pdt-rj.org.br\/index.php\/wp-json\/wp\/v2\/media\/76457"}],"wp:attachment":[{"href":"https:\/\/pdt-rj.org.br\/index.php\/wp-json\/wp\/v2\/media?parent=76454"}],"wp:term":[{"taxonomy":"category","embeddable":true,"href":"https:\/\/pdt-rj.org.br\/index.php\/wp-json\/wp\/v2\/categories?post=76454"},{"taxonomy":"post_tag","embeddable":true,"href":"https:\/\/pdt-rj.org.br\/index.php\/wp-json\/wp\/v2\/tags?post=76454"}],"curies":[{"name":"wp","href":"https:\/\/api.w.org\/{rel}","templated":true}]}}