{"id":76442,"date":"2021-03-01T16:46:37","date_gmt":"2021-03-01T19:46:37","guid":{"rendered":"http:\/\/pdt-rj.org.br\/?p=76442"},"modified":"2021-03-01T16:46:37","modified_gmt":"2021-03-01T19:46:37","slug":"com-lupi-e-manoel-dias-fundacao-promove-avaliacao-do-planejamento-estrategico","status":"publish","type":"post","link":"https:\/\/pdt-rj.org.br\/index.php\/com-lupi-e-manoel-dias-fundacao-promove-avaliacao-do-planejamento-estrategico\/","title":{"rendered":"Com Lupi e Manoel Dias, Funda\u00e7\u00e3o promove avalia\u00e7\u00e3o do planejamento estrat\u00e9gico"},"content":{"rendered":"<div class=\"msg-body P_wpofO mq_AS\" data-test-id=\"message-view-body-content\">\n<div class=\"jb_0 X_6MGW N_6Fd5\">\n<div id=\"yiv1742162387\">\n<div dir=\"ltr\">\n<p class=\"yiv1742162387MsoNormal\"><b>Encontro virtual abordou a prioriza\u00e7\u00e3o da forma\u00e7\u00e3o de quadros e a organiza\u00e7\u00e3o por n\u00facleos de base<\/b><\/p>\n<p class=\"yiv1742162387MsoNormal\">\n<p class=\"yiv1742162387MsoNormal\">A Funda\u00e7\u00e3o Leonel Brizola \u2013 Alberto Pasqualini (FLB-AP), vinculada ao PDT, promoveu uma avalia\u00e7\u00e3o interna, nesta segunda-feira (1), sobre o progresso do planejamento estrat\u00e9gico. O encontro foi conduzido pelo presidente da organiza\u00e7\u00e3o de coopera\u00e7\u00e3o, Manoel Dias, e contou com a participa\u00e7\u00e3o do presidente nacional do partido, Carlos Lupi.<\/p>\n<p class=\"yiv1742162387MsoNormal\">Em destaque, a\u00e7\u00f5es integradas para desenvolvimento de quadros, preserva\u00e7\u00e3o da hist\u00f3ria do Trabalhismo e suporte ao partido, principalmente na promo\u00e7\u00e3o do Projeto Nacional de Desenvolvimento (PND), que \u00e9 liderado pelo vice-presidente pedetista, Ciro Gomes.<\/p>\n<p class=\"yiv1742162387MsoNormal\">Para Lupi, que tamb\u00e9m \u00e9 presidente do conselho curador da Funda\u00e7\u00e3o, a integra\u00e7\u00e3o com a sigla criada por Brizola ser\u00e1 um diferencial para potencializar os resultados e o legado pedetista.<\/p>\n<p class=\"yiv1742162387MsoNormal\">\u201cFortalecer o conte\u00fado ideol\u00f3gico e program\u00e1tico para engajar a milit\u00e2ncia e, com isso, abrir o partido para as novas gera\u00e7\u00f5es e ampliar o v\u00ednculo com a causa que a gente representa\u201d, ressaltou.<\/p>\n<p class=\"yiv1742162387MsoNormal\">Evolu\u00e7\u00e3o<\/p>\n<p class=\"yiv1742162387MsoNormal\">Diante das limita\u00e7\u00f5es impostas pela pandemia, a utiliza\u00e7\u00e3o da internet desponta, segundo Lupi, como uma oportunidade para viabilizar e agregar novos produtos, como os n\u00facleos de base virtuais, da Secretaria de Nuclea\u00e7\u00e3o, os cursos \u00e0 dist\u00e2ncia da Universidade Aberta Leonel Brizola (ULB) e do Centro de Mem\u00f3ria Trabalhista (CMT).<\/p>\n<p class=\"yiv1742162387MsoNormal\">\u201cVamos desenvolver projetos-piloto no Rio de Janeiro. A partir da efici\u00eancia, ser\u00e1 replicado no restante do pa\u00eds\u201d, explicou.<\/p>\n<p class=\"yiv1742162387MsoNormal\">Ao valorizar todos os setores, Dias mencionou a reestrutura\u00e7\u00e3o organizacional e a consolida\u00e7\u00e3o dos resultados nos \u00faltimos anos.<\/p>\n<p class=\"yiv1742162387MsoNormal\">\u201cEstamos dedicados para fortalecer o PDT e o projeto desenvolvimentista encabe\u00e7ado pelo Ciro Gomes\u201d, assegurou, em conjunto com o secret\u00e1rio-executivo, Ades Oliveira.<\/p>\n<p class=\"yiv1742162387MsoNormal\">\u201cCom conhecimento e organiza\u00e7\u00e3o, vamos seguir lutando para transformar o Brasil em uma na\u00e7\u00e3o mais justa e democr\u00e1tica\u201d, completou.<\/p>\n<\/div>\n<\/div>\n<\/div>\n<\/div>\n<div class=\"jb_0 X_6MGW N_6Fd5\">\n<div class=\"P_0 je_fq7\">\n<ul class=\"hd_n D_F eo_HB M_gQyVX P_0\">\n<li class=\"E_6Fd5 Y_6LEV\" data-test-id=\"attachment-tray-list-item\">\n<div class=\"W_3n93F p_R\" data-test-id=\"attachment-item\">\n<div class=\"I_2iedTo k_w H_7yHc p_R o_h\" data-test-id=\"attachment-container\">\n<div class=\"D_F ab_C gl_C H_6D6F\"><img decoding=\"async\" class=\"W_6D6F\" src=\"https:\/\/apis.mail.yahoo.com\/ws\/v3\/mailboxes\/@.id==VjN-22qdcJJMkGRnzb99rK_DcPUKLi-Ei1ETFLM5P7AN-zlrrdYtpEA5bdk_e8yt8vibGlaNosrWpuBHmOD6eMSoog\/messages\/@.id==AOT_7nEd_X5gYD1CCQBpeGOa0ow\/content\/parts\/@.id==2\/thumbnail?appid=YMailNorrin&amp;size=400w&amp;w=400&amp;h=400\" data-test-id=\"attachment-thumbnail\" \/><\/div>\n<\/div>\n<\/div>\n<\/li>\n<\/ul>\n<\/div>\n<\/div>\n<!-- AddThis Advanced Settings generic via filter on the_content --><!-- AddThis Share Buttons generic via filter on the_content -->","protected":false},"excerpt":{"rendered":"<p>Encontro virtual abordou a prioriza\u00e7\u00e3o da forma\u00e7\u00e3o de quadros e a organiza\u00e7\u00e3o por n\u00facleos de base A Funda\u00e7\u00e3o Leonel Brizola \u2013 Alberto Pasqualini (FLB-AP), vinculada ao PDT, promoveu uma avalia\u00e7\u00e3o interna, nesta segunda-feira (1), sobre o progresso do planejamento estrat\u00e9gico. O encontro foi conduzido pelo presidente da organiza\u00e7\u00e3o de coopera\u00e7\u00e3o, Manoel Dias, e contou com&#8230;<!-- AddThis Advanced Settings generic via filter on wp_trim_excerpt --><!-- AddThis Share Buttons generic via filter on wp_trim_excerpt --><\/p>\n","protected":false},"author":17,"featured_media":76443,"comment_status":"closed","ping_status":"closed","sticky":false,"template":"","format":"standard","meta":{"_monsterinsights_skip_tracking":false,"_monsterinsights_sitenote_active":false,"_monsterinsights_sitenote_note":"","_monsterinsights_sitenote_category":0,"_uf_show_specific_survey":0,"_uf_disable_surveys":false,"footnotes":""},"categories":[1390],"tags":[],"class_list":["post-76442","post","type-post","status-publish","format-standard","has-post-thumbnail","hentry","category-editorias"],"acf":[],"_links":{"self":[{"href":"https:\/\/pdt-rj.org.br\/index.php\/wp-json\/wp\/v2\/posts\/76442","targetHints":{"allow":["GET"]}}],"collection":[{"href":"https:\/\/pdt-rj.org.br\/index.php\/wp-json\/wp\/v2\/posts"}],"about":[{"href":"https:\/\/pdt-rj.org.br\/index.php\/wp-json\/wp\/v2\/types\/post"}],"author":[{"embeddable":true,"href":"https:\/\/pdt-rj.org.br\/index.php\/wp-json\/wp\/v2\/users\/17"}],"replies":[{"embeddable":true,"href":"https:\/\/pdt-rj.org.br\/index.php\/wp-json\/wp\/v2\/comments?post=76442"}],"version-history":[{"count":1,"href":"https:\/\/pdt-rj.org.br\/index.php\/wp-json\/wp\/v2\/posts\/76442\/revisions"}],"predecessor-version":[{"id":76444,"href":"https:\/\/pdt-rj.org.br\/index.php\/wp-json\/wp\/v2\/posts\/76442\/revisions\/76444"}],"wp:featuredmedia":[{"embeddable":true,"href":"https:\/\/pdt-rj.org.br\/index.php\/wp-json\/wp\/v2\/media\/76443"}],"wp:attachment":[{"href":"https:\/\/pdt-rj.org.br\/index.php\/wp-json\/wp\/v2\/media?parent=76442"}],"wp:term":[{"taxonomy":"category","embeddable":true,"href":"https:\/\/pdt-rj.org.br\/index.php\/wp-json\/wp\/v2\/categories?post=76442"},{"taxonomy":"post_tag","embeddable":true,"href":"https:\/\/pdt-rj.org.br\/index.php\/wp-json\/wp\/v2\/tags?post=76442"}],"curies":[{"name":"wp","href":"https:\/\/api.w.org\/{rel}","templated":true}]}}