{"id":76435,"date":"2021-03-01T15:52:41","date_gmt":"2021-03-01T18:52:41","guid":{"rendered":"http:\/\/pdt-rj.org.br\/?p=76435"},"modified":"2021-03-05T14:35:45","modified_gmt":"2021-03-05T17:35:45","slug":"bolsonaro-respondera-por-crimes-de-responsabilidade-praticados-afirma-lupi","status":"publish","type":"post","link":"https:\/\/pdt-rj.org.br\/index.php\/bolsonaro-respondera-por-crimes-de-responsabilidade-praticados-afirma-lupi\/","title":{"rendered":"Bolsonaro responder\u00e1 por crimes de responsabilidade praticados, afirma Lupi"},"content":{"rendered":"<div class=\"msg-body P_wpofO mq_AS\" data-test-id=\"message-view-body-content\">\n<div class=\"jb_0 X_6MGW N_6Fd5\">\n<div id=\"yiv7972008106\">\n<div dir=\"ltr\">\n<p class=\"yiv7972008106MsoNormal\"><em><b>Presidente do PDT lista s\u00e9rie de a\u00e7\u00f5es equivocadas do governo federal na pandemia do Covid-19<\/b><\/em><\/p>\n<p class=\"yiv7972008106MsoNormal\">\u201cVai responder por esses crimes. \u00c9 de responsabilidade, sim. N\u00f3s vamos \u00e0 \u00faltima consequ\u00eancia\u201d, indica o presidente nacional do PDT, Carlos Lupi, ao criticar, nesta segunda-feira (1), a gest\u00e3o de Jair Bolsonaro, principalmente durante a pandemia do Covid-19, e exigir puni\u00e7\u00f5es, incluindo o impeachment, para os erros sistem\u00e1ticos.<\/p>\n<p class=\"yiv7972008106MsoNormal\">\u201cN\u00f3s j\u00e1 estamos responsabilizando-o na Corte de Haia. Isso n\u00e3o vai ficar assim. A responsabilidade pelas mortes desses milhares de brasileiros \u00e9 do senhor Jair Bolsonaro, sim\u201d, ratifica, ao citar as den\u00fancias feitas pelo partido no tribunal internacional da Organiza\u00e7\u00e3o das Na\u00e7\u00f5es Unidas (ONU).<\/p>\n<p class=\"yiv7972008106MsoNormal\">Para sustentar a necessidade de retirada de Bolsonaro do cargo, Lupi menciona o progressivo aumento do n\u00famero de mortes e infectados, a precariza\u00e7\u00e3o do plano de imuniza\u00e7\u00e3o e o comprometimento do sistema de sa\u00fade por todo o pa\u00eds.<\/p>\n<p class=\"yiv7972008106MsoNormal\">\u201cNo pior momento que estamos vivendo da pandemia, a grande maioria dos hospitais sem ajuda do governo federal e sem vacina. At\u00e9 onde vai isso?\u201d, questiona.<\/p>\n<p class=\"yiv7972008106MsoNormal\">\u201cMais de 250 mil brasileiros morreram; mais de 10 milh\u00f5es de infectados \u2013 incluindo aqueles que conseguiram fazer os testes \u2013; 80%, em m\u00e9dia, dos hospitais com suas urg\u00eancias e CTIs ocupados e, de cada tr\u00eas brasileiros que s\u00e3o, infelizmente, entubados, dois perdem a vida\u201d, pontua.<\/p>\n<p class=\"yiv7972008106MsoNormal\">A crise brasileira \u00e9 potencializada, segundo o pedetista, pela neglig\u00eancia e negacionismo de Bolsonaro na desestrutura\u00e7\u00e3o das pol\u00edticas p\u00fablicas e no desmonte do Estado.<\/p>\n<p class=\"yiv7972008106MsoNormal\">\u201cEle n\u00e3o toma provid\u00eancias, profetiza ignor\u00e2ncia, n\u00e3o segue a ci\u00eancia, n\u00e3o d\u00e1 os equipamentos necess\u00e1rios para prote\u00e7\u00e3o e incentiva aglomera\u00e7\u00e3o, inclusive pessoalmente\u201d, condena.<\/p>\n<p class=\"yiv7972008106MsoNormal\">Caminhos<\/p>\n<p class=\"yiv7972008106MsoNormal\">Como alternativa, Lupi aponta para a indispens\u00e1vel mudan\u00e7a da atual pol\u00edtica econ\u00f4mica, que est\u00e1 vinculada aos interesses do mercado financeiro. A proposta trabalhista \u00e9 sustentada no Projeto Nacional de Desenvolvimento (PND), capitaneado por Ciro Gomes.<\/p>\n<p class=\"yiv7972008106MsoNormal\">\u201cA solu\u00e7\u00e3o \u00e9 o governo federal usar o seu dinheiro, que usa para abater juros e servi\u00e7o da d\u00edvida e dar isen\u00e7\u00e3o fiscal, a servi\u00e7o para salvar o povo brasileiro\u201d, comenta, ao finalizar: \u201cN\u00f3s acreditamos no Brasil. Est\u00e1 dif\u00edcil suportar esse presidente.\u201d<\/p>\n<p class=\"yiv7972008106MsoNormal\">Confira o v\u00eddeo, no Facebook:\u00a0<a href=\"https:\/\/www.facebook.com\/LupiPDT\/videos\/815687075967593\" target=\"_blank\" rel=\"nofollow noopener noreferrer\">https:\/\/www.facebook.com\/LupiPDT\/videos\/815687075967593<\/a><\/p>\n<\/div>\n<\/div>\n<\/div>\n<\/div>\n<!-- AddThis Advanced Settings generic via filter on the_content --><!-- AddThis Share Buttons generic via filter on the_content -->","protected":false},"excerpt":{"rendered":"<p>Presidente do PDT lista s\u00e9rie de a\u00e7\u00f5es equivocadas do governo federal na pandemia do Covid-19 \u201cVai responder por esses crimes. \u00c9 de responsabilidade, sim. N\u00f3s vamos \u00e0 \u00faltima consequ\u00eancia\u201d, indica o presidente nacional do PDT, Carlos Lupi, ao criticar, nesta segunda-feira (1), a gest\u00e3o de Jair Bolsonaro, principalmente durante a pandemia do Covid-19, e exigir&#8230;<!-- AddThis Advanced Settings generic via filter on wp_trim_excerpt --><!-- AddThis Share Buttons generic via filter on wp_trim_excerpt --><\/p>\n","protected":false},"author":17,"featured_media":76436,"comment_status":"closed","ping_status":"closed","sticky":false,"template":"","format":"standard","meta":{"_monsterinsights_skip_tracking":false,"_monsterinsights_sitenote_active":false,"_monsterinsights_sitenote_note":"","_monsterinsights_sitenote_category":0,"_uf_show_specific_survey":0,"_uf_disable_surveys":false,"footnotes":""},"categories":[975,976],"tags":[196,4491,67,4492],"class_list":["post-76435","post","type-post","status-publish","format-standard","has-post-thumbnail","hentry","category-manchete","category-noticias-em-destaque","tag-carlos-lupi","tag-crimes-de-responsabilidade","tag-onu","tag-rganizacao-das-nacoes-unidas"],"acf":[],"_links":{"self":[{"href":"https:\/\/pdt-rj.org.br\/index.php\/wp-json\/wp\/v2\/posts\/76435","targetHints":{"allow":["GET"]}}],"collection":[{"href":"https:\/\/pdt-rj.org.br\/index.php\/wp-json\/wp\/v2\/posts"}],"about":[{"href":"https:\/\/pdt-rj.org.br\/index.php\/wp-json\/wp\/v2\/types\/post"}],"author":[{"embeddable":true,"href":"https:\/\/pdt-rj.org.br\/index.php\/wp-json\/wp\/v2\/users\/17"}],"replies":[{"embeddable":true,"href":"https:\/\/pdt-rj.org.br\/index.php\/wp-json\/wp\/v2\/comments?post=76435"}],"version-history":[{"count":4,"href":"https:\/\/pdt-rj.org.br\/index.php\/wp-json\/wp\/v2\/posts\/76435\/revisions"}],"predecessor-version":[{"id":76552,"href":"https:\/\/pdt-rj.org.br\/index.php\/wp-json\/wp\/v2\/posts\/76435\/revisions\/76552"}],"wp:featuredmedia":[{"embeddable":true,"href":"https:\/\/pdt-rj.org.br\/index.php\/wp-json\/wp\/v2\/media\/76436"}],"wp:attachment":[{"href":"https:\/\/pdt-rj.org.br\/index.php\/wp-json\/wp\/v2\/media?parent=76435"}],"wp:term":[{"taxonomy":"category","embeddable":true,"href":"https:\/\/pdt-rj.org.br\/index.php\/wp-json\/wp\/v2\/categories?post=76435"},{"taxonomy":"post_tag","embeddable":true,"href":"https:\/\/pdt-rj.org.br\/index.php\/wp-json\/wp\/v2\/tags?post=76435"}],"curies":[{"name":"wp","href":"https:\/\/api.w.org\/{rel}","templated":true}]}}