{"id":76419,"date":"2021-02-27T12:42:47","date_gmt":"2021-02-27T15:42:47","guid":{"rendered":"http:\/\/pdt-rj.org.br\/?p=76419"},"modified":"2021-03-02T20:17:27","modified_gmt":"2021-03-02T23:17:27","slug":"toffoli-julga-adpf-do-pdt-e-considera-ilegal-defesa-da-honra-em-casos-de-feminicidio","status":"publish","type":"post","link":"https:\/\/pdt-rj.org.br\/index.php\/toffoli-julga-adpf-do-pdt-e-considera-ilegal-defesa-da-honra-em-casos-de-feminicidio\/","title":{"rendered":"Toffoli julga ADPF do PDT e considera ilegal defesa da honra em casos de feminic\u00eddio"},"content":{"rendered":"<p>A luta do PDT em defesa da mulher alcan\u00e7ou importante vit\u00f3ria na \u00faltima sexta-feira (26). Motivado por a\u00e7\u00e3o pedetista, o ministro do Supremo Tribunal Federal (STF), Dias Toffoli, decidiu liminarmente pela inconstitucionalidade da aplica\u00e7\u00e3o da tese de leg\u00edtima defesa da honra em processos criminais envolvendo o feminic\u00eddio. Na quinta-feira (5), o plen\u00e1rio da Corte vai decidir se referenda ou n\u00e3o a liminar de Toffoli.<\/p>\n<p>A decis\u00e3o de Toffoli \u00e9 uma resposta \u00e0 Argui\u00e7\u00e3o de Descumprimento de Preceito Fundamental (ADPF) 779, movida pelo PDT no in\u00edcio de janeiro e originada no movimento PDT Diversidade. Na a\u00e7\u00e3o, o partido assinalou que, pelo menos desde 1991, Tribunais do J\u00fari t\u00eam absolvido feminicidas com fundamento nessa tese.<\/p>\n<p>Como havia afirmado a presidente nacional do PDT Diversidade, Amanda Anderson, a a\u00e7\u00e3o \u201c\u00e9 justamente porque alguns ju\u00edzes desconsideram o feminicidio para colocar como defesa da honra. A defesa da honra esta prevista no c\u00f3digo de 1943, uma lei que est\u00e1 em desuso e que alguns ju\u00edzes est\u00e3o aplicando para tentar passar pano para feminicida\u201d.<\/p>\n<p>Em conson\u00e2ncia a argumenta\u00e7\u00e3o do partido, o ministro do STF considerou que qualquer interpreta\u00e7\u00e3o de dispositivos infraconstitucionais que admita a absolvi\u00e7\u00e3o de assassinos de mulheres por leg\u00edtima defesa da honra contraria os princ\u00edpios constitucionais da dignidade da pessoa humana, da prote\u00e7\u00e3o \u00e0 vida e da igualdade de g\u00eanero.<\/p>\n<p>\u201cApesar da alcunha de leg\u00edtima defesa, instituto t\u00e9cnico-jur\u00eddico amplamente amparado no direito brasileiro, a chamada leg\u00edtima defesa da honra corresponde, na realidade, a recurso argumentativo\/ret\u00f3rico odioso, desumano e cruel utilizado pelas defesas de acusados de feminic\u00eddio ou agress\u00f5es contra mulher para imputar \u00e0s v\u00edtimas a causa de suas pr\u00f3prias mortes ou les\u00f5es, contribuindo imensamente para a naturaliza\u00e7\u00e3o e a perpetua\u00e7\u00e3o da cultura de viol\u00eancia contra as mulheres no Brasil\u201d, afirmou o ministro em decis\u00e3o.<\/p>\n<!-- AddThis Advanced Settings generic via filter on the_content --><!-- AddThis Share Buttons generic via filter on the_content -->","protected":false},"excerpt":{"rendered":"<p>A luta do PDT em defesa da mulher alcan\u00e7ou importante vit\u00f3ria na \u00faltima sexta-feira (26). Motivado por a\u00e7\u00e3o pedetista, o ministro do Supremo Tribunal Federal (STF), Dias Toffoli, decidiu liminarmente pela inconstitucionalidade da aplica\u00e7\u00e3o da tese de leg\u00edtima defesa da honra em processos criminais envolvendo o feminic\u00eddio. Na quinta-feira (5), o plen\u00e1rio da Corte vai&#8230;<!-- AddThis Advanced Settings generic via filter on wp_trim_excerpt --><!-- AddThis Share Buttons generic via filter on wp_trim_excerpt --><\/p>\n","protected":false},"author":17,"featured_media":76420,"comment_status":"closed","ping_status":"closed","sticky":false,"template":"","format":"standard","meta":{"_monsterinsights_skip_tracking":false,"_monsterinsights_sitenote_active":false,"_monsterinsights_sitenote_note":"","_monsterinsights_sitenote_category":0,"_uf_show_specific_survey":0,"_uf_disable_surveys":false,"footnotes":""},"categories":[1397,1401,976,1912],"tags":[4489,1963,38,59,28],"class_list":["post-76419","post","type-post","status-publish","format-standard","has-post-thumbnail","hentry","category-movimentos","category-nacional","category-noticias-em-destaque","category-diversidade","tag-dias-toffoli","tag-feminicidio","tag-pdt","tag-pdt-diversidade","tag-stf"],"acf":[],"_links":{"self":[{"href":"https:\/\/pdt-rj.org.br\/index.php\/wp-json\/wp\/v2\/posts\/76419","targetHints":{"allow":["GET"]}}],"collection":[{"href":"https:\/\/pdt-rj.org.br\/index.php\/wp-json\/wp\/v2\/posts"}],"about":[{"href":"https:\/\/pdt-rj.org.br\/index.php\/wp-json\/wp\/v2\/types\/post"}],"author":[{"embeddable":true,"href":"https:\/\/pdt-rj.org.br\/index.php\/wp-json\/wp\/v2\/users\/17"}],"replies":[{"embeddable":true,"href":"https:\/\/pdt-rj.org.br\/index.php\/wp-json\/wp\/v2\/comments?post=76419"}],"version-history":[{"count":2,"href":"https:\/\/pdt-rj.org.br\/index.php\/wp-json\/wp\/v2\/posts\/76419\/revisions"}],"predecessor-version":[{"id":76500,"href":"https:\/\/pdt-rj.org.br\/index.php\/wp-json\/wp\/v2\/posts\/76419\/revisions\/76500"}],"wp:featuredmedia":[{"embeddable":true,"href":"https:\/\/pdt-rj.org.br\/index.php\/wp-json\/wp\/v2\/media\/76420"}],"wp:attachment":[{"href":"https:\/\/pdt-rj.org.br\/index.php\/wp-json\/wp\/v2\/media?parent=76419"}],"wp:term":[{"taxonomy":"category","embeddable":true,"href":"https:\/\/pdt-rj.org.br\/index.php\/wp-json\/wp\/v2\/categories?post=76419"},{"taxonomy":"post_tag","embeddable":true,"href":"https:\/\/pdt-rj.org.br\/index.php\/wp-json\/wp\/v2\/tags?post=76419"}],"curies":[{"name":"wp","href":"https:\/\/api.w.org\/{rel}","templated":true}]}}