{"id":76415,"date":"2021-02-27T03:29:30","date_gmt":"2021-02-27T06:29:30","guid":{"rendered":"http:\/\/pdt-rj.org.br\/?p=76415"},"modified":"2021-03-02T20:17:55","modified_gmt":"2021-03-02T23:17:55","slug":"ciro-gomes-alerta-que-manter-bolsonaro-presidente-condena-o-povo-a-morte","status":"publish","type":"post","link":"https:\/\/pdt-rj.org.br\/index.php\/ciro-gomes-alerta-que-manter-bolsonaro-presidente-condena-o-povo-a-morte\/","title":{"rendered":"Ciro Gomes alerta: manter Bolsonaro na Presid\u00eancia do Pa\u00eds \u00e9 condenar o povo \u00e0 morte"},"content":{"rendered":"<p class=\"yiv0585067492p2\"><em><strong>Ao criticar aglomera\u00e7\u00f5es do presidente, l\u00edder do PDT menciona risco iminente de colapso da Sa\u00fade<\/strong><\/em><\/p>\n<p class=\"yiv0585067492p1\"><span class=\"yiv0585067492s1\">Com os novos diagn\u00f3sticos anunciados por cientistas e gestores p\u00fablicos sobre o iminente colapso dos sistemas p\u00fablico e privado de sa\u00fade no Brasil, o ex-governador do Cear\u00e1, Ciro Gomes, voltou a conclamar deputados e senadores. Como sa\u00edda para o caos, o pedetista reiterou nessa sexta-feira (26), pelas redes sociais, a medida emergencial que julga necess\u00e1ria: o impeachment de Jair Bolsonaro.\u00a0<\/span><\/p>\n<p class=\"yiv0585067492p1\"><span class=\"yiv0585067492s1\">\u201cMais uma vez me dirijo ao que resta de dec\u00eancia do Congresso Nacional: manter Bolsonaro como presidente \u00e9 manter nosso povo acuado, sem emprego, sem renda, sem comida e condenado \u00e0 morte!\u201d, afirmou, na sua conta oficial no Twitter.<\/span><\/p>\n<p class=\"yiv0585067492p1\"><span class=\"yiv0585067492s1\">No atual contexto, o vice-presidente nacional do PDT evidencia a inoper\u00e2ncia do governo federal e a inconsequ\u00eancia genocida do presidente da Rep\u00fablica, que est\u00e3o sendo comprovadas n\u00e3o s\u00f3 desde o in\u00edcio da pandemia, mas ao longo de toda a gest\u00e3o, iniciada em janeiro de 2019. A realidade gera, consequentemente, um conflito entre os respons\u00e1veis por salvar vidas e os negacionistas instalados no Pal\u00e1cio do Planalto.<\/span><\/p>\n<p class=\"yiv0585067492p1\"><span class=\"yiv0585067492s1\">\u201cO Brasil est\u00e1 muito pr\u00f3ximo de viver uma trag\u00e9dia assustadora! Governadores e prefeitos est\u00e3o tentando proteger a popula\u00e7\u00e3o com medidas restritivas, como toque de recolher e <em>lockdown<\/em>. E Bolsonaro, CRIMINOSAMENTE, promove aglomera\u00e7\u00f5es em munic\u00edpios com graves \u00edndices de Covid-19\u201d, relatou.\u00a0<\/span><\/p>\n<p class=\"yiv0585067492p1\"><span class=\"yiv0585067492s1\">Ao considerar que a desestabiliza\u00e7\u00e3o democr\u00e1tica e a propaga\u00e7\u00e3o da desestrutura\u00e7\u00e3o do Estado formam um projeto central bolsonarista, Ciro busca, de forma cada vez mais incisiva, mobilizar o pa\u00eds para impedir a concretiza\u00e7\u00e3o de uma cat\u00e1strofe sanit\u00e1ria sem precedentes.\u00a0<\/span><\/p>\n<p class=\"yiv0585067492p1\"><span class=\"yiv0585067492s1\">\u201cBolsonaro est\u00e1 condenando a popula\u00e7\u00e3o brasileira a assistir ainda mais mortes. Repito: o que est\u00e1 projetado para os pr\u00f3ximos dias \u00e9 terr\u00edvel. \u00c9 o colapso do sistema de sa\u00fade!\u201d, comentou.<\/span><\/p>\n<!-- AddThis Advanced Settings generic via filter on the_content --><!-- AddThis Share Buttons generic via filter on the_content -->","protected":false},"excerpt":{"rendered":"<p>Ao criticar aglomera\u00e7\u00f5es do presidente, l\u00edder do PDT menciona risco iminente de colapso da Sa\u00fade Com os novos diagn\u00f3sticos anunciados por cientistas e gestores p\u00fablicos sobre o iminente colapso dos sistemas p\u00fablico e privado de sa\u00fade no Brasil, o ex-governador do Cear\u00e1, Ciro Gomes, voltou a conclamar deputados e senadores. Como sa\u00edda para o caos,&#8230;<!-- AddThis Advanced Settings generic via filter on wp_trim_excerpt --><!-- AddThis Share Buttons generic via filter on wp_trim_excerpt --><\/p>\n","protected":false},"author":17,"featured_media":76416,"comment_status":"closed","ping_status":"closed","sticky":false,"template":"","format":"standard","meta":{"_monsterinsights_skip_tracking":false,"_monsterinsights_sitenote_active":false,"_monsterinsights_sitenote_note":"","_monsterinsights_sitenote_category":0,"_uf_show_specific_survey":0,"_uf_disable_surveys":false,"footnotes":""},"categories":[1390,1401,976],"tags":[220,3348,3465,687],"class_list":["post-76415","post","type-post","status-publish","format-standard","has-post-thumbnail","hentry","category-editorias","category-nacional","category-noticias-em-destaque","tag-ciro-gomes","tag-covid-19","tag-lockdown","tag-palacio-do-planalto"],"acf":[],"_links":{"self":[{"href":"https:\/\/pdt-rj.org.br\/index.php\/wp-json\/wp\/v2\/posts\/76415","targetHints":{"allow":["GET"]}}],"collection":[{"href":"https:\/\/pdt-rj.org.br\/index.php\/wp-json\/wp\/v2\/posts"}],"about":[{"href":"https:\/\/pdt-rj.org.br\/index.php\/wp-json\/wp\/v2\/types\/post"}],"author":[{"embeddable":true,"href":"https:\/\/pdt-rj.org.br\/index.php\/wp-json\/wp\/v2\/users\/17"}],"replies":[{"embeddable":true,"href":"https:\/\/pdt-rj.org.br\/index.php\/wp-json\/wp\/v2\/comments?post=76415"}],"version-history":[{"count":4,"href":"https:\/\/pdt-rj.org.br\/index.php\/wp-json\/wp\/v2\/posts\/76415\/revisions"}],"predecessor-version":[{"id":76466,"href":"https:\/\/pdt-rj.org.br\/index.php\/wp-json\/wp\/v2\/posts\/76415\/revisions\/76466"}],"wp:featuredmedia":[{"embeddable":true,"href":"https:\/\/pdt-rj.org.br\/index.php\/wp-json\/wp\/v2\/media\/76416"}],"wp:attachment":[{"href":"https:\/\/pdt-rj.org.br\/index.php\/wp-json\/wp\/v2\/media?parent=76415"}],"wp:term":[{"taxonomy":"category","embeddable":true,"href":"https:\/\/pdt-rj.org.br\/index.php\/wp-json\/wp\/v2\/categories?post=76415"},{"taxonomy":"post_tag","embeddable":true,"href":"https:\/\/pdt-rj.org.br\/index.php\/wp-json\/wp\/v2\/tags?post=76415"}],"curies":[{"name":"wp","href":"https:\/\/api.w.org\/{rel}","templated":true}]}}