{"id":76394,"date":"2021-02-26T18:16:10","date_gmt":"2021-02-26T21:16:10","guid":{"rendered":"http:\/\/pdt-rj.org.br\/?p=76394"},"modified":"2021-03-04T19:55:42","modified_gmt":"2021-03-04T22:55:42","slug":"pdt-vai-ao-stf-contra-privatizacao-da-eletrobras","status":"publish","type":"post","link":"https:\/\/pdt-rj.org.br\/index.php\/pdt-vai-ao-stf-contra-privatizacao-da-eletrobras\/","title":{"rendered":"PDT vai ao STF contra privatiza\u00e7\u00e3o da Eletrobr\u00e1s"},"content":{"rendered":"<p>O PDT ajuizou A\u00e7\u00e3o Direta de Inconstitucionalidade (ADI) no Supremo Tribunal Federal (STF) contra a Medida Provis\u00f3ria n\u00ba 1.031\/2021 que disp\u00f5e sobre a privatiza\u00e7\u00e3o da Eletrobr\u00e1s e suas subsidi\u00e1rias.<\/p>\n<p>Para o partido, a edi\u00e7\u00e3o da Medida Provis\u00f3ria representou uma burla ao Poder Legislativo, tendo em vista que h\u00e1 dois projetos de lei sobre o mesmo tema e com igual teor, enviados pelo Governo Temer, quanto pelo pr\u00f3prio Governo Bolsonaro.<\/p>\n<p>O partido tamb\u00e9m defende que a Eletrobras, se privatizada, n\u00e3o pode herdar novas concess\u00f5es pelo prazo de trinta anos sem que sejam feitas novas concess\u00f5es. A Constitui\u00e7\u00e3o veda expressamente a concess\u00e3o de servi\u00e7os p\u00fablicos, como o de energia el\u00e9trica, seja feita sem licita\u00e7\u00e3o, mesmo que por lei. Reconhecida essa inconstitucionalidade, o modelo de aumento de capital para privatiza\u00e7\u00e3o pode ficar inviabilizado e frustrar a privatiza\u00e7\u00e3o da Eletrobras.<\/p>\n<p>Por fim, o partido defende que as garantias prestadas pela Uni\u00e3o n\u00e3o podem ser mantidas \u00e0 Eletrobras depois de privatizada, pois a Constitui\u00e7\u00e3o Federal permite que essas opera\u00e7\u00f5es sejam feitas somente em favor de estatais.<\/p>\n<p>Confira a \u00edntegra da a\u00e7\u00e3o: <a href=\"http:\/\/pdt-rj.org.br\/wp-content\/uploads\/2021\/02\/ADI-do-PDT-contra-privatiza\u00e7\u00e3o-da-Eletrobr\u00e1s.pdf\">ADI do PDT contra privatiza\u00e7\u00e3o da Eletrobr\u00e1s<\/a>.<\/p>\n<!-- AddThis Advanced Settings generic via filter on the_content --><!-- AddThis Share Buttons generic via filter on the_content -->","protected":false},"excerpt":{"rendered":"<p>O PDT ajuizou A\u00e7\u00e3o Direta de Inconstitucionalidade (ADI) no Supremo Tribunal Federal (STF) contra a Medida Provis\u00f3ria n\u00ba 1.031\/2021 que disp\u00f5e sobre a privatiza\u00e7\u00e3o da Eletrobr\u00e1s e suas subsidi\u00e1rias. Para o partido, a edi\u00e7\u00e3o da Medida Provis\u00f3ria representou uma burla ao Poder Legislativo, tendo em vista que h\u00e1 dois projetos de lei sobre o mesmo&#8230;<!-- AddThis Advanced Settings generic via filter on wp_trim_excerpt --><!-- AddThis Share Buttons generic via filter on wp_trim_excerpt --><\/p>\n","protected":false},"author":17,"featured_media":76395,"comment_status":"closed","ping_status":"closed","sticky":false,"template":"","format":"standard","meta":{"_monsterinsights_skip_tracking":false,"_monsterinsights_sitenote_active":false,"_monsterinsights_sitenote_note":"","_monsterinsights_sitenote_category":0,"_uf_show_specific_survey":0,"_uf_disable_surveys":false,"footnotes":""},"categories":[1390,975,976],"tags":[1747,38,4524],"class_list":["post-76394","post","type-post","status-publish","format-standard","has-post-thumbnail","hentry","category-editorias","category-manchete","category-noticias-em-destaque","tag-eletrobras","tag-pdt","tag-privatizacao-da-eletrobras"],"acf":[],"_links":{"self":[{"href":"https:\/\/pdt-rj.org.br\/index.php\/wp-json\/wp\/v2\/posts\/76394","targetHints":{"allow":["GET"]}}],"collection":[{"href":"https:\/\/pdt-rj.org.br\/index.php\/wp-json\/wp\/v2\/posts"}],"about":[{"href":"https:\/\/pdt-rj.org.br\/index.php\/wp-json\/wp\/v2\/types\/post"}],"author":[{"embeddable":true,"href":"https:\/\/pdt-rj.org.br\/index.php\/wp-json\/wp\/v2\/users\/17"}],"replies":[{"embeddable":true,"href":"https:\/\/pdt-rj.org.br\/index.php\/wp-json\/wp\/v2\/comments?post=76394"}],"version-history":[{"count":7,"href":"https:\/\/pdt-rj.org.br\/index.php\/wp-json\/wp\/v2\/posts\/76394\/revisions"}],"predecessor-version":[{"id":76548,"href":"https:\/\/pdt-rj.org.br\/index.php\/wp-json\/wp\/v2\/posts\/76394\/revisions\/76548"}],"wp:featuredmedia":[{"embeddable":true,"href":"https:\/\/pdt-rj.org.br\/index.php\/wp-json\/wp\/v2\/media\/76395"}],"wp:attachment":[{"href":"https:\/\/pdt-rj.org.br\/index.php\/wp-json\/wp\/v2\/media?parent=76394"}],"wp:term":[{"taxonomy":"category","embeddable":true,"href":"https:\/\/pdt-rj.org.br\/index.php\/wp-json\/wp\/v2\/categories?post=76394"},{"taxonomy":"post_tag","embeddable":true,"href":"https:\/\/pdt-rj.org.br\/index.php\/wp-json\/wp\/v2\/tags?post=76394"}],"curies":[{"name":"wp","href":"https:\/\/api.w.org\/{rel}","templated":true}]}}