{"id":76379,"date":"2021-02-26T15:23:20","date_gmt":"2021-02-26T18:23:20","guid":{"rendered":"http:\/\/pdt-rj.org.br\/?p=76379"},"modified":"2021-03-01T15:56:00","modified_gmt":"2021-03-01T18:56:00","slug":"pandemia-e-diplomacia-pautam-audiencia-do-pdt-com-embaixador-da-china","status":"publish","type":"post","link":"https:\/\/pdt-rj.org.br\/index.php\/pandemia-e-diplomacia-pautam-audiencia-do-pdt-com-embaixador-da-china\/","title":{"rendered":"Pandemia e diplomacia pautam audi\u00eancia do PDT com embaixador da China"},"content":{"rendered":"<div dir=\"ltr\">\n<p><em><strong>Liderados por Carlos Lupi, representantes nacionais do partido condenaram ataques de Jair Bolsonaro<\/strong><\/em><\/p>\n<p>&nbsp;<\/p>\n<p>Liderados pelo presidente nacional do PDT, Carlos Lupi, representantes do PDT participaram, nessa quinta-feira (25), de uma audi\u00eancia com o embaixador da China no Brasil, Yang Wanming. Na pauta, os impactos da pandemia do coronav\u00edrus, a viabiliza\u00e7\u00e3o de vacinas e o relacionamento diplom\u00e1tico.<\/p>\n<p>No formato virtual, o encontro contou com as participa\u00e7\u00f5es do vice-presidente e secret\u00e1rio-geral nacional do partido, Ciro Gomes e Manoel Dias, respectivamente, bem como do senador Weverton Rocha e do deputado federal Wolney Queiroz.<\/p>\n<p>\u201cAgradecimento e solidariedade, ao povo chin\u00eas, pela ajuda nas vacinas e o desagravo pelo comportamento grosseiro e beligerante do atual governo brasileiro\u201d, relatou Lupi.<\/p>\n<p>Apesar dos reiterados ataques promovidos pelo presidente da Rep\u00fablica, Jair Bolsonaro, e sua fam\u00edlia, o governo do pa\u00eds asi\u00e1tico mostrou, segundo os pedetistas, firmeza e comprometimento para manter os hist\u00f3ricos e positivos la\u00e7os entre as na\u00e7\u00f5es.<\/p>\n<p>Prova disso foi o desenvolvimento e fabrica\u00e7\u00e3o da vacina CoronaVac, criada pela parceria do Instituto Butantan com a farmac\u00eautica chinesa Sinovac. No setor de sa\u00fade, tamb\u00e9m merece destaque o fornecimento de produtos e insumos, incluindo o ingrediente farmac\u00eautico ativo (IFA), que \u00e9 a mat\u00e9ria-prima dos imunizantes.<\/p>\n<\/div>\n<!-- AddThis Advanced Settings generic via filter on the_content --><!-- AddThis Share Buttons generic via filter on the_content -->","protected":false},"excerpt":{"rendered":"<p>Liderados por Carlos Lupi, representantes nacionais do partido condenaram ataques de Jair Bolsonaro &nbsp; Liderados pelo presidente nacional do PDT, Carlos Lupi, representantes do PDT participaram, nessa quinta-feira (25), de uma audi\u00eancia com o embaixador da China no Brasil, Yang Wanming. Na pauta, os impactos da pandemia do coronav\u00edrus, a viabiliza\u00e7\u00e3o de vacinas e o&#8230;<!-- AddThis Advanced Settings generic via filter on wp_trim_excerpt --><!-- AddThis Share Buttons generic via filter on wp_trim_excerpt --><\/p>\n","protected":false},"author":17,"featured_media":76389,"comment_status":"closed","ping_status":"closed","sticky":false,"template":"","format":"standard","meta":{"_monsterinsights_skip_tracking":false,"_monsterinsights_sitenote_active":false,"_monsterinsights_sitenote_note":"","_monsterinsights_sitenote_category":0,"_uf_show_specific_survey":0,"_uf_disable_surveys":false,"footnotes":""},"categories":[1390,975,976],"tags":[196,3350,220,3935,4483,4484,591,4485,4237,962,964],"class_list":["post-76379","post","type-post","status-publish","format-standard","has-post-thumbnail","hentry","category-editorias","category-manchete","category-noticias-em-destaque","tag-carlos-lupi","tag-china","tag-ciro-gomes","tag-coronavac","tag-ifa","tag-ingrediente-farmaceutico-ativo","tag-manoel-dias","tag-relacionamento-diplomatico","tag-sinovac","tag-weverton-rocha","tag-wolney-queiroz"],"acf":[],"_links":{"self":[{"href":"https:\/\/pdt-rj.org.br\/index.php\/wp-json\/wp\/v2\/posts\/76379","targetHints":{"allow":["GET"]}}],"collection":[{"href":"https:\/\/pdt-rj.org.br\/index.php\/wp-json\/wp\/v2\/posts"}],"about":[{"href":"https:\/\/pdt-rj.org.br\/index.php\/wp-json\/wp\/v2\/types\/post"}],"author":[{"embeddable":true,"href":"https:\/\/pdt-rj.org.br\/index.php\/wp-json\/wp\/v2\/users\/17"}],"replies":[{"embeddable":true,"href":"https:\/\/pdt-rj.org.br\/index.php\/wp-json\/wp\/v2\/comments?post=76379"}],"version-history":[{"count":5,"href":"https:\/\/pdt-rj.org.br\/index.php\/wp-json\/wp\/v2\/posts\/76379\/revisions"}],"predecessor-version":[{"id":76400,"href":"https:\/\/pdt-rj.org.br\/index.php\/wp-json\/wp\/v2\/posts\/76379\/revisions\/76400"}],"wp:featuredmedia":[{"embeddable":true,"href":"https:\/\/pdt-rj.org.br\/index.php\/wp-json\/wp\/v2\/media\/76389"}],"wp:attachment":[{"href":"https:\/\/pdt-rj.org.br\/index.php\/wp-json\/wp\/v2\/media?parent=76379"}],"wp:term":[{"taxonomy":"category","embeddable":true,"href":"https:\/\/pdt-rj.org.br\/index.php\/wp-json\/wp\/v2\/categories?post=76379"},{"taxonomy":"post_tag","embeddable":true,"href":"https:\/\/pdt-rj.org.br\/index.php\/wp-json\/wp\/v2\/tags?post=76379"}],"curies":[{"name":"wp","href":"https:\/\/api.w.org\/{rel}","templated":true}]}}