{"id":76343,"date":"2021-02-25T15:59:06","date_gmt":"2021-02-25T18:59:06","guid":{"rendered":"http:\/\/pdt-rj.org.br\/?p=76343"},"modified":"2021-02-26T15:39:30","modified_gmt":"2021-02-26T18:39:30","slug":"fundador-do-pdt-ney-ortiz-morre-aos-96-anos","status":"publish","type":"post","link":"https:\/\/pdt-rj.org.br\/index.php\/fundador-do-pdt-ney-ortiz-morre-aos-96-anos\/","title":{"rendered":"Fundador do PDT, Ney Ortiz morre, aos 96 anos"},"content":{"rendered":"<p class=\"yiv5243244036gmail-msonospacing\"><em><b>No Rio Grande do Sul, lideran\u00e7a trabalhista marcou sua trajet\u00f3ria ao lado de Brizola e Jo\u00e3o Goulart<\/b><\/em><\/p>\n<p class=\"yiv9004130677gmail-yiv5243244036gmail-msonospacing\">O PDT perdeu, nessa quarta-feira (24), dois importantes fundadores do partido: Ney Ortiz Borges e\u00a0<a href=\"http:\/\/pdt-rj.org.br\/index.php\/pdt-se-despede-de-hari-alexandre-brust-fundador-do-partido-e-presidente-de-honra-do-pdt-da-bahia\/\" target=\"_blank\" rel=\"nofollow noopener noreferrer\">Hari Alexandre Brust<\/a>. Com trajet\u00f3ria marcante de lutas, em prol do povo, ao lado de Leonel Brizola e Jo\u00e3o Goulart (Jango), Ortiz faleceu aos 97 anos, de Alzheimer.<\/p>\n<div class=\"I_52qC D_FY W_6D6F\" data-test-id=\"message-view-body\">\n<div class=\"msg-body P_wpofO mq_AS\" data-test-id=\"message-view-body-content\">\n<div class=\"jb_0 X_6MGW N_6Fd5\">\n<div>\n<div id=\"yiv0653016828\">\n<div dir=\"ltr\">\n<p>O advogado e ex-parlamentar ga\u00facho iniciou sua milit\u00e2ncia pol\u00edtica em 1945, ap\u00f3s a deposi\u00e7\u00e3o do presidente da Rep\u00fablica, Get\u00falio Vargas. Integrante do Quererismo, fortaleceu o movimento que buscava a manuten\u00e7\u00e3o do trabalhista no poder. Nesse per\u00edodo, ele conheceu Brizola, a partir do setor jovem do PTB original.<\/p>\n<p>Refer\u00eancia, Ortiz \u2013 ex-vereador de Porto Alegre e ex-deputado estadual e federal \u2013participou da Cadeia da Legalidade, em 1961. O enfretamento, consequentemente, colocou o l\u00edder do governo do presidente Jango, no parlamento federal, como um dos cinco primeiros cassados pelo golpe de 1964. Tal ataque foi efetivado com a imposi\u00e7\u00e3o do Ato Institucional\u00a0n\u00ba 1 (AI-1).<\/p>\n<p>Para evitar a pris\u00e3o, o ent\u00e3o deputado buscou ref\u00fagio na embaixada da Iugosl\u00e1via, em Bras\u00edlia (DF). De l\u00e1, com nome alterado, passou a residir em diversos estados, incluindo Minas Gerais, S\u00e3o Paulo e Rio de Janeiro.<\/p>\n<p><strong>Redemocratiza\u00e7\u00e3o<\/strong><\/p>\n<p>Integrante do Encontro de Lisboa, em Portugal, \u2013 realizado entre os dias 15 e 17 de junho de 1979 e que mobilizou as representa\u00e7\u00f5es trabalhistas na retomada do processo democr\u00e1tico no Brasil \u2013, Ortiz simbolizou a resist\u00eancia contra as persegui\u00e7\u00f5es do regime militar e a proje\u00e7\u00e3o dos ideais trabalhistas, como Estado fortalecido, direitos garantidos e a educa\u00e7\u00e3o qualificada.<\/p>\n<p>Em nota, a deputada estadual, Juliana Brizola (PDT-RS) \u2014 neta do principal l\u00edder pedetista \u2014, relatou, pelas redes sociais, o impacto da perda e ratificou a admira\u00e7\u00e3o pelo legalista nascido em Soledade, mas tamb\u00e9m reconhecido como Cidad\u00e3o Em\u00e9rito da capital ga\u00facha e condecorado, na OAB, por suas contribui\u00e7\u00f5es no executivo e legislativo.<\/p>\n<p>\u201cCom certeza fez hist\u00f3ria e seu legado permanecera\u0301 sempre vivo. Grande trabalhista e parceiro de meu av\u00f4, Leonel Brizola, marcou a \u2018Ala Moc\u0327a\u2019 do antigo PTB. Obrigada por deixar um legado t\u00e3o importante para todos n\u00f3s\u201d, afirmou.<\/p>\n<\/div>\n<\/div>\n<\/div>\n<\/div>\n<\/div>\n<div class=\"jb_0 X_6MGW N_6Fd5\"><\/div>\n<\/div>\n<div class=\"H_7jIs D_F ab_C Q_69H5 E_36RhU\" data-test-id=\"toolbar-hover-area\">\n<div class=\"D_F W_6D6F r_BN gl_C\" data-test-id=\"card-toolbar\"><\/div>\n<\/div>\n<!-- AddThis Advanced Settings generic via filter on the_content --><!-- AddThis Share Buttons generic via filter on the_content -->","protected":false},"excerpt":{"rendered":"<p>No Rio Grande do Sul, lideran\u00e7a trabalhista marcou sua trajet\u00f3ria ao lado de Brizola e Jo\u00e3o Goulart O PDT perdeu, nessa quarta-feira (24), dois importantes fundadores do partido: Ney Ortiz Borges e\u00a0Hari Alexandre Brust. Com trajet\u00f3ria marcante de lutas, em prol do povo, ao lado de Leonel Brizola e Jo\u00e3o Goulart (Jango), Ortiz faleceu aos&#8230;<!-- AddThis Advanced Settings generic via filter on wp_trim_excerpt --><!-- AddThis Share Buttons generic via filter on wp_trim_excerpt --><\/p>\n","protected":false},"author":17,"featured_media":76344,"comment_status":"closed","ping_status":"closed","sticky":false,"template":"","format":"standard","meta":{"_monsterinsights_skip_tracking":false,"_monsterinsights_sitenote_active":false,"_monsterinsights_sitenote_note":"","_monsterinsights_sitenote_category":0,"_uf_show_specific_survey":0,"_uf_disable_surveys":false,"footnotes":""},"categories":[1390],"tags":[4478,437,565,4477],"class_list":["post-76343","post","type-post","status-publish","format-standard","has-post-thumbnail","hentry","category-editorias","tag-encontro-de-lisboa","tag-getulio-vargas","tag-leonel-brizola","tag-ney-ortiz"],"acf":[],"_links":{"self":[{"href":"https:\/\/pdt-rj.org.br\/index.php\/wp-json\/wp\/v2\/posts\/76343","targetHints":{"allow":["GET"]}}],"collection":[{"href":"https:\/\/pdt-rj.org.br\/index.php\/wp-json\/wp\/v2\/posts"}],"about":[{"href":"https:\/\/pdt-rj.org.br\/index.php\/wp-json\/wp\/v2\/types\/post"}],"author":[{"embeddable":true,"href":"https:\/\/pdt-rj.org.br\/index.php\/wp-json\/wp\/v2\/users\/17"}],"replies":[{"embeddable":true,"href":"https:\/\/pdt-rj.org.br\/index.php\/wp-json\/wp\/v2\/comments?post=76343"}],"version-history":[{"count":11,"href":"https:\/\/pdt-rj.org.br\/index.php\/wp-json\/wp\/v2\/posts\/76343\/revisions"}],"predecessor-version":[{"id":76388,"href":"https:\/\/pdt-rj.org.br\/index.php\/wp-json\/wp\/v2\/posts\/76343\/revisions\/76388"}],"wp:featuredmedia":[{"embeddable":true,"href":"https:\/\/pdt-rj.org.br\/index.php\/wp-json\/wp\/v2\/media\/76344"}],"wp:attachment":[{"href":"https:\/\/pdt-rj.org.br\/index.php\/wp-json\/wp\/v2\/media?parent=76343"}],"wp:term":[{"taxonomy":"category","embeddable":true,"href":"https:\/\/pdt-rj.org.br\/index.php\/wp-json\/wp\/v2\/categories?post=76343"},{"taxonomy":"post_tag","embeddable":true,"href":"https:\/\/pdt-rj.org.br\/index.php\/wp-json\/wp\/v2\/tags?post=76343"}],"curies":[{"name":"wp","href":"https:\/\/api.w.org\/{rel}","templated":true}]}}