{"id":76333,"date":"2021-02-25T15:15:03","date_gmt":"2021-02-25T18:15:03","guid":{"rendered":"http:\/\/pdt-rj.org.br\/?p=76333"},"modified":"2021-02-26T15:53:38","modified_gmt":"2021-02-26T18:53:38","slug":"senado-aprova-pl-de-idilvan-alencar-que-garante-internet-para-alunos-da-rede-publica","status":"publish","type":"post","link":"https:\/\/pdt-rj.org.br\/index.php\/senado-aprova-pl-de-idilvan-alencar-que-garante-internet-para-alunos-da-rede-publica\/","title":{"rendered":"Senado aprova projeto de Idilvan Alencar que garante internet para alunos da rede p\u00fablica"},"content":{"rendered":"<p>O Senado Federal aprovou, nessa quarta-feira (24), o Projeto de Lei (PL) 3.477\/20 de autoria do deputado federal, Idilvan Alencar (PDT-CE), que prev\u00ea o uso de parte do Fundo de Universaliza\u00e7\u00e3o do Servi\u00e7os de Telecomunica\u00e7\u00f5es (FUST) para financiar o acesso \u00e0 internet a professores e alunos de escolas p\u00fablicas de todo Pa\u00eds. O PL ir\u00e1 contribuir para reduzir os danos \u00e0 forma\u00e7\u00e3o dos alunos em meio \u00e0 pandemia. O texto segue agora para san\u00e7\u00e3o presidencial.<\/p>\n<p>Pela proposta, a Uni\u00e3o far\u00e1 o repasse de cerca de R$ 3,5 milh\u00f5es, at\u00e9 o dia 28 de fevereiro deste ano, para que estados e munic\u00edpios invistam em a\u00e7\u00f5es que viabilizem o acesso \u00e0 internet para fins educacionais.<\/p>\n<p>Caso o estado ou munic\u00edpio decida pela oferta de banda larga m\u00f3vel, os recursos ir\u00e3o assegurar a oferta mensal de 20 gigabytes de acesso \u00e0 internet para todos os professores do ensino fundamental e m\u00e9dio das redes municipais e estaduais, com valor de R$ 0,62 por giga.<\/p>\n<p>O projeto vai atender todos os estudantes da educa\u00e7\u00e3o b\u00e1sica que estejam inscritos nos programas sociais do Governo Federal (Cad\u00danico), aos que est\u00e3o matriculados em escolas de comunidades ind\u00edgenas e quilombolas, e todos os professores das redes p\u00fablicas estaduais e municipais, assim, ir\u00e1 assegurar o acesso \u00e0 internet a mais de\u00a0 17,9 milh\u00f5es de estudantes e 1,6 milh\u00e3o de professores.<\/p>\n<p>Em pronunciamento nas redes sociais, Idilvan Alencar comemorou a aprova\u00e7\u00e3o do projeto.<\/p>\n<p>\u201cApresentei esse projeto como uma tentativa de amenizar a desigualdade digital existente em nosso pa\u00eds e para que milh\u00f5es de alunos pudessem se adequar a realidade do ensino remoto. O caminho \u00e9 longo e os desafios s\u00e3o muitos, mas seguimos trabalhando para amenizar os \u2018efeitos invis\u00edveis\u2019 da pandemia na educa\u00e7\u00e3o\u201d, afirmou o pedetista.<\/p>\n<!-- AddThis Advanced Settings generic via filter on the_content --><!-- AddThis Share Buttons generic via filter on the_content -->","protected":false},"excerpt":{"rendered":"<p>O Senado Federal aprovou, nessa quarta-feira (24), o Projeto de Lei (PL) 3.477\/20 de autoria do deputado federal, Idilvan Alencar (PDT-CE), que prev\u00ea o uso de parte do Fundo de Universaliza\u00e7\u00e3o do Servi\u00e7os de Telecomunica\u00e7\u00f5es (FUST) para financiar o acesso \u00e0 internet a professores e alunos de escolas p\u00fablicas de todo Pa\u00eds. O PL ir\u00e1&#8230;<!-- AddThis Advanced Settings generic via filter on wp_trim_excerpt --><!-- AddThis Share Buttons generic via filter on wp_trim_excerpt --><\/p>\n","protected":false},"author":17,"featured_media":76336,"comment_status":"closed","ping_status":"closed","sticky":false,"template":"","format":"standard","meta":{"_monsterinsights_skip_tracking":false,"_monsterinsights_sitenote_active":false,"_monsterinsights_sitenote_note":"","_monsterinsights_sitenote_category":0,"_uf_show_specific_survey":0,"_uf_disable_surveys":false,"footnotes":""},"categories":[1390,1459],"tags":[3383,1342,4474,4475,2817,3373,4473,870],"class_list":["post-76333","post","type-post","status-publish","format-standard","has-post-thumbnail","hentry","category-editorias","category-congresso","tag-cadunico","tag-educacao-basica","tag-fundo-de-universalizacao-do-servicos-de-telecomunicacoes","tag-fust","tag-governo-federal","tag-idilvan-alencar","tag-internet-para-alunos-da-rede-publica","tag-senado-federal"],"acf":[],"_links":{"self":[{"href":"https:\/\/pdt-rj.org.br\/index.php\/wp-json\/wp\/v2\/posts\/76333","targetHints":{"allow":["GET"]}}],"collection":[{"href":"https:\/\/pdt-rj.org.br\/index.php\/wp-json\/wp\/v2\/posts"}],"about":[{"href":"https:\/\/pdt-rj.org.br\/index.php\/wp-json\/wp\/v2\/types\/post"}],"author":[{"embeddable":true,"href":"https:\/\/pdt-rj.org.br\/index.php\/wp-json\/wp\/v2\/users\/17"}],"replies":[{"embeddable":true,"href":"https:\/\/pdt-rj.org.br\/index.php\/wp-json\/wp\/v2\/comments?post=76333"}],"version-history":[{"count":7,"href":"https:\/\/pdt-rj.org.br\/index.php\/wp-json\/wp\/v2\/posts\/76333\/revisions"}],"predecessor-version":[{"id":76390,"href":"https:\/\/pdt-rj.org.br\/index.php\/wp-json\/wp\/v2\/posts\/76333\/revisions\/76390"}],"wp:featuredmedia":[{"embeddable":true,"href":"https:\/\/pdt-rj.org.br\/index.php\/wp-json\/wp\/v2\/media\/76336"}],"wp:attachment":[{"href":"https:\/\/pdt-rj.org.br\/index.php\/wp-json\/wp\/v2\/media?parent=76333"}],"wp:term":[{"taxonomy":"category","embeddable":true,"href":"https:\/\/pdt-rj.org.br\/index.php\/wp-json\/wp\/v2\/categories?post=76333"},{"taxonomy":"post_tag","embeddable":true,"href":"https:\/\/pdt-rj.org.br\/index.php\/wp-json\/wp\/v2\/tags?post=76333"}],"curies":[{"name":"wp","href":"https:\/\/api.w.org\/{rel}","templated":true}]}}