{"id":76202,"date":"2021-02-23T14:51:23","date_gmt":"2021-02-23T17:51:23","guid":{"rendered":"http:\/\/pdt-rj.org.br\/?p=76202"},"modified":"2021-02-25T16:31:53","modified_gmt":"2021-02-25T19:31:53","slug":"nelson-marconi-classifica-venda-do-capital-da-petrobras-como-erro-historico","status":"publish","type":"post","link":"https:\/\/pdt-rj.org.br\/index.php\/nelson-marconi-classifica-venda-do-capital-da-petrobras-como-erro-historico\/","title":{"rendered":"Nelson Marconi classifica venda do capital da Petrobras como erro hist\u00f3rico"},"content":{"rendered":"<p class=\"yiv6895383611MsoNormal\"><em><b>Segundo economista, empresa estatal precisa estar alinhada a um projeto de desenvolvimento nacional<\/b><\/em><\/p>\n<p class=\"yiv6895383611MsoNormal\">O economista Nelson Marconi avalia que as ofertas p\u00fablicas iniciais (<i>IPOs<\/i>, em ingl\u00eas) de a\u00e7\u00f5es da Petrobras, no mercado financeiro, foi uma a\u00e7\u00e3o equivocada dos \u00faltimos governos, pois mudou a raz\u00e3o da exist\u00eancia da maior empresa brasileira: o progresso nacional.<\/p>\n<p class=\"yiv6895383611MsoNormal\">Iniciado, em 1997, pelo ent\u00e3o presidente da Rep\u00fablica, Fernando Henrique Cardoso, o processo transformou em empresa estatal de economia mista a atual l\u00edder mundial em tecnologia para a explora\u00e7\u00e3o e produ\u00e7\u00e3o de petr\u00f3leo em \u00e1guas profundas e ultraprofundas.<\/p>\n<p class=\"yiv6895383611MsoNormal\">Segundo Marconi, que \u00e9 professor da Funda\u00e7\u00e3o Get\u00falio Vargas (FGV) e vice-presidente da Funda\u00e7\u00e3o Leonel Brizola \u2013 Alberto Pasqualini (FLB-AP), e que contribuiu diretamente na elabora\u00e7\u00e3o do plano de governo de Ciro Gomes, em 2018, a Petrobras \u201cproduz insumos estrat\u00e9gicos ao pa\u00eds e sua atua\u00e7\u00e3o deve estar alinhada a um projeto de desenvolvimento\u201d, o que, na pr\u00e1tica, n\u00e3o ocorre mais.<\/p>\n<p class=\"yiv6895383611MsoNormal\">Elucidando o caminho ditado inclusive por Jair Bolsonaro, Marconi relembra que ouviu, de diretores na gest\u00e3o Temer, que a empresa deveria produzir apenas \u00f3leo bruto, por ser mais rent\u00e1vel, e acompanhar a precifica\u00e7\u00e3o flutuante do mercado internacional. Para ele, \u00e9 o desvio da finalidade da companhia criada por Get\u00falio Vargas para contribuir com a evolu\u00e7\u00e3o da na\u00e7\u00e3o e beneficiar, consequentemente, o cidad\u00e3o.<\/p>\n<p class=\"yiv6895383611MsoNormal\">\u201cOs pre\u00e7os da Petrobras devem seguir seus custos e prever uma margem que garanta a rentabilidade necess\u00e1ria para fazer seus investimentos, modernizar-se e produzir bens de maior valor agregado. E n\u00e3o atuar como uma empresa que s\u00f3 pensa na remunera\u00e7\u00e3o dos acionistas\u201d, defende, ao completar \u201cN\u00e3o \u00e9 \u00e0 toa que os presidentes da empresa caem por causa dessa pol\u00edtica de pre\u00e7os maluca que acompanha as oscila\u00e7\u00f5es internacionais.\u201d<\/p>\n<p class=\"yiv6895383611MsoNormal\">E faz quest\u00e3o de condenar ainda a justificava da pol\u00edtica vigente, que tenta vincular o &#8220;rentismo&#8221; de uma minoria, abastecida pela influ\u00eancia neoliberal estrangeira, a erros pregressos.<\/p>\n<p class=\"yiv6895383611MsoNormal\">\u201cN\u00e3o venham dizer que a empresa tem que atuar da forma como vem fazendo devido as falcatruas anteriores. Falcatruas s\u00e3o falcatruas em qualquer modelo de empresa e devem ser sempre punidas. N\u00e3o misturemos as coisas\u201d, finalizou.<\/p>\n<!-- AddThis Advanced Settings generic via filter on the_content --><!-- AddThis Share Buttons generic via filter on the_content -->","protected":false},"excerpt":{"rendered":"<p>Segundo economista, empresa estatal precisa estar alinhada a um projeto de desenvolvimento nacional O economista Nelson Marconi avalia que as ofertas p\u00fablicas iniciais (IPOs, em ingl\u00eas) de a\u00e7\u00f5es da Petrobras, no mercado financeiro, foi uma a\u00e7\u00e3o equivocada dos \u00faltimos governos, pois mudou a raz\u00e3o da exist\u00eancia da maior empresa brasileira: o progresso nacional. Iniciado, em&#8230;<!-- AddThis Advanced Settings generic via filter on wp_trim_excerpt --><!-- AddThis Share Buttons generic via filter on wp_trim_excerpt --><\/p>\n","protected":false},"author":17,"featured_media":76203,"comment_status":"closed","ping_status":"closed","sticky":false,"template":"","format":"standard","meta":{"_monsterinsights_skip_tracking":false,"_monsterinsights_sitenote_active":false,"_monsterinsights_sitenote_note":"","_monsterinsights_sitenote_category":0,"_uf_show_specific_survey":0,"_uf_disable_surveys":false,"footnotes":""},"categories":[1390,1401,976],"tags":[220,408,426,2849,718],"class_list":["post-76202","post","type-post","status-publish","format-standard","has-post-thumbnail","hentry","category-editorias","category-nacional","category-noticias-em-destaque","tag-ciro-gomes","tag-flb-ap","tag-fundacao-leonel-brizola-alberto-pasqualini","tag-nelson-marconi","tag-petrobras"],"acf":[],"_links":{"self":[{"href":"https:\/\/pdt-rj.org.br\/index.php\/wp-json\/wp\/v2\/posts\/76202","targetHints":{"allow":["GET"]}}],"collection":[{"href":"https:\/\/pdt-rj.org.br\/index.php\/wp-json\/wp\/v2\/posts"}],"about":[{"href":"https:\/\/pdt-rj.org.br\/index.php\/wp-json\/wp\/v2\/types\/post"}],"author":[{"embeddable":true,"href":"https:\/\/pdt-rj.org.br\/index.php\/wp-json\/wp\/v2\/users\/17"}],"replies":[{"embeddable":true,"href":"https:\/\/pdt-rj.org.br\/index.php\/wp-json\/wp\/v2\/comments?post=76202"}],"version-history":[{"count":4,"href":"https:\/\/pdt-rj.org.br\/index.php\/wp-json\/wp\/v2\/posts\/76202\/revisions"}],"predecessor-version":[{"id":76355,"href":"https:\/\/pdt-rj.org.br\/index.php\/wp-json\/wp\/v2\/posts\/76202\/revisions\/76355"}],"wp:featuredmedia":[{"embeddable":true,"href":"https:\/\/pdt-rj.org.br\/index.php\/wp-json\/wp\/v2\/media\/76203"}],"wp:attachment":[{"href":"https:\/\/pdt-rj.org.br\/index.php\/wp-json\/wp\/v2\/media?parent=76202"}],"wp:term":[{"taxonomy":"category","embeddable":true,"href":"https:\/\/pdt-rj.org.br\/index.php\/wp-json\/wp\/v2\/categories?post=76202"},{"taxonomy":"post_tag","embeddable":true,"href":"https:\/\/pdt-rj.org.br\/index.php\/wp-json\/wp\/v2\/tags?post=76202"}],"curies":[{"name":"wp","href":"https:\/\/api.w.org\/{rel}","templated":true}]}}