{"id":76171,"date":"2021-02-22T13:21:16","date_gmt":"2021-02-22T16:21:16","guid":{"rendered":"http:\/\/pdt-rj.org.br\/?p=76171"},"modified":"2021-02-22T16:08:34","modified_gmt":"2021-02-22T19:08:34","slug":"sob-nova-gestao-de-jose-bonifacio-ciep-de-cabo-frio-rj-oferecera-cursos-de-qualificacao-para-adultos","status":"publish","type":"post","link":"https:\/\/pdt-rj.org.br\/index.php\/sob-nova-gestao-de-jose-bonifacio-ciep-de-cabo-frio-rj-oferecera-cursos-de-qualificacao-para-adultos\/","title":{"rendered":"Sob nova gest\u00e3o de Jos\u00e9 Bonif\u00e1cio, CIEP de Cabo Frio (RJ) oferecer\u00e1 cursos de qualifica\u00e7\u00e3o para adultos"},"content":{"rendered":"<p>O prefeito de Cabo Frio (RJ), Jos\u00e9 Bonif\u00e1cio (PDT), visitou, na \u00faltima sexta-feira (19), O Centro Integrado de Educa\u00e7\u00e3o P\u00fablica (CIEP) 150 Professora Am\u00e9lia Ferreira, no bairro Manoel Corr\u00eaa, para verificar as condi\u00e7\u00f5es do pr\u00e9dio e tra\u00e7ar novos objetivos para a gest\u00e3o da unidade que agora, ser\u00e1 feita em parceria com o governo do Rio e atender\u00e1 alunos das redes municipal e estadual de ensino.<\/p>\n<p>Junto com a diretora da unidade, Roberta Gama Carvalho, Bonif\u00e1cio percorreu todo o pr\u00e9dio e ficou impressionado com o estado de conserva\u00e7\u00e3o da unidade.<\/p>\n<p>\u201cTodo a \u00e1rea da escola est\u00e1 muito bem conservada, e a partir deste ano vamos utilizar esse espa\u00e7o para atender \u00e0s crian\u00e7as e tamb\u00e9m implantar, no per\u00edodo noturno, cursos de qualifica\u00e7\u00e3o para a comunidade do entorno do CIEP\u201d, afirmou o pedetista.<\/p>\n<p>A municipaliza\u00e7\u00e3o do CIEP Am\u00e9lia Ferreira foi um compromisso assumido por Jos\u00e9 Bonif\u00e1cio em sua campanha. Com a nova gest\u00e3o, Bonif\u00e1cio afirma expandir\u00e1 a educa\u00e7\u00e3o para a comunidade de Cabo Frio.<\/p>\n<p>\u201cEu fui informado que este CIEP, projeto maravilhoso dos saudosos Leonel Brizola e Darcy Ribeiro, estava trabalhando com pouqu\u00edssimos alunos, o que n\u00e3o pode acontecer. Me comprometi em fazer parceria com o governo do Estado para, inicialmente, ter uma gest\u00e3o compartilhada e tivemos um entendimento quanto a isso. O estado continuar\u00e1 com o Ensino M\u00e9dio, e o munic\u00edpio ficar\u00e1 com o Ensino Fundamental. J\u00e1 conversei com a diretora da escola, que me informou que as salas para as crian\u00e7as j\u00e1 est\u00e3o reservadas\u201d, afirmou o prefeito.<\/p>\n<p>Por conta da pandemia, as aulas presenciais da rede municipal de Cabo Frio seguem suspensas. O ano letivo de 2020 ainda est\u00e1 em curso e ser\u00e1 encerrado em 30 de abril. Somente ap\u00f3s o t\u00e9rmino desta etapa para a rede municipal \u00e9 que a volta \u00e0s aulas presenciais, na rede municipal, ser\u00e1 avaliada pelas equipes da Prefeitura de Cabo Frio.<\/p>\n<p><em>*Com informa\u00e7\u00f5es da prefeitura de Cabo Frio (RJ)<\/em><\/p>\n<!-- AddThis Advanced Settings generic via filter on the_content --><!-- AddThis Share Buttons generic via filter on the_content -->","protected":false},"excerpt":{"rendered":"<p>O prefeito de Cabo Frio (RJ), Jos\u00e9 Bonif\u00e1cio (PDT), visitou, na \u00faltima sexta-feira (19), O Centro Integrado de Educa\u00e7\u00e3o P\u00fablica (CIEP) 150 Professora Am\u00e9lia Ferreira, no bairro Manoel Corr\u00eaa, para verificar as condi\u00e7\u00f5es do pr\u00e9dio e tra\u00e7ar novos objetivos para a gest\u00e3o da unidade que agora, ser\u00e1 feita em parceria com o governo do Rio&#8230;<!-- AddThis Advanced Settings generic via filter on wp_trim_excerpt --><!-- AddThis Share Buttons generic via filter on wp_trim_excerpt --><\/p>\n","protected":false},"author":17,"featured_media":76186,"comment_status":"closed","ping_status":"closed","sticky":false,"template":"","format":"standard","meta":{"_monsterinsights_skip_tracking":false,"_monsterinsights_sitenote_active":false,"_monsterinsights_sitenote_note":"","_monsterinsights_sitenote_category":0,"_uf_show_specific_survey":0,"_uf_disable_surveys":false,"footnotes":""},"categories":[1390,1402],"tags":[4129,1544,2698,277,3068,565,4270,3019],"class_list":["post-76171","post","type-post","status-publish","format-standard","has-post-thumbnail","hentry","category-editorias","category-cidades","tag-cabo-frio-rj","tag-centros-integrados-de-educacao-publica","tag-ciep","tag-darcy-ribeiro","tag-jose-bonifacio","tag-leonel-brizola","tag-prefeitura-de-cabo-frio-rj","tag-qualificacao"],"acf":[],"_links":{"self":[{"href":"https:\/\/pdt-rj.org.br\/index.php\/wp-json\/wp\/v2\/posts\/76171","targetHints":{"allow":["GET"]}}],"collection":[{"href":"https:\/\/pdt-rj.org.br\/index.php\/wp-json\/wp\/v2\/posts"}],"about":[{"href":"https:\/\/pdt-rj.org.br\/index.php\/wp-json\/wp\/v2\/types\/post"}],"author":[{"embeddable":true,"href":"https:\/\/pdt-rj.org.br\/index.php\/wp-json\/wp\/v2\/users\/17"}],"replies":[{"embeddable":true,"href":"https:\/\/pdt-rj.org.br\/index.php\/wp-json\/wp\/v2\/comments?post=76171"}],"version-history":[{"count":7,"href":"https:\/\/pdt-rj.org.br\/index.php\/wp-json\/wp\/v2\/posts\/76171\/revisions"}],"predecessor-version":[{"id":76179,"href":"https:\/\/pdt-rj.org.br\/index.php\/wp-json\/wp\/v2\/posts\/76171\/revisions\/76179"}],"wp:featuredmedia":[{"embeddable":true,"href":"https:\/\/pdt-rj.org.br\/index.php\/wp-json\/wp\/v2\/media\/76186"}],"wp:attachment":[{"href":"https:\/\/pdt-rj.org.br\/index.php\/wp-json\/wp\/v2\/media?parent=76171"}],"wp:term":[{"taxonomy":"category","embeddable":true,"href":"https:\/\/pdt-rj.org.br\/index.php\/wp-json\/wp\/v2\/categories?post=76171"},{"taxonomy":"post_tag","embeddable":true,"href":"https:\/\/pdt-rj.org.br\/index.php\/wp-json\/wp\/v2\/tags?post=76171"}],"curies":[{"name":"wp","href":"https:\/\/api.w.org\/{rel}","templated":true}]}}