{"id":76156,"date":"2021-02-20T15:45:25","date_gmt":"2021-02-20T18:45:25","guid":{"rendered":"http:\/\/pdt-rj.org.br\/?p=76156"},"modified":"2021-02-20T15:52:14","modified_gmt":"2021-02-20T18:52:14","slug":"cafe-com-lupi-reune-geracoes-do-trabalhismo-pelo-dever-da-esperanca","status":"publish","type":"post","link":"https:\/\/pdt-rj.org.br\/index.php\/cafe-com-lupi-reune-geracoes-do-trabalhismo-pelo-dever-da-esperanca\/","title":{"rendered":"Caf\u00e9 com Lupi: gera\u00e7\u00f5es do Trabalhismo condenam a\u00e7\u00f5es de Bolsonaro e defendem Projeto Nacional de Desenvolvimento"},"content":{"rendered":"<p class=\"yiv9864024270MsoNormal\"><em><b>Lideran\u00e7as do PDT condenam a\u00e7\u00f5es de Bolsonaro e defendem Projeto Nacional de Desenvolvimento<\/b><\/em><\/p>\n<p class=\"yiv9864024270MsoNormal\">A edi\u00e7\u00e3o do Caf\u00e9 com Lupi transmitida neste s\u00e1bado (20) pelo Facebook , promoveu uma an\u00e1lise embasada sobre as crises conjunturais brasileiras e prop\u00f4s caminhos a partir de diferentes gera\u00e7\u00f5es do Trabalhismo. Em destaque, as opini\u00f5es do presidente da Funda\u00e7\u00e3o Leonel Brizola \u2013 Alberto Pasqualini (FLB-AP), Manoel Dias, e do vereador de Niter\u00f3i (RJ), Binho Guimar\u00e3es.<\/p>\n<p class=\"yiv9864024270MsoNormal\">Mediado pelo presidente nacional do PDT, Carlos Lupi, o encontro virtual abordou temas atuais vinculantes, como a pandemia do Covid-19, os erros do governo federal, a subtra\u00e7\u00e3o de direitos e os ataques contra a democracia. De forma un\u00e2nime, ficou evidenciada a principal causa, segundo eles, do cen\u00e1rio emergencial acumulado nos \u00faltimos anos: Jair Bolsonaro.<\/p>\n<p class=\"yiv9864024270MsoNormal\">Para os pedetistas, o presidente da Rep\u00fablica \u00e9 um respons\u00e1vel direto e, por isso, precisa avan\u00e7ar o pedido de impeachment protocolado pela sigla, na C\u00e2mara dos Deputados, ainda em 2020.<\/p>\n<p class=\"yiv9864024270MsoNormal\">\u201cVamos lutar, a gente n\u00e3o desiste. Resistimos, pois a ignor\u00e2ncia n\u00e3o pode vencer. Os ditadores autorit\u00e1rios n\u00e3o vencer\u00e3o\u201d, assegurou Lupi.<\/p>\n<p class=\"yiv9864024270MsoNormal\">\u201c\u00c9 a primeira vez na nossa hist\u00f3ria. Nem a ditadura teve a coragem de acabar com o Minist\u00e9rio do Trabalho. Esse salafr\u00e1rio extinguiu. Pegou os dois grandes fundos (FGTS e o Fundo de Amparo ao Trabalhador) e colocou no Minist\u00e9rio da Fazenda. Por isso, temos que lutar e resistir\u201d, completou o ex-ministro, assim como Dias, da pasta criada por Get\u00falio Vargas.<\/p>\n<p class=\"yiv9864024270MsoNormal\">Na sequ\u00eancia, Dias mostrou mais preju\u00edzos hist\u00f3ricos e questionou promessas feitas como justificativas para aprova\u00e7\u00f5es indevidas no Congresso Nacional.<\/p>\n<p class=\"yiv9864024270MsoNormal\">\u201cO que fizeram (Temer e Bolsonaro) n\u00e3o foram reformas, mas subtra\u00e7\u00e3o de direitos\u201d, alegou, ao indagar: \u201cN\u00e3o iam criar milh\u00f5es de empregos com as reformas da Previd\u00eancia e trabalhista? E o fim do Minist\u00e9rio do Trabalho?\u201d, indagou o tamb\u00e9m secret\u00e1rio-geral nacional da sigla criada por Leonel Brizola.<\/p>\n<p class=\"yiv9864024270MsoNormal\">Como forma de ratificar as manifesta\u00e7\u00f5es, Binho mostrou, a partir de exemplos, o perfil desumano de Bolsonaro na condu\u00e7\u00e3o da na\u00e7\u00e3o, al\u00e9m de tra\u00e7ar um paralelo com Niter\u00f3i, diante das administra\u00e7\u00f5es de Rodrigo Neves e Axel Grael, atual prefeito e sucessor.<\/p>\n<p class=\"yiv9864024270MsoNormal\">\u201cEnquanto tem gente chorando pela morte de entes queridos, o presidente, h\u00e1 uma semana, estava l\u00e1 em Santa Catarina andando de jet-ski sem m\u00e1scara e promovendo aglomera\u00e7\u00f5es. Ent\u00e3o defender um governo municipal que tem esse zelo e cuidado, com justi\u00e7a social, fica f\u00e1cil e a gente continua fazendo oposi\u00e7\u00e3o ao Bolsonaro\u201d, pontuou.<\/p>\n<p class=\"yiv9864024270MsoNormal\">\u201cSempre tratamos a pandemia com muita responsabilidade. Foi a primeira cidade do Brasil a implementar um hospital exclusivo para pacientes graves do Covid-19. Enquanto os governos do estado e federal estavam batendo cabe\u00e7a, Niter\u00f3i estava com hospital, testando sua popula\u00e7\u00e3o em massa e com aux\u00edlio emergencial de R$ 500 reais sem confus\u00e3o ou fila\u201d, salientou, ao dizer que as gest\u00f5es pedetistas previram o fracasso do Minist\u00e9rio da Sa\u00fade e buscaram, por parceria, a compra antecipada de 1,1 milh\u00e3o de doses do Instituto Butantan.<\/p>\n<p class=\"yiv9864024270MsoNormal\"><strong>Caminhos<\/strong><\/p>\n<p class=\"yiv9864024270MsoNormal\">Como alternativa, a mobiliza\u00e7\u00e3o do partido para viabilizar o nome de Ciro Gomes a partir do Projeto Nacional de Desenvolvimento (PND). Os debatedores argumentaram que o PDT apresenta n\u00e3o somente um pr\u00e9-candidato, mas tamb\u00e9m propostas baseadas em solu\u00e7\u00f5es fact\u00edveis para recolocar o pa\u00eds no rumo do crescimento econ\u00f4mico e do progresso social.<\/p>\n<p class=\"yiv9864024270MsoNormal\">\u201cO Ciro tem que ser a esperan\u00e7a desse povo. N\u00e3o s\u00f3 pela capacidade que ele tem de gest\u00e3o, pois foi prefeito, governador e ministro de Estado, mas, principalmente, para tirar o povo da mis\u00e9ria\u201d, indicou Lupi.<\/p>\n<p class=\"yiv9864024270MsoNormal\">\u201cA gente tem que compreender essa realidade e trabalhar no \u00fanico instrumento que \u00e9 capaz de mudar isso: a educa\u00e7\u00e3o. N\u00f3s temos que educar o nosso povo e formar a nossa gente. \u00c9 chamar para conversar e convenc\u00ea-los\u201d, emendou.<\/p>\n<p class=\"yiv9864024270MsoNormal\">Para contextualizar, Binho apresentou os diferenciais do partido diante da ampliada desilus\u00e3o presente na realidade dos cidad\u00e3os. Tal decep\u00e7\u00e3o explica, para eles, o facilitador, via indu\u00e7\u00e3o pela falta de informa\u00e7\u00e3o, da vit\u00f3ria da extrema direita nas elei\u00e7\u00f5es de 2018.<\/p>\n<p class=\"yiv9864024270MsoNormal\">\u201cN\u00f3s temos projeto de Brasil, nacional. E esse discurso tem que atingir as camadas populares para a base entender que se o g\u00e1s, hoje, est\u00e1 R$ 85 e a pessoa tem dificuldade para comprar, isso \u00e9 culpa da pol\u00edtica do governo federal. Se a gasolina est\u00e1 chegando a R$ 6, \u00e9 culpa do governo federal. O povo tem que entender que o cen\u00e1rio de drama vivido, dentro da casa dele, \u00e9 resultado de uma pol\u00edtica liberal que vai, cada vez mais, ampliar as desigualdades\u201d, detalhou.<\/p>\n<p class=\"yiv9864024270MsoNormal\">No di\u00e1logo, Lupi concorda com os esclarecimentos e relaciona a situa\u00e7\u00e3o \u00e0 \u201cuma direita raivosa que est\u00e1 saindo do arm\u00e1rio\u201d.<\/p>\n<p class=\"yiv9864024270MsoNormal\">\u201cBotando os dentes de fora para morder mesmo. Para atacar pela ignor\u00e2ncia, pela homofobia, misoginia e todos esses preconceitos que a sociedade cria. E com um fundamentalismo religioso muito perigoso. Tudo eles podem em nome de Deus\u201d, condena.<\/p>\n<p class=\"yiv9864024270MsoNormal\">Lamentando que o pa\u00eds tenha assistido \u00e0s a\u00e7\u00f5es de uma gest\u00e3o bolsonarista considerada \u201cfac\u00ednora\u201d, Dias mostra que os trabalhistas n\u00e3o podem desistir, pois a \u201cdefesa das suas bandeiras \u00e9 feita de forma permanente\u201d.<\/p>\n<p class=\"yiv9864024270MsoNormal\">\u201c\u00c9 uma luta que temos que desenvolver com muita coragem. Estamos com uma proposta (n\u00facleos de base) para nos organizar em grupos e levar para a popula\u00e7\u00e3o o que \u00e9 o Plano Nacional de Desenvolvimento, as reformas necess\u00e1rias para recuperar a economia brasileira\u201d, disse. \u201cCabe todo mundo no Brasil. Empres\u00e1rio, trabalhador, agricultor e ainda vai faltar gente\u201d, acrescentou.<\/p>\n<p class=\"yiv9864024270MsoNormal\"><strong>Trajet\u00f3rias<\/strong><\/p>\n<p class=\"yiv9864024270MsoNormal\">Em momentos emocionantes, os participantes tamb\u00e9m contaram passagens de vida e reavivaram lembran\u00e7as sobre cada carreira forjada nas fileiras do Trabalhismo.<\/p>\n<p class=\"yiv9864024270MsoNormal\">\u201cPrinc\u00edpios e sonhos n\u00e3o ficam velhos\u201d. De forma nost\u00e1lgica, Manoel Dias contou como ocorreu o come\u00e7o da sua milit\u00e2ncia, ainda em Santa Catarina, nos movimentos estudantis.<\/p>\n<p class=\"yiv9864024270MsoNormal\">Aos 15 anos, assumiu a presid\u00eancia da Uni\u00e3o Florianopolitana dos Estudantes Secundaristas e, com 17, passou para a liderar a Uni\u00e3o Catarinense de Estudantes. Nos anos seguintes, integrou a Uni\u00e3o Brasileira dos Estudantes Secundaristas e assinou a ficha de filia\u00e7\u00e3o ao antigo e original PTB, como consequ\u00eancia dos primeiros contatos com Leonel Brizola.<\/p>\n<p class=\"yiv9864024270MsoNormal\">\u201cEle percorria as universidades brasileiras na defesa das reformas de base e na cria\u00e7\u00e3o dos grupos de 11, que eram os n\u00facleos de base daquela \u00e9poca\u201d, enalteceu, ao falar do perfil majoritariamente nacionalista da bancada petebista e da lideran\u00e7a brizolista desde aquela \u00e9poca.<\/p>\n<p class=\"yiv9864024270MsoNormal\">\u201cEssa luta levou \u00e0 constru\u00e7\u00e3o do Brasil moderno. O que temos no pa\u00eds, hoje, foi feito pelo Trabalhismo, como reformas estruturais, CSN, Usiminas, Petrobras, Telebras, Eletrobras, Vale e Usina de S\u00e3o Francisco\u201d, exaltou, Dias, que foi cassado pela ditadura militar por duas vezes \u2013 como vereador e deputado estadual em Santa Catarina.<\/p>\n<p class=\"yiv9864024270MsoNormal\">Aos 82 anos, o catarinense garante que sua renova\u00e7\u00e3o ocorre \u201cpelos ideais e sonhos de transformar o pa\u00eds numa p\u00e1tria justa, igual e democr\u00e1tica\u201d. \u201cE que foram, tamb\u00e9m, as raz\u00f5es para os nossos antepassados trabalhistas, que deram as suas vidas\u201d, acrescenta.<\/p>\n<p class=\"yiv9864024270MsoNormal\">Membro da nova gera\u00e7\u00e3o, Binho relata profundo orgulho por ser um aprendiz na conviv\u00eancia com lideran\u00e7as representativas da pol\u00edtica brasileira. E, nessa recente jornada, mencionou, como par\u00e2metro, medidas diferenciadas adotadas por Brizola, como governador do Rio, na d\u00e9cada de 80.<\/p>\n<p class=\"yiv9864024270MsoNormal\">\u201cO primeiro movimento de regulariza\u00e7\u00e3o fundi\u00e1ria no estado do Rio de Janeiro, no governo Brizola, se deu aqui, em Niter\u00f3i, no Engenho do Mato. Brizola deu o t\u00edtulo de propriedade para muitos moradores de uma regi\u00e3o que ainda conserva algumas caracter\u00edsticas rurais da nossa cidade\u201d, disse, ao ser interrompido por Dias: \u201cE ele passava para o nome da mulher (esposa)\u201d.<\/p>\n<p class=\"yiv9864024270MsoNormal\">Lupi explicou que a determina\u00e7\u00e3o buscava garantir uma seguran\u00e7a para a fam\u00edlia, principalmente para os filhos, caso ocorresse a aus\u00eancia do pai. \u201cO t\u00edtulo da posse tem que ser da mulher, pois a m\u00e3e jamais abandona. Brizola falava isso e se emocionava porque era verdadeiro. Ele foi criado assim, pela m\u00e3e, com o pai morto em uma emboscada na eterna luta dos maragatos\u201d, falou.<\/p>\n<p class=\"yiv9864024270MsoNormal\">Com isso, o vereador relata que \u201cNiter\u00f3i tem uma tradi\u00e7\u00e3o pedetista e trabalhista\u201d ao valorizar ainda as contribui\u00e7\u00f5es das duas gest\u00f5es de Rodrigo Neves. Segundo ele, que foi coordenador de pol\u00edticas para a juventude, foram governos marcados pela justi\u00e7a social.<\/p>\n<p class=\"yiv9864024270MsoNormal\">\u201cN\u00f3s fizemos um trabalho muito forte para a juventude, que estava alijada do mercado de trabalho, tem menos oportunidades de entrar na universidade. Foi um trabalho que colocou em pr\u00e1tica muito do que a gente prega como partido\u201d, garante.<\/p>\n<p class=\"yiv9864024270MsoNormal\">\u201cTive a oportunidade de participar de um processo de revitaliza\u00e7\u00e3o dos Cieps, que estavam abandonados. N\u00f3s criamos nesses espa\u00e7os centros de juventude, que atendem, hoje, desde crian\u00e7as at\u00e9 jovens e adultos at\u00e9 29 anos. Oferecem atividades em cinco eixos, que v\u00e3o de educa\u00e7\u00e3o, cultura e esporte, at\u00e9 capacita\u00e7\u00e3o profissional\u201d, concluiu.<\/p>\n<p class=\"yiv9864024270MsoNormal\">Assista, na \u00edntegra:\u00a0<a href=\"https:\/\/www.facebook.com\/LupiPDT\/videos\/172617354426234\" target=\"_blank\" rel=\"nofollow noopener noreferrer\">https:\/\/www.facebook.com\/LupiPDT\/videos\/172617354426234<\/a><\/p>\n<!-- AddThis Advanced Settings generic via filter on the_content --><!-- AddThis Share Buttons generic via filter on the_content -->","protected":false},"excerpt":{"rendered":"<p>Lideran\u00e7as do PDT condenam a\u00e7\u00f5es de Bolsonaro e defendem Projeto Nacional de Desenvolvimento A edi\u00e7\u00e3o do Caf\u00e9 com Lupi transmitida neste s\u00e1bado (20) pelo Facebook , promoveu uma an\u00e1lise embasada sobre as crises conjunturais brasileiras e prop\u00f4s caminhos a partir de diferentes gera\u00e7\u00f5es do Trabalhismo. Em destaque, as opini\u00f5es do presidente da Funda\u00e7\u00e3o Leonel Brizola&#8230;<!-- AddThis Advanced Settings generic via filter on wp_trim_excerpt --><!-- AddThis Share Buttons generic via filter on wp_trim_excerpt --><\/p>\n","protected":false},"author":17,"featured_media":76157,"comment_status":"closed","ping_status":"closed","sticky":false,"template":"","format":"standard","meta":{"_monsterinsights_skip_tracking":false,"_monsterinsights_sitenote_active":false,"_monsterinsights_sitenote_note":"","_monsterinsights_sitenote_category":0,"_uf_show_specific_survey":0,"_uf_disable_surveys":false,"footnotes":""},"categories":[976],"tags":[4428,196,220,1526,3348,408,426,565,591,2463,46],"class_list":["post-76156","post","type-post","status-publish","format-standard","has-post-thumbnail","hentry","category-noticias-em-destaque","tag-binho-guimaraes","tag-carlos-lupi","tag-ciro-gomes","tag-congresso-nacional","tag-covid-19","tag-flb-ap","tag-fundacao-leonel-brizola-alberto-pasqualini","tag-leonel-brizola","tag-manoel-dias","tag-niteroi-rj","tag-trabalhismo"],"acf":[],"_links":{"self":[{"href":"https:\/\/pdt-rj.org.br\/index.php\/wp-json\/wp\/v2\/posts\/76156","targetHints":{"allow":["GET"]}}],"collection":[{"href":"https:\/\/pdt-rj.org.br\/index.php\/wp-json\/wp\/v2\/posts"}],"about":[{"href":"https:\/\/pdt-rj.org.br\/index.php\/wp-json\/wp\/v2\/types\/post"}],"author":[{"embeddable":true,"href":"https:\/\/pdt-rj.org.br\/index.php\/wp-json\/wp\/v2\/users\/17"}],"replies":[{"embeddable":true,"href":"https:\/\/pdt-rj.org.br\/index.php\/wp-json\/wp\/v2\/comments?post=76156"}],"version-history":[{"count":4,"href":"https:\/\/pdt-rj.org.br\/index.php\/wp-json\/wp\/v2\/posts\/76156\/revisions"}],"predecessor-version":[{"id":76161,"href":"https:\/\/pdt-rj.org.br\/index.php\/wp-json\/wp\/v2\/posts\/76156\/revisions\/76161"}],"wp:featuredmedia":[{"embeddable":true,"href":"https:\/\/pdt-rj.org.br\/index.php\/wp-json\/wp\/v2\/media\/76157"}],"wp:attachment":[{"href":"https:\/\/pdt-rj.org.br\/index.php\/wp-json\/wp\/v2\/media?parent=76156"}],"wp:term":[{"taxonomy":"category","embeddable":true,"href":"https:\/\/pdt-rj.org.br\/index.php\/wp-json\/wp\/v2\/categories?post=76156"},{"taxonomy":"post_tag","embeddable":true,"href":"https:\/\/pdt-rj.org.br\/index.php\/wp-json\/wp\/v2\/tags?post=76156"}],"curies":[{"name":"wp","href":"https:\/\/api.w.org\/{rel}","templated":true}]}}