{"id":76131,"date":"2021-02-17T17:00:00","date_gmt":"2021-02-17T20:00:00","guid":{"rendered":"http:\/\/pdt-rj.org.br\/?p=76131"},"modified":"2021-02-20T19:04:22","modified_gmt":"2021-02-20T22:04:22","slug":"pela-revolucao-educacional-darcy-ribeiro-idealizou-os-cieps-com-leonel-brizola","status":"publish","type":"post","link":"https:\/\/pdt-rj.org.br\/index.php\/pela-revolucao-educacional-darcy-ribeiro-idealizou-os-cieps-com-leonel-brizola\/","title":{"rendered":"Pela revolu\u00e7\u00e3o educacional, Darcy Ribeiro idealizou os Cieps com Leonel Brizola"},"content":{"rendered":"<p class=\"yiv8333897559MsoNormal\"><em><strong>No Roda Viva de 1991, o pedetista enalteceu a democratiza\u00e7\u00e3o do ensino de qualidade\u00a0 no Rio de Janeiro<\/strong><\/em><\/p>\n<p class=\"yiv8333897559MsoNormal\">\u201cMinhas paix\u00f5es: minha \u2018patrinha\u2019, o Rio de Janeiro, a educa\u00e7\u00e3o e o programa de Brizola (Cieps), que \u00e9 a coisa mais bonita que o Brasil j\u00e1 viu.\u201d Incisivo para ratificar o zelo e a dedica\u00e7\u00e3o em prol do povo, o antrop\u00f3logo e ex-senador pelo PDT, Darcy Ribeiro, concedeu entrevista efusiva ao programa Roda Viva, em 1991. Seu falecimento ocorreu seis anos depois, no dia 17 de fevereiro, quando acumulava\u00a075 anos de vida.<\/p>\n<p class=\"yiv8333897559MsoNormal\">\u201cEduca\u00e7\u00e3o \u00e9 indispens\u00e1vel. Sem educa\u00e7\u00e3o s\u00e9ria, sem incorporar a popula\u00e7\u00e3o de S\u00e3o Paulo e do Brasil \u2014 essa vers\u00e3o que eles est\u00e3o imersos, mas marginalizados \u2014, o Brasil n\u00e3o d\u00e1 certo. Tem que ensinar a ler, escrever e contar para todo mundo\u201d, projetava.<\/p>\n<p class=\"yiv8333897559MsoNormal\">Ao falar do ex-governador e presidente nacional do partido, Leonel Brizola, com quem atuou, principalmente, na concretiza\u00e7\u00e3o dos Centros Integrados de Educa\u00e7\u00e3o P\u00fablica\u00a0(Cieps) no Rio de Janeiro, Darcy analisou sua trajet\u00f3ria e consolidou a hist\u00f3rica imagem trabalhista.<\/p>\n<p class=\"yiv8333897559MsoNormal\">\u201cBrizola \u00e9 o maior estadista desse pa\u00eds. Esse homem, que percebeu a import\u00e2ncia da educa\u00e7\u00e3o, vai fazer uma revolu\u00e7\u00e3o. N\u00f3s come\u00e7amos a fazer a revolu\u00e7\u00e3o e vamos continuar fazendo essa revolu\u00e7\u00e3o educacional\u201d, afirmou, ao assegurar o padr\u00e3o do projeto executado pelo l\u00edder pedetista: \u201cS\u00f3 o Brizola tentou, no Rio de Janeiro, nas condi\u00e7\u00f5es que o povo exige.\u201d<\/p>\n<p class=\"yiv8333897559MsoNormal\">O recorte constru\u00eddo, a partir de 1983, contrastou com o padr\u00e3o oferecido pelas escolas pelo pa\u00eds, principalmente nas grandes cidades. Para ele, os pilares educacionais mudaram a l\u00f3gica a partir de um servi\u00e7o completo de suporte.<\/p>\n<p class=\"yiv8333897559MsoNormal\">\u201cA escola p\u00fablica \u00e9 intrinsecamente desonesta, porque ela est\u00e1 adequada para o aluno de classe m\u00e9dia\u201d, condena, ao promover um caminho efetivo para as crian\u00e7as das camadas populares e, consequentemente, mais fragilizadas: \u201cPara sair dessa desonestidade, voc\u00ea tem que criar como os Cieps.\u201d<\/p>\n<p class=\"yiv8333897559MsoNormal\">\u201cSe voc\u00ea alimenta esse menino, d\u00e1 gin\u00e1stica, aten\u00e7\u00e3o e carinho, em seis meses ele \u2018pega\u2019 os outros. Isso \u00e9 uma coisa muito importante. Essa meninada n\u00e3o est\u00e1 perdida\u201d, complementa, ao mostrar o potencial de retorno do investimento feito no ensino integral.<\/p>\n<p class=\"yiv8333897559MsoNormal\">Confira a entrevista na \u00edntegra:\u00a0<a href=\"https:\/\/www.youtube.com\/watch?v=gS6No7WBJFg\" target=\"_blank\" rel=\"nofollow noopener noreferrer\">https:\/\/www.youtube.com\/watch?v=gS6No7WBJFg<\/a><\/p>\n<!-- AddThis Advanced Settings generic via filter on the_content --><!-- AddThis Share Buttons generic via filter on the_content -->","protected":false},"excerpt":{"rendered":"<p>No Roda Viva de 1991, o pedetista enalteceu a democratiza\u00e7\u00e3o do ensino de qualidade\u00a0 no Rio de Janeiro \u201cMinhas paix\u00f5es: minha \u2018patrinha\u2019, o Rio de Janeiro, a educa\u00e7\u00e3o e o programa de Brizola (Cieps), que \u00e9 a coisa mais bonita que o Brasil j\u00e1 viu.\u201d Incisivo para ratificar o zelo e a dedica\u00e7\u00e3o em prol&#8230;<!-- AddThis Advanced Settings generic via filter on wp_trim_excerpt --><!-- AddThis Share Buttons generic via filter on wp_trim_excerpt --><\/p>\n","protected":false},"author":17,"featured_media":76133,"comment_status":"closed","ping_status":"closed","sticky":false,"template":"","format":"standard","meta":{"_monsterinsights_skip_tracking":false,"_monsterinsights_sitenote_active":false,"_monsterinsights_sitenote_note":"","_monsterinsights_sitenote_category":0,"_uf_show_specific_survey":0,"_uf_disable_surveys":false,"footnotes":""},"categories":[1390],"tags":[],"class_list":["post-76131","post","type-post","status-publish","format-standard","has-post-thumbnail","hentry","category-editorias"],"acf":[],"_links":{"self":[{"href":"https:\/\/pdt-rj.org.br\/index.php\/wp-json\/wp\/v2\/posts\/76131","targetHints":{"allow":["GET"]}}],"collection":[{"href":"https:\/\/pdt-rj.org.br\/index.php\/wp-json\/wp\/v2\/posts"}],"about":[{"href":"https:\/\/pdt-rj.org.br\/index.php\/wp-json\/wp\/v2\/types\/post"}],"author":[{"embeddable":true,"href":"https:\/\/pdt-rj.org.br\/index.php\/wp-json\/wp\/v2\/users\/17"}],"replies":[{"embeddable":true,"href":"https:\/\/pdt-rj.org.br\/index.php\/wp-json\/wp\/v2\/comments?post=76131"}],"version-history":[{"count":1,"href":"https:\/\/pdt-rj.org.br\/index.php\/wp-json\/wp\/v2\/posts\/76131\/revisions"}],"predecessor-version":[{"id":76135,"href":"https:\/\/pdt-rj.org.br\/index.php\/wp-json\/wp\/v2\/posts\/76131\/revisions\/76135"}],"wp:featuredmedia":[{"embeddable":true,"href":"https:\/\/pdt-rj.org.br\/index.php\/wp-json\/wp\/v2\/media\/76133"}],"wp:attachment":[{"href":"https:\/\/pdt-rj.org.br\/index.php\/wp-json\/wp\/v2\/media?parent=76131"}],"wp:term":[{"taxonomy":"category","embeddable":true,"href":"https:\/\/pdt-rj.org.br\/index.php\/wp-json\/wp\/v2\/categories?post=76131"},{"taxonomy":"post_tag","embeddable":true,"href":"https:\/\/pdt-rj.org.br\/index.php\/wp-json\/wp\/v2\/tags?post=76131"}],"curies":[{"name":"wp","href":"https:\/\/api.w.org\/{rel}","templated":true}]}}