{"id":76117,"date":"2021-02-18T15:34:59","date_gmt":"2021-02-18T18:34:59","guid":{"rendered":"http:\/\/pdt-rj.org.br\/?p=76117"},"modified":"2021-02-23T16:25:08","modified_gmt":"2021-02-23T19:25:08","slug":"o-pais-precisa-de-um-projeto","status":"publish","type":"post","link":"https:\/\/pdt-rj.org.br\/index.php\/o-pais-precisa-de-um-projeto\/","title":{"rendered":"Lupi sobre as elei\u00e7\u00f5es de 2022: \u201cN\u00f3s temos, hoje, candidato e projeto\u201d"},"content":{"rendered":"<h3><em><b>Para Carta Capital, o presidente nacional do PDT tamb\u00e9m defendeu a pris\u00e3o do deputado Daniel Silveira<\/b><\/em><\/h3>\n<p>&nbsp;<\/p>\n<p>Em entrevista \u00e0 Carta Capital nesta quarta-feira (17), o presidente nacional do PDT, Carlos Lupi, ratificou Ciro Gomes como pr\u00e9-candidato na composi\u00e7\u00e3o do cen\u00e1rio para a elei\u00e7\u00e3o presidencial de 2022: \u201cN\u00f3s temos, hoje, candidato e projeto. \u00c9 o nosso direito\u201d.<\/p>\n<p>Para o pedetista, o ex-governador do Cear\u00e1 simboliza uma alternativa vi\u00e1vel a partir da sua qualifica\u00e7\u00e3o e de uma base progressista de a\u00e7\u00f5es traduzida, inclusive, na obra \u2018Projeto Nacional: O dever da esperan\u00e7a\u2019, lan\u00e7ada no ano passado.<\/p>\n<p>\u201cO PDT apresenta um Projeto Nacional de Desenvolvimento desde a campanha de 2018\u2033, afirmou, ao completar: \u201cO Ciro andou esse Brasil todo e escreveu um livro sobre esse projeto\u201d, disse.<\/p>\n<p>Lupi avalia que a popula\u00e7\u00e3o n\u00e3o vai mais acreditar em\u00a0<i>outsiders<\/i>\u00a0\u201ccomo salvadores da p\u00e1tria\u201d, incluindo artistas de televis\u00e3o ou apol\u00edticos, pois \u201cj\u00e1 mostrou (Bolsonaro) que n\u00e3o deu certo&#8221;. A diferen\u00e7a de 2022, para o ex-deputado federal, ser\u00e1 a apresenta\u00e7\u00e3o de uma experi\u00eancia concreta para convencer a sociedade.<\/p>\n<p>\u201cSem qualquer tipo de preconceito\u201d e \u201ccom di\u00e1logo\u201d, a op\u00e7\u00e3o trabalhista desponta, segundo Lupi, para atender o anseio social por solu\u00e7\u00f5es atuais para resgatar o pa\u00eds, que est\u00e1 \u201ccompletamente diferente de 12 anos atr\u00e1s\u201d.<\/p>\n<p>\u201cQueremos apresentar ele (Ciro) para todo o Brasil e tentar aglutinar as for\u00e7as populares em torno do nome dele, mas n\u00e3o \u00e9 imposi\u00e7\u00e3o. \u00c9 conquista\u201d, assegurou, mencionando a manuten\u00e7\u00e3o do legado de Leonel Brizola, fundador do PDT.<\/p>\n<p>\u201cN\u00f3s temos que olhar o que fazer. O Brasil no caos que est\u00e1, no meio da pandemia, com o Estado sendo destru\u00eddo, com um presidente da Rep\u00fablica inoperante e inapto para a fun\u00e7\u00e3o. \u00c9 o profeta da ignor\u00e2ncia, pois profetiza, junto com um monte de conselheiros, o descumprimento das ordens da OMS, a Organiza\u00e7\u00e3o Mundial de Sa\u00fade\u201d, pontuou, contrastando a presente taxa de desemprego e o alcance do pleno emprego, em 2010, durante sua gest\u00e3o como ministro do Trabalho.<\/p>\n<p><strong>Constitucionalidade<\/strong><\/p>\n<p>Sobre a pris\u00e3o do deputado federal, Daniel Silveira (PSL-RJ), que foi expedida, nesta ter\u00e7a-feira (16), pelo ministro do Superior Tribunal Federal (STF), Alexandre de Moraes, e ratificada, por unanimidade pelo plen\u00e1rio da Corte, Lupi indicou que a imunidade parlamentar e a liberdade de express\u00e3o apresentam limites constitucionais e n\u00e3o autoriza amea\u00e7as, ofensas e <i>fake news<\/i>, como as proferidas por v\u00eddeos na internet.<\/p>\n<p>\u201cFoi de uma viol\u00eancia, de uma agress\u00e3o gratuita, que n\u00e3o \u00e9 permitido a ningu\u00e9m no exerc\u00edcio do seu mandato faz\u00ea-lo. O Supremo \u00e9 a mais alta Corte do pa\u00eds, o guardi\u00e3o da Constitui\u00e7\u00e3o. Sou completamente favor\u00e1vel a esse ato da pris\u00e3o, que deu uma demonstra\u00e7\u00e3o clara da ordem constitu\u00edda e quem \u00e9 a autoridade maior desse pa\u00eds\u201d, afirmou, ao mencionar a unidade dos ministros em prol do Estado Democr\u00e1tico de Direito.<\/p>\n<p>O PDT, em conjunto com mais cinco partidos, protocolou ontem (17) no Conselho de \u00c9tica da C\u00e2mara uma representa\u00e7\u00e3o para cassa\u00e7\u00e3o do mandato do deputado por quebra de decoro parlamentar.<\/p>\n<p>Assista a entrevista completa abaixo.<\/p>\n<p><iframe loading=\"lazy\" src=\"\/\/www.youtube.com\/embed\/nDBv9_kFi-E\" width=\"956\" height=\"538\" frameborder=\"0\" allowfullscreen=\"allowfullscreen\"><\/iframe><\/p>\n<!-- AddThis Advanced Settings generic via filter on the_content --><!-- AddThis Share Buttons generic via filter on the_content -->","protected":false},"excerpt":{"rendered":"<p>Para Carta Capital, o presidente nacional do PDT tamb\u00e9m defendeu a pris\u00e3o do deputado Daniel Silveira &nbsp; Em entrevista \u00e0 Carta Capital nesta quarta-feira (17), o presidente nacional do PDT, Carlos Lupi, ratificou Ciro Gomes como pr\u00e9-candidato na composi\u00e7\u00e3o do cen\u00e1rio para a elei\u00e7\u00e3o presidencial de 2022: \u201cN\u00f3s temos, hoje, candidato e projeto. \u00c9 o&#8230;<!-- AddThis Advanced Settings generic via filter on wp_trim_excerpt --><!-- AddThis Share Buttons generic via filter on wp_trim_excerpt --><\/p>\n","protected":false},"author":17,"featured_media":76138,"comment_status":"closed","ping_status":"closed","sticky":false,"template":"","format":"standard","meta":{"_monsterinsights_skip_tracking":false,"_monsterinsights_sitenote_active":false,"_monsterinsights_sitenote_note":"","_monsterinsights_sitenote_category":0,"_uf_show_specific_survey":0,"_uf_disable_surveys":false,"footnotes":""},"categories":[975,976],"tags":[196,4423,4422,364,2878,38,1541,28,4426],"class_list":["post-76117","post","type-post","status-publish","format-standard","has-post-thumbnail","hentry","category-manchete","category-noticias-em-destaque","tag-carlos-lupi","tag-carta-capital","tag-eleicoes-2022","tag-entrevista","tag-fake-news","tag-pdt","tag-projeto-nacional-de-desenvolvimento","tag-stf","tag-superior-tribunal-federal"],"acf":[],"_links":{"self":[{"href":"https:\/\/pdt-rj.org.br\/index.php\/wp-json\/wp\/v2\/posts\/76117","targetHints":{"allow":["GET"]}}],"collection":[{"href":"https:\/\/pdt-rj.org.br\/index.php\/wp-json\/wp\/v2\/posts"}],"about":[{"href":"https:\/\/pdt-rj.org.br\/index.php\/wp-json\/wp\/v2\/types\/post"}],"author":[{"embeddable":true,"href":"https:\/\/pdt-rj.org.br\/index.php\/wp-json\/wp\/v2\/users\/17"}],"replies":[{"embeddable":true,"href":"https:\/\/pdt-rj.org.br\/index.php\/wp-json\/wp\/v2\/comments?post=76117"}],"version-history":[{"count":9,"href":"https:\/\/pdt-rj.org.br\/index.php\/wp-json\/wp\/v2\/posts\/76117\/revisions"}],"predecessor-version":[{"id":76148,"href":"https:\/\/pdt-rj.org.br\/index.php\/wp-json\/wp\/v2\/posts\/76117\/revisions\/76148"}],"wp:featuredmedia":[{"embeddable":true,"href":"https:\/\/pdt-rj.org.br\/index.php\/wp-json\/wp\/v2\/media\/76138"}],"wp:attachment":[{"href":"https:\/\/pdt-rj.org.br\/index.php\/wp-json\/wp\/v2\/media?parent=76117"}],"wp:term":[{"taxonomy":"category","embeddable":true,"href":"https:\/\/pdt-rj.org.br\/index.php\/wp-json\/wp\/v2\/categories?post=76117"},{"taxonomy":"post_tag","embeddable":true,"href":"https:\/\/pdt-rj.org.br\/index.php\/wp-json\/wp\/v2\/tags?post=76117"}],"curies":[{"name":"wp","href":"https:\/\/api.w.org\/{rel}","templated":true}]}}