{"id":76116,"date":"2021-02-18T15:31:23","date_gmt":"2021-02-18T18:31:23","guid":{"rendered":"http:\/\/pdt-rj.org.br\/?p=76116"},"modified":"2021-02-18T15:31:23","modified_gmt":"2021-02-18T18:31:23","slug":"prefeitura-de-japeri-rj-recebe-denuncias-e-combate-aglomeracoes-durante-carnaval","status":"publish","type":"post","link":"https:\/\/pdt-rj.org.br\/index.php\/prefeitura-de-japeri-rj-recebe-denuncias-e-combate-aglomeracoes-durante-carnaval\/","title":{"rendered":"Prefeitura de Japeri (RJ) recebe den\u00fancias e combate aglomera\u00e7\u00f5es durante Carnaval"},"content":{"rendered":"<p class=\"yiv8657951300MsoNormal\"><em><b>Fiscaliza\u00e7\u00e3o interrompeu eventos irregulares, fechou estabelecimentos e notificou respons\u00e1veis<\/b><\/em><\/p>\n<p class=\"yiv8657951300MsoNormal\">A Prefeitura de\u00a0Japeri, na Baixada Fluminense do Rio de Janeiro, intensificou a fiscaliza\u00e7\u00e3o, durante o Carnaval, para combater aglomera\u00e7\u00f5es e garantir o cumprimento das medidas sanit\u00e1rias contra a dissemina\u00e7\u00e3o do Covid-19. Lideradas pela prefeita\u00a0Fernanda Ontiveros, do PDT, as a\u00e7\u00f5es foram executadas pela Secretaria de Seguran\u00e7a P\u00fablica, Transporte, Ordem Urbana e Postura e contaram com o apoio da Pol\u00edcia Militar.<\/p>\n<p class=\"yiv8657951300MsoNormal\">Neste domingo (14), no bairro Nova Bel\u00e9m, a Guarda Municipal retirou lonas que j\u00e1 estavam prontas para a realiza\u00e7\u00e3o de uma festa que aconteceria \u00e0 noite, na pra\u00e7a da localidade. A atividade descumpriu, portanto, o decreto municipal n\u00ba 3.106, de 2021.<\/p>\n<p class=\"yiv8657951300MsoNormal\">Em Mucaj\u00e1, um bar reunia grande volume de pessoas. Ap\u00f3s reclama\u00e7\u00f5es nos canais oficiais, os agentes foram at\u00e9 o local, notificaram o propriet\u00e1rio e encerraram o evento. Por\u00e9m, algumas horas depois, a festa recome\u00e7ou. Por conta do desacato, o propriet\u00e1rio teve seu estabelecimento fechado.<\/p>\n<p class=\"yiv8657951300MsoNormal\">\u201cContamos com as den\u00fancias da popula\u00e7\u00e3o. Ponto facultativo n\u00e3o significa que pode haver festas na cidade. N\u00e3o \u00e9 hora de aglomera\u00e7\u00f5es\u201d, explicou o secret\u00e1rio Levi Martins.<\/p>\n<p class=\"yiv8657951300MsoNormal\"><strong>Ouvidoria<\/strong><\/p>\n<p class=\"yiv8657951300MsoNormal\">Para denunciar, basta entrar em contato pelo telefone (21) 3691-2813 ou pelo e-mail:\u00a0<a href=\"mailto:semustop@japeri.rj\" target=\"_blank\" rel=\"nofollow noopener noreferrer\">semustop@japeri.rj<\/a>.<a href=\"http:\/\/gov.br\/\" target=\"_blank\" rel=\"nofollow noopener noreferrer\">gov.br<\/a>.<\/p>\n<p class=\"yiv8657951300MsoNormal\">\n<p class=\"yiv8657951300MsoNormal\"><strong><i>*Com informa\u00e7\u00f5es da Prefeitura de Japeri.<\/i><\/strong><\/p>\n<!-- AddThis Advanced Settings generic via filter on the_content --><!-- AddThis Share Buttons generic via filter on the_content -->","protected":false},"excerpt":{"rendered":"<p>Fiscaliza\u00e7\u00e3o interrompeu eventos irregulares, fechou estabelecimentos e notificou respons\u00e1veis A Prefeitura de\u00a0Japeri, na Baixada Fluminense do Rio de Janeiro, intensificou a fiscaliza\u00e7\u00e3o, durante o Carnaval, para combater aglomera\u00e7\u00f5es e garantir o cumprimento das medidas sanit\u00e1rias contra a dissemina\u00e7\u00e3o do Covid-19. Lideradas pela prefeita\u00a0Fernanda Ontiveros, do PDT, as a\u00e7\u00f5es foram executadas pela Secretaria de Seguran\u00e7a P\u00fablica,&#8230;<!-- AddThis Advanced Settings generic via filter on wp_trim_excerpt --><!-- AddThis Share Buttons generic via filter on wp_trim_excerpt --><\/p>\n","protected":false},"author":17,"featured_media":76118,"comment_status":"closed","ping_status":"closed","sticky":false,"template":"","format":"standard","meta":{"_monsterinsights_skip_tracking":false,"_monsterinsights_sitenote_active":false,"_monsterinsights_sitenote_note":"","_monsterinsights_sitenote_category":0,"_uf_show_specific_survey":0,"_uf_disable_surveys":false,"footnotes":""},"categories":[1390],"tags":[3348,4250,4251,865],"class_list":["post-76116","post","type-post","status-publish","format-standard","has-post-thumbnail","hentry","category-editorias","tag-covid-19","tag-fernanda-ontiveros","tag-japeri-rj","tag-seguranca-publica"],"acf":[],"_links":{"self":[{"href":"https:\/\/pdt-rj.org.br\/index.php\/wp-json\/wp\/v2\/posts\/76116","targetHints":{"allow":["GET"]}}],"collection":[{"href":"https:\/\/pdt-rj.org.br\/index.php\/wp-json\/wp\/v2\/posts"}],"about":[{"href":"https:\/\/pdt-rj.org.br\/index.php\/wp-json\/wp\/v2\/types\/post"}],"author":[{"embeddable":true,"href":"https:\/\/pdt-rj.org.br\/index.php\/wp-json\/wp\/v2\/users\/17"}],"replies":[{"embeddable":true,"href":"https:\/\/pdt-rj.org.br\/index.php\/wp-json\/wp\/v2\/comments?post=76116"}],"version-history":[{"count":1,"href":"https:\/\/pdt-rj.org.br\/index.php\/wp-json\/wp\/v2\/posts\/76116\/revisions"}],"predecessor-version":[{"id":76119,"href":"https:\/\/pdt-rj.org.br\/index.php\/wp-json\/wp\/v2\/posts\/76116\/revisions\/76119"}],"wp:featuredmedia":[{"embeddable":true,"href":"https:\/\/pdt-rj.org.br\/index.php\/wp-json\/wp\/v2\/media\/76118"}],"wp:attachment":[{"href":"https:\/\/pdt-rj.org.br\/index.php\/wp-json\/wp\/v2\/media?parent=76116"}],"wp:term":[{"taxonomy":"category","embeddable":true,"href":"https:\/\/pdt-rj.org.br\/index.php\/wp-json\/wp\/v2\/categories?post=76116"},{"taxonomy":"post_tag","embeddable":true,"href":"https:\/\/pdt-rj.org.br\/index.php\/wp-json\/wp\/v2\/tags?post=76116"}],"curies":[{"name":"wp","href":"https:\/\/api.w.org\/{rel}","templated":true}]}}