{"id":76103,"date":"2021-02-18T11:07:15","date_gmt":"2021-02-18T14:07:15","guid":{"rendered":"http:\/\/pdt-rj.org.br\/?p=76103"},"modified":"2021-02-18T11:08:50","modified_gmt":"2021-02-18T14:08:50","slug":"a-politica-deliberada-contra-o-brasil","status":"publish","type":"post","link":"https:\/\/pdt-rj.org.br\/index.php\/a-politica-deliberada-contra-o-brasil\/","title":{"rendered":"A Pol\u00edtica deliberada contra o Brasil"},"content":{"rendered":"<p>Estamos vivendo uma pol\u00edtica deliberada contra a vacina\u00e7\u00e3o em massa no Brasil. No dia em que o Brasil registra m\u00e9dia de 1.092 mortes por Covid-19, a segunda maior alta do ano, Bolsonaro anda de jet-ski, promove aglomera\u00e7\u00e3o e ataca a liberdade de impressa. Mais uma tentativa de desviar a aten\u00e7\u00e3o da falta de vacinas em todo o Pa\u00eds, que atrasa a retomada da vida social e econ\u00f4mica. Em discurso, mirando o pleito de 2022, ele emenda o tom, diz que \u00e9 favor\u00e1vel \u00e0 imuniza\u00e7\u00e3o, apesar de que em nada contribui para isso, e ao aux\u00edlio emergencial.<\/p>\n<p>Bolsonaro brinca com o imagin\u00e1rio da popula\u00e7\u00e3o. Usa da exaust\u00e3o emocional e econ\u00f4mica para desviar o foco da sua m\u00e1 gest\u00e3o e manter sua pseudopopularidade. E diga-se: desde o in\u00edcio o aux\u00edlio foi uma luta ampliada no Parlamento, que contou com a nega\u00e7\u00e3o e forte atua\u00e7\u00e3o de Paulo Guedes para derrotar esse recurso que significa a<br \/>\nsobreviv\u00eancia de milhes de brasileiros. A prorroga\u00e7\u00e3o n\u00e3o foi diferente. Enquanto a oposi\u00e7\u00e3o subia a voz no plen\u00e1rio da C\u00e2mara dos Deputados para garantir a aprova\u00e7\u00e3o, Bolsonaro desdenhava do aumento da fome e afirmava que o aux\u00edlio iria quebrar o Brasil. A mis\u00e9ria, o desemprego e a desesperan\u00e7a quebram o Brasil.<\/p>\n<p>Fato \u00e9 que a economia continua em frangalhos. Faltam incentivos para a ind\u00fastria e estabilidade para o mercado. A cortina de confetes n\u00e3o esconde a realidade nacional. 14 milh\u00f5es de pessoas sem emprego e o trabalho intermitente responde por metade das vagas em 2020. O custo de vida sobe com o aumento de itens b\u00e1sicos de alimenta\u00e7\u00e3o, sem falar no aumento do g\u00e1s, e principalmente do combust\u00edvel, que cria um efeito cascata de aumentos em diversos segmentos da economia nacional. Mais um entrave ao crescimento.<\/p>\n<p>Enquanto o baile segue, Bolsonaro avan\u00e7a na pauta do armamento da popula\u00e7\u00e3o. E n\u00e3o \u00e9 em v\u00e3o. Ele segue formando seu pr\u00f3prio esquadr\u00e3o e j\u00e1 acena com flertes autorit\u00e1rios que n\u00e3o aceitar\u00e1 derrotas em 2022. No que o Brasil se transformar\u00e1? Um pa\u00eds que segue desgovernado, sem projeto, sem futuro. Se n\u00e3o houver urgentemente uma Frente Progressista em defesa do Brasil, entraremos em um looping de caos que mergulhar\u00e1 o pa\u00eds numa crise sem precedentes. Um discurso un\u00edssono que fale para al\u00e9m das rinhas partid\u00e1rias. Uma pr\u00e1tica que englobe todos os protagonistas desse Projeto de Desenvolvimento Nacional pelo futuro do Brasil.<\/p>\n<p><em><strong>*Andr\u00e9 Figueiredo \u00e9 deputado federal (PDT-CE) e L\u00edder da Oposi\u00e7\u00e3o na C\u00e2mara.<\/strong><\/em><\/p>\n<!-- AddThis Advanced Settings generic via filter on the_content --><!-- AddThis Share Buttons generic via filter on the_content -->","protected":false},"excerpt":{"rendered":"<p>Estamos vivendo uma pol\u00edtica deliberada contra a vacina\u00e7\u00e3o em massa no Brasil. No dia em que o Brasil registra m\u00e9dia de 1.092 mortes por Covid-19, a segunda maior alta do ano, Bolsonaro anda de jet-ski, promove aglomera\u00e7\u00e3o e ataca a liberdade de impressa. Mais uma tentativa de desviar a aten\u00e7\u00e3o da falta de vacinas em&#8230;<!-- AddThis Advanced Settings generic via filter on wp_trim_excerpt --><!-- AddThis Share Buttons generic via filter on wp_trim_excerpt --><\/p>\n","protected":false},"author":17,"featured_media":76105,"comment_status":"closed","ping_status":"closed","sticky":false,"template":"","format":"standard","meta":{"_monsterinsights_skip_tracking":false,"_monsterinsights_sitenote_active":false,"_monsterinsights_sitenote_note":"","_monsterinsights_sitenote_category":0,"_uf_show_specific_survey":0,"_uf_disable_surveys":false,"footnotes":""},"categories":[1584,1390,1459],"tags":[34,3376,183,2327,4418,4419],"class_list":["post-76103","post","type-post","status-publish","format-standard","has-post-thumbnail","hentry","category-artigos","category-editorias","category-congresso","tag-andre-figueiredo","tag-auxilio-emergencial","tag-camara-dos-deputados","tag-desemprego","tag-frente-progressista-em-defesa-do-brasil","tag-projeto-de-desenvolvimento-nacional"],"acf":[],"_links":{"self":[{"href":"https:\/\/pdt-rj.org.br\/index.php\/wp-json\/wp\/v2\/posts\/76103","targetHints":{"allow":["GET"]}}],"collection":[{"href":"https:\/\/pdt-rj.org.br\/index.php\/wp-json\/wp\/v2\/posts"}],"about":[{"href":"https:\/\/pdt-rj.org.br\/index.php\/wp-json\/wp\/v2\/types\/post"}],"author":[{"embeddable":true,"href":"https:\/\/pdt-rj.org.br\/index.php\/wp-json\/wp\/v2\/users\/17"}],"replies":[{"embeddable":true,"href":"https:\/\/pdt-rj.org.br\/index.php\/wp-json\/wp\/v2\/comments?post=76103"}],"version-history":[{"count":3,"href":"https:\/\/pdt-rj.org.br\/index.php\/wp-json\/wp\/v2\/posts\/76103\/revisions"}],"predecessor-version":[{"id":76107,"href":"https:\/\/pdt-rj.org.br\/index.php\/wp-json\/wp\/v2\/posts\/76103\/revisions\/76107"}],"wp:featuredmedia":[{"embeddable":true,"href":"https:\/\/pdt-rj.org.br\/index.php\/wp-json\/wp\/v2\/media\/76105"}],"wp:attachment":[{"href":"https:\/\/pdt-rj.org.br\/index.php\/wp-json\/wp\/v2\/media?parent=76103"}],"wp:term":[{"taxonomy":"category","embeddable":true,"href":"https:\/\/pdt-rj.org.br\/index.php\/wp-json\/wp\/v2\/categories?post=76103"},{"taxonomy":"post_tag","embeddable":true,"href":"https:\/\/pdt-rj.org.br\/index.php\/wp-json\/wp\/v2\/tags?post=76103"}],"curies":[{"name":"wp","href":"https:\/\/api.w.org\/{rel}","templated":true}]}}