{"id":75982,"date":"2021-02-09T23:23:12","date_gmt":"2021-02-10T02:23:12","guid":{"rendered":"http:\/\/pdt-rj.org.br\/?p=75982"},"modified":"2021-02-10T01:23:51","modified_gmt":"2021-02-10T04:23:51","slug":"movimento-de-educacao-apoia-inclusao-de-educadores-no-grupo-prioritario-de-vacinacao","status":"publish","type":"post","link":"https:\/\/pdt-rj.org.br\/index.php\/movimento-de-educacao-apoia-inclusao-de-educadores-no-grupo-prioritario-de-vacinacao\/","title":{"rendered":"Movimento de Educa\u00e7\u00e3o apoia inclus\u00e3o de educadores no grupo priorit\u00e1rio de vacina\u00e7\u00e3o"},"content":{"rendered":"<div class=\"msg-body P_wpofO mq_AS\" data-test-id=\"message-view-body-content\">\n<div class=\"jb_0 X_6MGW N_6Fd5\">\n<div id=\"yiv1645656243\">\n<div dir=\"ltr\">\n<p class=\"yiv1645656243MsoNormal\"><em><b>Diante da volta das aulas presenciais, organiza\u00e7\u00e3o do PDT mobiliza prote\u00e7\u00e3o contra o Covid-19<\/b><\/em><\/p>\n<p class=\"yiv1645656243MsoNormal\">Com o retorno gradual das aulas presenciais nas escolas p\u00fablicas e privadas, a prote\u00e7\u00e3o dos trabalhadores ligados ao ensino se torna um fator determinante. Por isso, o Movimento Trabalhista Pela Educa\u00e7\u00e3o (MTPE), vinculado ao PDT, reuniu virtualmente, nesta ter\u00e7a-feira (9), a sua dire\u00e7\u00e3o nacional para intensificar a mobiliza\u00e7\u00e3o para inclus\u00e3o dos educadores no grupo priorit\u00e1rio de vacina\u00e7\u00e3o contra o Covid-19.<\/p>\n<p class=\"yiv1645656243MsoNormal\">O MTPE\u00a0manifestou ainda a import\u00e2ncia da disponibiliza\u00e7\u00e3o de testagem r\u00e1pida e de equipamentos de prote\u00e7\u00e3o individual, al\u00e9m da garantia de servi\u00e7os efetivos de desinfec\u00e7\u00e3o e de adapta\u00e7\u00e3o das instala\u00e7\u00f5es escolares. O pacote de medidas \u00e9 considerado essencial para mitigar o risco, inclusive dos alunos e familiares a partir da rotina di\u00e1ria.<\/p>\n<p class=\"yiv1645656243MsoNormal\">De forma integrada com as determina\u00e7\u00f5es de sa\u00fade, os pedetistas confirmaram a interlocu\u00e7\u00e3o com prefeitos e governadores para aprimoramento dos planos municipais e estaduais de imuniza\u00e7\u00e3o, bem como com lideran\u00e7as do partido, no Congresso Nacional, para encaminhamento de medidas legislativas que abordem o tema.<\/p>\n<p class=\"yiv1645656243MsoNormal\">Ao valorizar a presen\u00e7a do secret\u00e1rio-geral nacional do partido e presidente da Funda\u00e7\u00e3o Leonel Brizola \u2013 Alberto Pasqualini (FLB-AP), Manoel Dias, a presidente nacional do movimento, Maria Am\u00e9lia, defende ainda o debate ampliado com a comunidade cient\u00edfica para ratificar a preserva\u00e7\u00e3o de vidas.<\/p>\n<p class=\"yiv1645656243MsoNormal\">\u201cO retorno das aulas deve ocorrer de forma segura, pois boa parte da sociedade segue vulner\u00e1vel a partir do risco de dissemina\u00e7\u00e3o dentro no ambiente escolar. A vacina protege e o ensino emancipa\u201d, declara.<\/p>\n<p class=\"yiv1645656243MsoNormal\">\u201cOs profissionais da educa\u00e7\u00e3o reconhecem a relev\u00e2ncia do ensino presencial, entretanto \u00e9 necess\u00e1rio prud\u00eancia e responsabilidade diante de uma pandemia sem precedentes na hist\u00f3ria atual\u201d, explica.<\/p>\n<p class=\"yiv1645656243MsoNormal\">Para Manoel Dias, o movimento mostra que sua representatividade e engajamento s\u00e3o reflexos do legado acumulado pelo trabalhismo de Get\u00falio Vargas, Jo\u00e3o Goulart e Leonel Brizola.<\/p>\n<p class=\"yiv1645656243MsoNormal\">\u201cNossas bandeiras sempre estar\u00e3o atreladas com as causas populares. Resguardar a educa\u00e7\u00e3o, principalmente no setor p\u00fablico, \u00e9 primordial para que o povo tenha a oportunidade de se libertar com sa\u00fade\u201d, comentou.<\/p>\n<p class=\"yiv1645656243MsoNormal\">\u201cEstamos juntos nessa articula\u00e7\u00e3o em prol dos nossos educadores e alunos, pois a pandemia ainda n\u00e3o acabou e a vacina\u00e7\u00e3o avan\u00e7a lentamente em fun\u00e7\u00e3o de um presidente da Rep\u00fablica desqualificado e irrespons\u00e1vel\u201d, completou.<\/p>\n<\/div>\n<\/div>\n<\/div>\n<\/div>\n<!-- AddThis Advanced Settings generic via filter on the_content --><!-- AddThis Share Buttons generic via filter on the_content -->","protected":false},"excerpt":{"rendered":"<p>Diante da volta das aulas presenciais, organiza\u00e7\u00e3o do PDT mobiliza prote\u00e7\u00e3o contra o Covid-19 Com o retorno gradual das aulas presenciais nas escolas p\u00fablicas e privadas, a prote\u00e7\u00e3o dos trabalhadores ligados ao ensino se torna um fator determinante. Por isso, o Movimento Trabalhista Pela Educa\u00e7\u00e3o (MTPE), vinculado ao PDT, reuniu virtualmente, nesta ter\u00e7a-feira (9), a&#8230;<!-- AddThis Advanced Settings generic via filter on wp_trim_excerpt --><!-- AddThis Share Buttons generic via filter on wp_trim_excerpt --><\/p>\n","protected":false},"author":17,"featured_media":75983,"comment_status":"closed","ping_status":"closed","sticky":false,"template":"","format":"standard","meta":{"_monsterinsights_skip_tracking":false,"_monsterinsights_sitenote_active":false,"_monsterinsights_sitenote_note":"","_monsterinsights_sitenote_category":0,"_uf_show_specific_survey":0,"_uf_disable_surveys":false,"footnotes":""},"categories":[1390,3908,1397],"tags":[1526,3348,4380,426,437,4382,514,565,591,4381,3885,4379],"class_list":["post-75982","post","type-post","status-publish","format-standard","has-post-thumbnail","hentry","category-editorias","category-movimento-trabalhista-pela-educacao","category-movimentos","tag-congresso-nacional","tag-covid-19","tag-ensino-presencial","tag-fundacao-leonel-brizola-alberto-pasqualini","tag-getulio-vargas","tag-grupo-prioritario-de-vacinacao-contra-o-covid-19","tag-joao-goulart","tag-leonel-brizola","tag-manoel-dias","tag-maria-amelia","tag-movimento-trabalhista-pela-educacao","tag-mtpe"],"acf":[],"_links":{"self":[{"href":"https:\/\/pdt-rj.org.br\/index.php\/wp-json\/wp\/v2\/posts\/75982","targetHints":{"allow":["GET"]}}],"collection":[{"href":"https:\/\/pdt-rj.org.br\/index.php\/wp-json\/wp\/v2\/posts"}],"about":[{"href":"https:\/\/pdt-rj.org.br\/index.php\/wp-json\/wp\/v2\/types\/post"}],"author":[{"embeddable":true,"href":"https:\/\/pdt-rj.org.br\/index.php\/wp-json\/wp\/v2\/users\/17"}],"replies":[{"embeddable":true,"href":"https:\/\/pdt-rj.org.br\/index.php\/wp-json\/wp\/v2\/comments?post=75982"}],"version-history":[{"count":2,"href":"https:\/\/pdt-rj.org.br\/index.php\/wp-json\/wp\/v2\/posts\/75982\/revisions"}],"predecessor-version":[{"id":75985,"href":"https:\/\/pdt-rj.org.br\/index.php\/wp-json\/wp\/v2\/posts\/75982\/revisions\/75985"}],"wp:featuredmedia":[{"embeddable":true,"href":"https:\/\/pdt-rj.org.br\/index.php\/wp-json\/wp\/v2\/media\/75983"}],"wp:attachment":[{"href":"https:\/\/pdt-rj.org.br\/index.php\/wp-json\/wp\/v2\/media?parent=75982"}],"wp:term":[{"taxonomy":"category","embeddable":true,"href":"https:\/\/pdt-rj.org.br\/index.php\/wp-json\/wp\/v2\/categories?post=75982"},{"taxonomy":"post_tag","embeddable":true,"href":"https:\/\/pdt-rj.org.br\/index.php\/wp-json\/wp\/v2\/tags?post=75982"}],"curies":[{"name":"wp","href":"https:\/\/api.w.org\/{rel}","templated":true}]}}