{"id":75953,"date":"2021-02-08T22:21:41","date_gmt":"2021-02-09T01:21:41","guid":{"rendered":"http:\/\/pdt-rj.org.br\/?p=75953"},"modified":"2021-02-09T18:27:03","modified_gmt":"2021-02-09T21:27:03","slug":"lupi-afirma-que-prefeitos-do-pdt-alavancam-projeto-nacional-de-desenvolvimento","status":"publish","type":"post","link":"https:\/\/pdt-rj.org.br\/index.php\/lupi-afirma-que-prefeitos-do-pdt-alavancam-projeto-nacional-de-desenvolvimento\/","title":{"rendered":"Lupi afirma que prefeitos do PDT alavancam Projeto Nacional de Desenvolvimento"},"content":{"rendered":"<p class=\"yiv9584360703MsoNormal\"><em><b>Presidente nacional da sigla abriu I Semin\u00e1rio Trabalhista e ratificou a import\u00e2ncia da qualifica\u00e7\u00e3o<\/b><\/em><\/p>\n<p class=\"yiv9584360703MsoNormal\">O presidente nacional do PDT, Carlos Lupi, abriu, nesta segunda-feira (8), o I Semin\u00e1rio Trabalhista valorizando a import\u00e2ncia dos mais de 300 prefeitos do partido na solidifica\u00e7\u00e3o do Projeto Nacional de Desenvolvimento (PND), capitaneado por Ciro Gomes. Organizado em parceria com a Funda\u00e7\u00e3o Leonel Brizola \u2013 Alberto Pasqualini (FLB-AP), a iniciativa pedetista busca ampliar a qualifica\u00e7\u00e3o e o engajamento dos gestores.<\/p>\n<p class=\"yiv9584360703MsoNormal\">\u201cEstamos promovendo semin\u00e1rios para os nossos prefeitos, base do Projeto Nacional de Desenvolvimento que Ciro vai difundir e divulgar para todo o Brasil. E o primeiro foi organizado pelo prefeito, por duas vezes, de Niter\u00f3i (RJ), Rodrigo Neves, que mostrou sua capacidade, compet\u00eancia e for\u00e7a eleitoral\u201d, explicou Lupi.<\/p>\n<p class=\"yiv9584360703MsoNormal\">\u201cN\u00f3s, do PDT, somos a resist\u00eancia da democracia contra qualquer ditadura e profetas da ignor\u00e2ncia, que imperam no Brasil de hoje\u201d, completou.<\/p>\n<p class=\"yiv9584360703MsoNormal\">Primeiro da s\u00e9rie programada para os pr\u00f3ximos meses, o debate contou, ainda na abertura, com a participa\u00e7\u00e3o do presidente da FLB-AP e secret\u00e1rio-geral nacional do partido, Manoel Dias, que enalteceu a integra\u00e7\u00e3o dos quadros para fortalecer as bandeiras do Trabalhismo.<\/p>\n<p class=\"yiv9584360703MsoNormal\">\u201cPriorizem a educa\u00e7\u00e3o. Estimulem a cria\u00e7\u00e3o de escola p\u00fablica de tempo integral. O conhecimento emancipa e transforma a vida do povo\u201d, afirmou, mencionando Get\u00falio Vargas, Leonel Brizola e Jo\u00e3o Goulart como par\u00e2metros para a promo\u00e7\u00e3o de a\u00e7\u00f5es progressistas a partir do campo popular.<\/p>\n<p class=\"yiv9584360703MsoNormal\"><strong>Experi\u00eancias<\/strong><\/p>\n<p class=\"yiv9584360703MsoNormal\">Na sequ\u00eancia, a partir da media\u00e7\u00e3o e coordena\u00e7\u00e3o de Rodrigo Neves, especialistas analisaram a \u201cPandemia e os principais desafios da crise sanit\u00e1ria nas cidades em 2021\u201d., com \u00eanfase em governos bem sucedidos, na transfer\u00eancia de dados e indicadores para an\u00e1lise de cen\u00e1rios, bem como na constru\u00e7\u00e3o de proje\u00e7\u00f5es para superar os impactos.<\/p>\n<p class=\"yiv9584360703MsoNormal\">Transmitido pelas redes sociais pedetistas, o painel teve como destaques o ex-prefeito de Fortaleza, Roberto Cl\u00e1udio, e o prefeito reeleito de Aracaju, Edvaldo Nogueira, que analisaram caminhos exitosos da sa\u00fade p\u00fablica municipal com contribui\u00e7\u00f5es do pesquisador da Fiocruz e diretor do Programa das Na\u00e7\u00f5es Unidas para o Desenvolvimento (PNUD), R\u00f4mulo Paes, e do doutor pelo Fiocruz e professor da faculdade de Medicina da UFRJ, Roberto Medronho.<\/p>\n<p class=\"yiv9584360703MsoNormal\">Perante o sucesso da gest\u00e3o pedetista em Niter\u00f3i, que \u00e9 ampliado a partir da elei\u00e7\u00e3o de Axel Grael\u00a0\u2014 tamb\u00e9m presente\u00a0\u2014, Rodrigo Neves fez uma an\u00e1lise do cen\u00e1rio desafiador nas cidades. Para ele, existe a possibilidade de pandemias intermitentes e, com isso, fica indispens\u00e1vel a necessidade de um planejamento estrat\u00e9gico adequado e inovador para enfrentar cada realidade afetada por interfer\u00eancias sociais, econ\u00f4micas, fiscais e pol\u00edticas.<\/p>\n<p class=\"yiv9584360703MsoNormal\">\u201cEstamos, de fato, diante de um fen\u00f4meno sem precedentes. \u00c9 a mais grave crise sanit\u00e1ria da nossa gera\u00e7\u00e3o. E ela vai mudar os paradigmas e os modelos de desenvolvimento e gest\u00e3o\u201d, pondera, citando ainda a absor\u00e7\u00e3o de exemplos adaptados para mitigar problemas rotineiros, como o n\u00edvel de desigualdade social e o hist\u00f3rico de desorganiza\u00e7\u00e3o do espa\u00e7o urbano.<\/p>\n<p class=\"yiv9584360703MsoNormal\">\u201cO esfor\u00e7o do partido de propiciar a an\u00e1lise, a informa\u00e7\u00e3o e, sobretudo, a troca de experi\u00eancias na gest\u00e3o p\u00fablica \u00e9 algo fundamental porque todos os prefeitos se veem, no dia a dia, diante de problemas que todos n\u00f3s, que j\u00e1 governamos, j\u00e1 enfrentamos. \u00c9 comum a todos\u201d, relata Neves, que est\u00e1 cursando doutorado sobre a tem\u00e1tica na Universidade de Coimbra, em Portugal.<\/p>\n<p class=\"yiv9584360703MsoNormal\">J\u00e1 Roberto Cl\u00e1udio, que \u00e9 m\u00e9dico, pontuou medidas de sucesso implementadas na Prefeitura da capital cearense desde mar\u00e7o de 2020, quando foi identificada e confirmada a transmiss\u00e3o comunit\u00e1ria do coronav\u00edrus. A cidade \u00e9 um dos maiores hubs aeroportu\u00e1rios do Brasil, o que atrai ampliados fluxos nacionais e internacionais de passageiros.<\/p>\n<p class=\"yiv9584360703MsoNormal\">\u201cA primeira, e mais importante, atitude em rela\u00e7\u00e3o ao Covid-19 foi a humildade de reconhecer a limita\u00e7\u00e3o do nosso conhecimento para aprender com as experi\u00eancias dos demais\u201d, garantiu.<\/p>\n<p class=\"yiv9584360703MsoNormal\">\u201c\u00c9 seguir tamb\u00e9m o aconselhamento de refer\u00eancias cient\u00edficas e t\u00e9cnicas na \u00e1rea para que o processo de tomada de decis\u00e3o do prefeito e secret\u00e1rio seja baseado na melhor evid\u00eancia. E, assim, acumulando o melhor conhecimento\u201d, acrescentou, relembrando do intenso caminho para salvar vidas com responsabilidade.<\/p>\n<p class=\"yiv9584360703MsoNormal\"><strong>Vacina<\/strong><\/p>\n<p class=\"yiv9584360703MsoNormal\">Para Edvaldo Nogueira, que \u00e9 vice-presidente da Frente Nacional de Prefeitos, a prioridade \u00e9 manter a pol\u00edtica de preven\u00e7\u00e3o em conson\u00e2ncia com o plano de imuniza\u00e7\u00e3o. Segundo ele, o balan\u00e7o dos erros e acertos deve estar, portanto, aglutinado com o \u201colhar para o adiante\u201d.<\/p>\n<p class=\"yiv9584360703MsoNormal\">\u201cO desafio, agora, dos prefeitos \u00e9 de preparar as prefeituras para que a gente possa vacinar. Continuar o combate ao coronav\u00edrus tomando medidas de isolamento e o que for necess\u00e1rio como preven\u00e7\u00e3o, mas criar condi\u00e7\u00f5es para a vacina\u00e7\u00e3o, \u00e0 medida que as doses forem chegando.<\/p>\n<p class=\"yiv9584360703MsoNormal\">No mesmo patamar, Axel Grael ratificou a relev\u00e2ncia da vacina no munic\u00edpio fluminense, que foi pioneiro no desenvolvimento da CoronaVac a partir da parceria com o Instituto Butantan. Nesse contexto, criticou a mobiliza\u00e7\u00e3o tardia do governo federal, regido por Jair Bolsonaro, para aquisi\u00e7\u00e3o de doses e organiza\u00e7\u00e3o das aplica\u00e7\u00f5es.<\/p>\n<p class=\"yiv9584360703MsoNormal\">\u201cAs pessoas acabam se confundindo por falta de uma lideran\u00e7a, do pr\u00f3prio Minist\u00e9rio [da Sa\u00fade]. A gente acabou ficando com orienta\u00e7\u00f5es muito fragmentadas de cidade para cidade\u201d, relatou, projetando a chegada de novos lotes: \u201cH\u00e1 uma total incerteza sobre quantitativo que teremos nos pr\u00f3ximos dias e as demandas s\u00e3o crescentes.\u201d<\/p>\n<p class=\"yiv9584360703MsoNormal\">Acompanhe a \u00edntegra do primeiro encontro:\u00a0<a href=\"https:\/\/www.youtube.com\/watch?v=W7MMJO_pGn4\" target=\"_blank\" rel=\"nofollow noopener noreferrer\">https:\/\/www.youtube.com\/watch?v=W7MMJO_pGn4<\/a><\/p>\n<!-- AddThis Advanced Settings generic via filter on the_content --><!-- AddThis Share Buttons generic via filter on the_content -->","protected":false},"excerpt":{"rendered":"<p>Presidente nacional da sigla abriu I Semin\u00e1rio Trabalhista e ratificou a import\u00e2ncia da qualifica\u00e7\u00e3o O presidente nacional do PDT, Carlos Lupi, abriu, nesta segunda-feira (8), o I Semin\u00e1rio Trabalhista valorizando a import\u00e2ncia dos mais de 300 prefeitos do partido na solidifica\u00e7\u00e3o do Projeto Nacional de Desenvolvimento (PND), capitaneado por Ciro Gomes. Organizado em parceria com&#8230;<!-- AddThis Advanced Settings generic via filter on wp_trim_excerpt --><!-- AddThis Share Buttons generic via filter on wp_trim_excerpt --><\/p>\n","protected":false},"author":17,"featured_media":75976,"comment_status":"closed","ping_status":"closed","sticky":false,"template":"","format":"standard","meta":{"_monsterinsights_skip_tracking":false,"_monsterinsights_sitenote_active":false,"_monsterinsights_sitenote_note":"","_monsterinsights_sitenote_category":0,"_uf_show_specific_survey":0,"_uf_disable_surveys":false,"footnotes":""},"categories":[3328,1401,976],"tags":[4025,196,3935,3316,3348,3715,1403,2140,437,4368,514,565,3788,4241,3787,3169,940],"class_list":["post-75953","post","type-post","status-publish","format-standard","has-post-thumbnail","hentry","category-flb-ap","category-nacional","category-noticias-em-destaque","tag-axel-grael","tag-carlos-lupi","tag-coronavac","tag-coronavirus","tag-covid-19","tag-fiocruz","tag-fortaleza-ce","tag-frente-nacional-de-prefeitos","tag-getulio-vargas","tag-i-seminario-trabalhista","tag-joao-goulart","tag-leonel-brizola","tag-pnud","tag-portugal","tag-programa-das-nacoes-unidas-para-o-desenvolvimento","tag-rodrigo-neves","tag-universidade-de-coimbra"],"acf":[],"_links":{"self":[{"href":"https:\/\/pdt-rj.org.br\/index.php\/wp-json\/wp\/v2\/posts\/75953","targetHints":{"allow":["GET"]}}],"collection":[{"href":"https:\/\/pdt-rj.org.br\/index.php\/wp-json\/wp\/v2\/posts"}],"about":[{"href":"https:\/\/pdt-rj.org.br\/index.php\/wp-json\/wp\/v2\/types\/post"}],"author":[{"embeddable":true,"href":"https:\/\/pdt-rj.org.br\/index.php\/wp-json\/wp\/v2\/users\/17"}],"replies":[{"embeddable":true,"href":"https:\/\/pdt-rj.org.br\/index.php\/wp-json\/wp\/v2\/comments?post=75953"}],"version-history":[{"count":1,"href":"https:\/\/pdt-rj.org.br\/index.php\/wp-json\/wp\/v2\/posts\/75953\/revisions"}],"predecessor-version":[{"id":75955,"href":"https:\/\/pdt-rj.org.br\/index.php\/wp-json\/wp\/v2\/posts\/75953\/revisions\/75955"}],"wp:featuredmedia":[{"embeddable":true,"href":"https:\/\/pdt-rj.org.br\/index.php\/wp-json\/wp\/v2\/media\/75976"}],"wp:attachment":[{"href":"https:\/\/pdt-rj.org.br\/index.php\/wp-json\/wp\/v2\/media?parent=75953"}],"wp:term":[{"taxonomy":"category","embeddable":true,"href":"https:\/\/pdt-rj.org.br\/index.php\/wp-json\/wp\/v2\/categories?post=75953"},{"taxonomy":"post_tag","embeddable":true,"href":"https:\/\/pdt-rj.org.br\/index.php\/wp-json\/wp\/v2\/tags?post=75953"}],"curies":[{"name":"wp","href":"https:\/\/api.w.org\/{rel}","templated":true}]}}