{"id":75936,"date":"2021-02-04T13:13:47","date_gmt":"2021-02-04T16:13:47","guid":{"rendered":"http:\/\/pdt-rj.org.br\/?p=75936"},"modified":"2021-02-09T18:29:20","modified_gmt":"2021-02-09T21:29:20","slug":"pdt-e-fundacao-leonel-brizola-lancam-i-seminario-trabalhista-para-qualificacao-de-prefeitos","status":"publish","type":"post","link":"https:\/\/pdt-rj.org.br\/index.php\/pdt-e-fundacao-leonel-brizola-lancam-i-seminario-trabalhista-para-qualificacao-de-prefeitos\/","title":{"rendered":"PDT e Funda\u00e7\u00e3o Leonel Brizola lan\u00e7am I Semin\u00e1rio Trabalhista para qualifica\u00e7\u00e3o de prefeitos"},"content":{"rendered":"<div class=\"msg-body P_wpofO mq_AS\" data-test-id=\"message-view-body-content\">\n<div class=\"jb_0 X_6MGW N_6Fd5\">\n<div>\n<div id=\"yiv9995133622\">\n<div dir=\"ltr\">\n<p>Desenvolver gestores para transformar a realidade da popula\u00e7\u00e3o brasileira e dar sustenta\u00e7\u00e3o ao Plano Nacional de Desenvolvimento (PND), encabe\u00e7ado por Ciro Gomes. Com esse foco, o PDT e Funda\u00e7\u00e3o Leonel Brizola \u2013 Alberto Pasqualini (FLB-AP) lan\u00e7am, nesta segunda-feira (8), \u00e0s 15h, o I Semin\u00e1rio Trabalhista para qualifica\u00e7\u00e3o de prefeitos.<\/p>\n<p>Os presidentes nacionais do partido e da Funda\u00e7\u00e3o, Carlos Lupi e Manoel Dias, respectivamente, promover\u00e3o a abertura do primeiro painel, que ser\u00e1 transmitido pelas redes sociais pedetistas, como <a href=\"https:\/\/www.facebook.com\/fundacaoleonelbrizola\">Facebook<\/a> e <a href=\"https:\/\/www.youtube.com\/channel\/UCYAwy2dgImXNI88uBxLu7kw\">Youtube<\/a>, e far\u00e3o parte da s\u00e9rie de debates t\u00e9cnicos previstos para os pr\u00f3ximos meses.<\/p>\n<p>Entre os expositores do debate inicial, que abordar\u00e1 a \u201cPandemia e os principais desafios da crise sanit\u00e1ria nas cidades em 2021\u201d, o ex-prefeito de Fortaleza, Roberto Cl\u00e1udio (PDT), o pesquisador da Fiocruz e diretor do Programa das Na\u00e7\u00f5es Unidas para o Desenvolvimento (PNUD), R\u00f4mulo Paes, e o doutor pelo Fiocruz e professor da faculdade de Medicina da UFRJ, Roberto Medronho. Na media\u00e7\u00e3o, o ex-prefeito de Niter\u00f3i (RJ), Rodrigo Neves (PDT).<\/p>\n<p><strong>Progresso<\/strong><\/p>\n<p>Para Neves, que governou a cidade da Regi\u00e3o Metropolitana do Rio por duas vezes, o projeto permitir\u00e1 o subs\u00eddio de informa\u00e7\u00f5es, indicadores, an\u00e1lise, proje\u00e7\u00e3o de cen\u00e1rios e experi\u00eancias concretas diante de uma realidade impactada pelos efeitos, de curto, m\u00e9dio e longo prazos, do coronav\u00edrus.<\/p>\n<p>\u201cAs administra\u00e7\u00f5es municipais do PDT t\u00eam o desafio de enfrentar esse contexto com adequados diagn\u00f3sticos sobre a situa\u00e7\u00e3o mais geral e local, estruturando, desde o in\u00edcio da gest\u00e3o, planejamento e a\u00e7\u00f5es para n\u00e3o sucumbirem \u00e0s urg\u00eancias que batem \u00e0 porta de quem governa\u201d, afirma.<\/p>\n<\/div>\n<\/div>\n<\/div>\n<\/div>\n<\/div>\n<!-- AddThis Advanced Settings generic via filter on the_content --><!-- AddThis Share Buttons generic via filter on the_content -->","protected":false},"excerpt":{"rendered":"<p>Desenvolver gestores para transformar a realidade da popula\u00e7\u00e3o brasileira e dar sustenta\u00e7\u00e3o ao Plano Nacional de Desenvolvimento (PND), encabe\u00e7ado por Ciro Gomes. Com esse foco, o PDT e Funda\u00e7\u00e3o Leonel Brizola \u2013 Alberto Pasqualini (FLB-AP) lan\u00e7am, nesta segunda-feira (8), \u00e0s 15h, o I Semin\u00e1rio Trabalhista para qualifica\u00e7\u00e3o de prefeitos. Os presidentes nacionais do partido e&#8230;<!-- AddThis Advanced Settings generic via filter on wp_trim_excerpt --><!-- AddThis Share Buttons generic via filter on wp_trim_excerpt --><\/p>\n","protected":false},"author":17,"featured_media":75945,"comment_status":"closed","ping_status":"closed","sticky":false,"template":"","format":"standard","meta":{"_monsterinsights_skip_tracking":false,"_monsterinsights_sitenote_active":false,"_monsterinsights_sitenote_note":"","_monsterinsights_sitenote_category":0,"_uf_show_specific_survey":0,"_uf_disable_surveys":false,"footnotes":""},"categories":[1390],"tags":[196,220,3715,426,4369,591],"class_list":["post-75936","post","type-post","status-publish","format-standard","has-post-thumbnail","hentry","category-editorias","tag-carlos-lupi","tag-ciro-gomes","tag-fiocruz","tag-fundacao-leonel-brizola-alberto-pasqualini","tag-i-seminario-trabalhista-para-qualificacao-de-prefeitos","tag-manoel-dias"],"acf":[],"_links":{"self":[{"href":"https:\/\/pdt-rj.org.br\/index.php\/wp-json\/wp\/v2\/posts\/75936","targetHints":{"allow":["GET"]}}],"collection":[{"href":"https:\/\/pdt-rj.org.br\/index.php\/wp-json\/wp\/v2\/posts"}],"about":[{"href":"https:\/\/pdt-rj.org.br\/index.php\/wp-json\/wp\/v2\/types\/post"}],"author":[{"embeddable":true,"href":"https:\/\/pdt-rj.org.br\/index.php\/wp-json\/wp\/v2\/users\/17"}],"replies":[{"embeddable":true,"href":"https:\/\/pdt-rj.org.br\/index.php\/wp-json\/wp\/v2\/comments?post=75936"}],"version-history":[{"count":4,"href":"https:\/\/pdt-rj.org.br\/index.php\/wp-json\/wp\/v2\/posts\/75936\/revisions"}],"predecessor-version":[{"id":75944,"href":"https:\/\/pdt-rj.org.br\/index.php\/wp-json\/wp\/v2\/posts\/75936\/revisions\/75944"}],"wp:featuredmedia":[{"embeddable":true,"href":"https:\/\/pdt-rj.org.br\/index.php\/wp-json\/wp\/v2\/media\/75945"}],"wp:attachment":[{"href":"https:\/\/pdt-rj.org.br\/index.php\/wp-json\/wp\/v2\/media?parent=75936"}],"wp:term":[{"taxonomy":"category","embeddable":true,"href":"https:\/\/pdt-rj.org.br\/index.php\/wp-json\/wp\/v2\/categories?post=75936"},{"taxonomy":"post_tag","embeddable":true,"href":"https:\/\/pdt-rj.org.br\/index.php\/wp-json\/wp\/v2\/tags?post=75936"}],"curies":[{"name":"wp","href":"https:\/\/api.w.org\/{rel}","templated":true}]}}