{"id":75921,"date":"2021-02-03T19:33:19","date_gmt":"2021-02-03T22:33:19","guid":{"rendered":"http:\/\/pdt-rj.org.br\/?p=75921"},"modified":"2021-02-10T18:00:27","modified_gmt":"2021-02-10T21:00:27","slug":"ministro-marco-aurelio-envia-a-pgr-noticia-crime-do-pdt-contra-bolsonaro-por-gastos-com-alimentos","status":"publish","type":"post","link":"https:\/\/pdt-rj.org.br\/index.php\/ministro-marco-aurelio-envia-a-pgr-noticia-crime-do-pdt-contra-bolsonaro-por-gastos-com-alimentos\/","title":{"rendered":"Ministro Marco Aur\u00e9lio envia \u00e0 PGR not\u00edcia-crime do PDT contra Bolsonaro por gastos com alimentos"},"content":{"rendered":"<p>O ministro Marco Aur\u00e9lio, do Supremo Tribunal Federal (STF), encaminhou ao procurador-geral da Rep\u00fablica, Augusto Aras, a <a href=\"http:\/\/pdt-rj.org.br\/index.php\/pdt-protocola-noticia-crime-contra-bolsonaro\/\">not\u00edcia-crime protocolada pelo\u00a0 PDT contra o presidente da Rep\u00fablica, Jair Bolsonaro,<\/a> em face do esc\u00e2ndalo de gastos do Governo Federal que, em 2020, retirou R$ 1,8 bilh\u00e3o dos cofres p\u00fablicos para arcar com despesas de \u201csupermercado\u201d, como acusou reportagem do portal Metr\u00f3poles, no veiculada no dia 24 de janeiro.<\/p>\n<p>Como compete ao procurador-geral da Rep\u00fablica investigar e propor eventual a\u00e7\u00e3o penal por crime comum atribu\u00eddo ao presidente da Rep\u00fablica, caber\u00e1 a Aras a ado\u00e7\u00e3o das medidas que entender necess\u00e1rias para a elucida\u00e7\u00e3o dos fatos.<\/p>\n<p>Na Peti\u00e7\u00e3o <a href=\"http:\/\/pdt-rj.org.br\/wp-content\/uploads\/2021\/01\/PET.INICIAL.pdf\">(Pet) 9404,<\/a> o PDT narra que reportagem veiculada na imprensa, com base nos dados dispostos no Painel de Compras atualizado pelo Minist\u00e9rio da Economia, revelou a aplica\u00e7\u00e3o de significativa soma de dinheiro p\u00fablico na compra de produtos aliment\u00edcios sup\u00e9rfluos.<\/p>\n<p>Os referidos gastos s\u00e3o desproporcionais \u00e0 natureza dos produtos e \u00e0 quantidade de pessoas que porventura os consumiriam. Diante disso, a legenda argumenta que os fatos devem ser objeto de investiga\u00e7\u00e3o, para que se verifique a ocorr\u00eancia de superfaturamento ou condutas corruptivas.<\/p>\n<p>No entendimento do PDT, o caso \u00e9 de poss\u00edvel ocorr\u00eancia do delito de peculato (artigo 312 do C\u00f3digo Penal), uma vez\u00a0 que h\u00e1 fartos ind\u00edcios de que o presidente da Rep\u00fablica teria desviado recursos p\u00fablicos, em benef\u00edcio pr\u00f3prio ou alheio, com a aquisi\u00e7\u00e3o desmedida de itens como leite condensado, iogurte natural, refrigerantes e chicletes, sem a demonstra\u00e7\u00e3o da necessidade das compras, valor 20% superior ao gasto do ano anterior.<\/p>\n<p>O PDT tamb\u00e9m ressalta, nos argumentos, que, ao direcionar e permitir gastos exorbitantes com esses itens aliment\u00edcios, em vez de destinar as quantias ao combate e \u00e0 preven\u00e7\u00e3o \u00e0 Covid-19, Bolsonaro tamb\u00e9m cometeu o delito de prevarica\u00e7\u00e3o (artigo 319 do C\u00f3digo Penal).<\/p>\n<!-- AddThis Advanced Settings generic via filter on the_content --><!-- AddThis Share Buttons generic via filter on the_content -->","protected":false},"excerpt":{"rendered":"<p>O ministro Marco Aur\u00e9lio, do Supremo Tribunal Federal (STF), encaminhou ao procurador-geral da Rep\u00fablica, Augusto Aras, a not\u00edcia-crime protocolada pelo\u00a0 PDT contra o presidente da Rep\u00fablica, Jair Bolsonaro, em face do esc\u00e2ndalo de gastos do Governo Federal que, em 2020, retirou R$ 1,8 bilh\u00e3o dos cofres p\u00fablicos para arcar com despesas de \u201csupermercado\u201d, como acusou&#8230;<!-- AddThis Advanced Settings generic via filter on wp_trim_excerpt --><!-- AddThis Share Buttons generic via filter on wp_trim_excerpt --><\/p>\n","protected":false},"author":17,"featured_media":75929,"comment_status":"closed","ping_status":"closed","sticky":false,"template":"","format":"standard","meta":{"_monsterinsights_skip_tracking":false,"_monsterinsights_sitenote_active":false,"_monsterinsights_sitenote_note":"","_monsterinsights_sitenote_category":0,"_uf_show_specific_survey":0,"_uf_disable_surveys":false,"footnotes":""},"categories":[1390,975,1401,976],"tags":[225,3348,3490,38,28,4365],"class_list":["post-75921","post","type-post","status-publish","format-standard","has-post-thumbnail","hentry","category-editorias","category-manchete","category-nacional","category-noticias-em-destaque","tag-codigo-penal","tag-covid-19","tag-noticia-crime","tag-pdt","tag-stf","tag-supremo-tribunal-de-federal"],"acf":[],"_links":{"self":[{"href":"https:\/\/pdt-rj.org.br\/index.php\/wp-json\/wp\/v2\/posts\/75921","targetHints":{"allow":["GET"]}}],"collection":[{"href":"https:\/\/pdt-rj.org.br\/index.php\/wp-json\/wp\/v2\/posts"}],"about":[{"href":"https:\/\/pdt-rj.org.br\/index.php\/wp-json\/wp\/v2\/types\/post"}],"author":[{"embeddable":true,"href":"https:\/\/pdt-rj.org.br\/index.php\/wp-json\/wp\/v2\/users\/17"}],"replies":[{"embeddable":true,"href":"https:\/\/pdt-rj.org.br\/index.php\/wp-json\/wp\/v2\/comments?post=75921"}],"version-history":[{"count":5,"href":"https:\/\/pdt-rj.org.br\/index.php\/wp-json\/wp\/v2\/posts\/75921\/revisions"}],"predecessor-version":[{"id":76013,"href":"https:\/\/pdt-rj.org.br\/index.php\/wp-json\/wp\/v2\/posts\/75921\/revisions\/76013"}],"wp:featuredmedia":[{"embeddable":true,"href":"https:\/\/pdt-rj.org.br\/index.php\/wp-json\/wp\/v2\/media\/75929"}],"wp:attachment":[{"href":"https:\/\/pdt-rj.org.br\/index.php\/wp-json\/wp\/v2\/media?parent=75921"}],"wp:term":[{"taxonomy":"category","embeddable":true,"href":"https:\/\/pdt-rj.org.br\/index.php\/wp-json\/wp\/v2\/categories?post=75921"},{"taxonomy":"post_tag","embeddable":true,"href":"https:\/\/pdt-rj.org.br\/index.php\/wp-json\/wp\/v2\/tags?post=75921"}],"curies":[{"name":"wp","href":"https:\/\/api.w.org\/{rel}","templated":true}]}}