{"id":75913,"date":"2021-02-03T18:26:54","date_gmt":"2021-02-03T21:26:54","guid":{"rendered":"http:\/\/pdt-rj.org.br\/?p=75913"},"modified":"2021-02-04T12:59:02","modified_gmt":"2021-02-04T15:59:02","slug":"com-pl-de-martha-rocha-profissionais-de-educacao-poderao-entrar-no-grupo-prioritario-de-vacinacao","status":"publish","type":"post","link":"https:\/\/pdt-rj.org.br\/index.php\/com-pl-de-martha-rocha-profissionais-de-educacao-poderao-entrar-no-grupo-prioritario-de-vacinacao\/","title":{"rendered":"Projeto de Martha Rocha quer incluir profissionais de educa\u00e7\u00e3o no grupo priorit\u00e1rio de vacina\u00e7\u00e3o"},"content":{"rendered":"<p>A deputada estadual Martha Rocha (PDT-RJ), apresentou um Projeto de Lei para inserir os professores e demais servidores da educa\u00e7\u00e3o estadual no grupo priorit\u00e1rio de vacina\u00e7\u00e3o contra a Covid-19. O PL garante a imuniza\u00e7\u00e3o n\u00e3o apenas os profissionais da rede p\u00fablica de ensino, mas tamb\u00e9m os da rede privada.<\/p>\n<p>&#8220;Considerar professores, merendeiras, auxiliares, entre outros profissionais que trabalham nas escolas como prioridade \u00e9 sinalizar a import\u00e2ncia dada \u00e0 educa\u00e7\u00e3o. As escolas precisam ser ambientes seguros&#8221;, disse a deputada.<\/p>\n<p>A prioridade vem sendo reivindicada pela categoria. No \u00faltimo fim de semana, servidores das redes municipal e estadual fizeram assembleia e decidiram pela deflagra\u00e7\u00e3o de greve contra o retorno presencial das atividades.<\/p>\n<!-- AddThis Advanced Settings generic via filter on the_content --><!-- AddThis Share Buttons generic via filter on the_content -->","protected":false},"excerpt":{"rendered":"<p>A deputada estadual Martha Rocha (PDT-RJ), apresentou um Projeto de Lei para inserir os professores e demais servidores da educa\u00e7\u00e3o estadual no grupo priorit\u00e1rio de vacina\u00e7\u00e3o contra a Covid-19. O PL garante a imuniza\u00e7\u00e3o n\u00e3o apenas os profissionais da rede p\u00fablica de ensino, mas tamb\u00e9m os da rede privada. &#8220;Considerar professores, merendeiras, auxiliares, entre outros&#8230;<!-- AddThis Advanced Settings generic via filter on wp_trim_excerpt --><!-- AddThis Share Buttons generic via filter on wp_trim_excerpt --><\/p>\n","protected":false},"author":17,"featured_media":75915,"comment_status":"closed","ping_status":"closed","sticky":false,"template":"","format":"standard","meta":{"_monsterinsights_skip_tracking":false,"_monsterinsights_sitenote_active":false,"_monsterinsights_sitenote_note":"","_monsterinsights_sitenote_category":0,"_uf_show_specific_survey":0,"_uf_disable_surveys":false,"footnotes":""},"categories":[1390,1402],"tags":[3348,4367,2869,4366],"class_list":["post-75913","post","type-post","status-publish","format-standard","has-post-thumbnail","hentry","category-editorias","category-cidades","tag-covid-19","tag-grupo-prioritario","tag-martha-rocha","tag-vacinacao-contra-a-covid-19"],"acf":[],"_links":{"self":[{"href":"https:\/\/pdt-rj.org.br\/index.php\/wp-json\/wp\/v2\/posts\/75913","targetHints":{"allow":["GET"]}}],"collection":[{"href":"https:\/\/pdt-rj.org.br\/index.php\/wp-json\/wp\/v2\/posts"}],"about":[{"href":"https:\/\/pdt-rj.org.br\/index.php\/wp-json\/wp\/v2\/types\/post"}],"author":[{"embeddable":true,"href":"https:\/\/pdt-rj.org.br\/index.php\/wp-json\/wp\/v2\/users\/17"}],"replies":[{"embeddable":true,"href":"https:\/\/pdt-rj.org.br\/index.php\/wp-json\/wp\/v2\/comments?post=75913"}],"version-history":[{"count":6,"href":"https:\/\/pdt-rj.org.br\/index.php\/wp-json\/wp\/v2\/posts\/75913\/revisions"}],"predecessor-version":[{"id":75933,"href":"https:\/\/pdt-rj.org.br\/index.php\/wp-json\/wp\/v2\/posts\/75913\/revisions\/75933"}],"wp:featuredmedia":[{"embeddable":true,"href":"https:\/\/pdt-rj.org.br\/index.php\/wp-json\/wp\/v2\/media\/75915"}],"wp:attachment":[{"href":"https:\/\/pdt-rj.org.br\/index.php\/wp-json\/wp\/v2\/media?parent=75913"}],"wp:term":[{"taxonomy":"category","embeddable":true,"href":"https:\/\/pdt-rj.org.br\/index.php\/wp-json\/wp\/v2\/categories?post=75913"},{"taxonomy":"post_tag","embeddable":true,"href":"https:\/\/pdt-rj.org.br\/index.php\/wp-json\/wp\/v2\/tags?post=75913"}],"curies":[{"name":"wp","href":"https:\/\/api.w.org\/{rel}","templated":true}]}}