{"id":75909,"date":"2021-02-03T16:07:41","date_gmt":"2021-02-03T19:07:41","guid":{"rendered":"http:\/\/pdt-rj.org.br\/?p=75909"},"modified":"2021-02-03T16:10:30","modified_gmt":"2021-02-03T19:10:30","slug":"eduardo-bismarck-e-eleito-primeiro-suplente-da-mesa-diretora-da-camara-dos-deputados","status":"publish","type":"post","link":"https:\/\/pdt-rj.org.br\/index.php\/eduardo-bismarck-e-eleito-primeiro-suplente-da-mesa-diretora-da-camara-dos-deputados\/","title":{"rendered":"Eduardo Bismarck \u00e9 eleito primeiro-suplente da Mesa Diretora da C\u00e2mara dos Deputados"},"content":{"rendered":"<p>A C\u00e2mara Federal elegeu, nesta quarta-feira (3), para a Primeira-Supl\u00eancia da Secretaria da Mesa Diretora da Casa (bi\u00eanio 2021-2022), com 358 votos, o deputado Eduardo Bismarck, do PDT cearense.<\/p>\n<p>O parlamentar est\u00e1 em seu primeiro mandato e \u00e9 Bacharel em Direito pelo Uniceub, em Bras\u00edlia, e j\u00e1 advogou em diversas \u00e1reas, como para entidades representativas de trabalhadores.<\/p>\n<p>Como suplente, ao deputado ser\u00e3o atribu\u00eddas, dentre outras, as seguintes atribui\u00e7\u00f5es:<\/p>\n<ul>\n<li>Substituir os secret\u00e1rios de acordo com sua numera\u00e7\u00e3o ordinal;<\/li>\n<li>Substituir os Secret\u00e1rios da Mesa em suas faltas, de acordo com sua numera\u00e7\u00e3o ordinal;<\/li>\n<li>Tomar parte nas reuni\u00f5es da Mesa.<\/li>\n<\/ul>\n<!-- AddThis Advanced Settings generic via filter on the_content --><!-- AddThis Share Buttons generic via filter on the_content -->","protected":false},"excerpt":{"rendered":"<p>A C\u00e2mara Federal elegeu, nesta quarta-feira (3), para a Primeira-Supl\u00eancia da Secretaria da Mesa Diretora da Casa (bi\u00eanio 2021-2022), com 358 votos, o deputado Eduardo Bismarck, do PDT cearense. O parlamentar est\u00e1 em seu primeiro mandato e \u00e9 Bacharel em Direito pelo Uniceub, em Bras\u00edlia, e j\u00e1 advogou em diversas \u00e1reas, como para entidades representativas&#8230;<!-- AddThis Advanced Settings generic via filter on wp_trim_excerpt --><!-- AddThis Share Buttons generic via filter on wp_trim_excerpt --><\/p>\n","protected":false},"author":17,"featured_media":75912,"comment_status":"closed","ping_status":"closed","sticky":false,"template":"","format":"standard","meta":{"_monsterinsights_skip_tracking":false,"_monsterinsights_sitenote_active":false,"_monsterinsights_sitenote_note":"","_monsterinsights_sitenote_category":0,"_uf_show_specific_survey":0,"_uf_disable_surveys":false,"footnotes":""},"categories":[1390,1459],"tags":[3893,1990],"class_list":["post-75909","post","type-post","status-publish","format-standard","has-post-thumbnail","hentry","category-editorias","category-congresso","tag-eduardo-bismarck","tag-mesa-diretora-da-camara-dos-deputados"],"acf":[],"_links":{"self":[{"href":"https:\/\/pdt-rj.org.br\/index.php\/wp-json\/wp\/v2\/posts\/75909","targetHints":{"allow":["GET"]}}],"collection":[{"href":"https:\/\/pdt-rj.org.br\/index.php\/wp-json\/wp\/v2\/posts"}],"about":[{"href":"https:\/\/pdt-rj.org.br\/index.php\/wp-json\/wp\/v2\/types\/post"}],"author":[{"embeddable":true,"href":"https:\/\/pdt-rj.org.br\/index.php\/wp-json\/wp\/v2\/users\/17"}],"replies":[{"embeddable":true,"href":"https:\/\/pdt-rj.org.br\/index.php\/wp-json\/wp\/v2\/comments?post=75909"}],"version-history":[{"count":1,"href":"https:\/\/pdt-rj.org.br\/index.php\/wp-json\/wp\/v2\/posts\/75909\/revisions"}],"predecessor-version":[{"id":75910,"href":"https:\/\/pdt-rj.org.br\/index.php\/wp-json\/wp\/v2\/posts\/75909\/revisions\/75910"}],"wp:featuredmedia":[{"embeddable":true,"href":"https:\/\/pdt-rj.org.br\/index.php\/wp-json\/wp\/v2\/media\/75912"}],"wp:attachment":[{"href":"https:\/\/pdt-rj.org.br\/index.php\/wp-json\/wp\/v2\/media?parent=75909"}],"wp:term":[{"taxonomy":"category","embeddable":true,"href":"https:\/\/pdt-rj.org.br\/index.php\/wp-json\/wp\/v2\/categories?post=75909"},{"taxonomy":"post_tag","embeddable":true,"href":"https:\/\/pdt-rj.org.br\/index.php\/wp-json\/wp\/v2\/tags?post=75909"}],"curies":[{"name":"wp","href":"https:\/\/api.w.org\/{rel}","templated":true}]}}