{"id":75889,"date":"2021-02-02T23:20:38","date_gmt":"2021-02-03T02:20:38","guid":{"rendered":"http:\/\/pdt-rj.org.br\/?p=75889"},"modified":"2021-02-03T15:23:13","modified_gmt":"2021-02-03T18:23:13","slug":"pdt-entrou-com-peticao-de-desistencia-do-mandado-de-seguranca-protocolado-no-stf","status":"publish","type":"post","link":"https:\/\/pdt-rj.org.br\/index.php\/pdt-entrou-com-peticao-de-desistencia-do-mandado-de-seguranca-protocolado-no-stf\/","title":{"rendered":"PDT entra com peti\u00e7\u00e3o de desist\u00eancia do mandado de seguran\u00e7a protocolado no STF"},"content":{"rendered":"<p>O PDT entrou, na noite desta ter\u00e7a-feira (2), com uma peti\u00e7\u00e3o de desist\u00eancia do mandado de seguran\u00e7a impetrado na tarde de hoje, no Supremo Tribunal Federal (STF), contra ato do novo presidente eleito da C\u00e2mara dos Deputados, Arthur Lira, que anulou o registro do bloco dos partidos opositores formados para a elei\u00e7\u00e3o que compor\u00e1 a Mesa Diretora da Casa.<\/p>\n<p>A decis\u00e3o do PDT \u00e9 motivada pela desist\u00eancia de Lira de retirar o registro do bloco de oposi\u00e7\u00e3o, anunciada momentos depois do partido acionar o STF.<\/p>\n<p>\u201cO Partido Democr\u00e1tico Trabalhista \u2013 PDT [&#8230;] vem requerer a desist\u00eancia da a\u00e7\u00e3o, [&#8230;] haja vista que o Excelent\u00edssimo Senhor Presidente da C\u00e2mara dos Deputados, Deputado Federal Arthur Lira (PP\/AL) j\u00e1 publicizou que ir\u00e1 respeitar os postulados constitucionais da proporcionalidade partid\u00e1ria\u201d, justificou o documento.<\/p>\n<p>Leia documento completo.<\/p>\n<p><a href=\"http:\/\/pdt-rj.org.br\/wp-content\/uploads\/2021\/02\/PETICAO.DESISTENCIA-1-Assinado.pdf\">PETI\u00c7\u00c3O<\/a><\/p>\n<!-- AddThis Advanced Settings generic via filter on the_content --><!-- AddThis Share Buttons generic via filter on the_content -->","protected":false},"excerpt":{"rendered":"<p>O PDT entrou, na noite desta ter\u00e7a-feira (2), com uma peti\u00e7\u00e3o de desist\u00eancia do mandado de seguran\u00e7a impetrado na tarde de hoje, no Supremo Tribunal Federal (STF), contra ato do novo presidente eleito da C\u00e2mara dos Deputados, Arthur Lira, que anulou o registro do bloco dos partidos opositores formados para a elei\u00e7\u00e3o que compor\u00e1 a&#8230;<!-- AddThis Advanced Settings generic via filter on wp_trim_excerpt --><!-- AddThis Share Buttons generic via filter on wp_trim_excerpt --><\/p>\n","protected":false},"author":17,"featured_media":75844,"comment_status":"closed","ping_status":"closed","sticky":false,"template":"","format":"standard","meta":{"_monsterinsights_skip_tracking":false,"_monsterinsights_sitenote_active":false,"_monsterinsights_sitenote_note":"","_monsterinsights_sitenote_category":0,"_uf_show_specific_survey":0,"_uf_disable_surveys":false,"footnotes":""},"categories":[1459,976],"tags":[],"class_list":["post-75889","post","type-post","status-publish","format-standard","has-post-thumbnail","hentry","category-congresso","category-noticias-em-destaque"],"acf":[],"_links":{"self":[{"href":"https:\/\/pdt-rj.org.br\/index.php\/wp-json\/wp\/v2\/posts\/75889","targetHints":{"allow":["GET"]}}],"collection":[{"href":"https:\/\/pdt-rj.org.br\/index.php\/wp-json\/wp\/v2\/posts"}],"about":[{"href":"https:\/\/pdt-rj.org.br\/index.php\/wp-json\/wp\/v2\/types\/post"}],"author":[{"embeddable":true,"href":"https:\/\/pdt-rj.org.br\/index.php\/wp-json\/wp\/v2\/users\/17"}],"replies":[{"embeddable":true,"href":"https:\/\/pdt-rj.org.br\/index.php\/wp-json\/wp\/v2\/comments?post=75889"}],"version-history":[{"count":4,"href":"https:\/\/pdt-rj.org.br\/index.php\/wp-json\/wp\/v2\/posts\/75889\/revisions"}],"predecessor-version":[{"id":75903,"href":"https:\/\/pdt-rj.org.br\/index.php\/wp-json\/wp\/v2\/posts\/75889\/revisions\/75903"}],"wp:featuredmedia":[{"embeddable":true,"href":"https:\/\/pdt-rj.org.br\/index.php\/wp-json\/wp\/v2\/media\/75844"}],"wp:attachment":[{"href":"https:\/\/pdt-rj.org.br\/index.php\/wp-json\/wp\/v2\/media?parent=75889"}],"wp:term":[{"taxonomy":"category","embeddable":true,"href":"https:\/\/pdt-rj.org.br\/index.php\/wp-json\/wp\/v2\/categories?post=75889"},{"taxonomy":"post_tag","embeddable":true,"href":"https:\/\/pdt-rj.org.br\/index.php\/wp-json\/wp\/v2\/tags?post=75889"}],"curies":[{"name":"wp","href":"https:\/\/api.w.org\/{rel}","templated":true}]}}