{"id":75840,"date":"2021-02-02T13:22:14","date_gmt":"2021-02-02T16:22:14","guid":{"rendered":"http:\/\/pdt-rj.org.br\/?p=75840"},"modified":"2021-02-02T13:22:14","modified_gmt":"2021-02-02T16:22:14","slug":"niteroi-rj-antecipa-inicio-de-vacinacao-em-idosos-a-partir-de-90-anos","status":"publish","type":"post","link":"https:\/\/pdt-rj.org.br\/index.php\/niteroi-rj-antecipa-inicio-de-vacinacao-em-idosos-a-partir-de-90-anos\/","title":{"rendered":"Niter\u00f3i (RJ) antecipa in\u00edcio de vacina\u00e7\u00e3o em idosos a partir de 90 anos"},"content":{"rendered":"<p><strong><em>Cronograma foi antecipado em fun\u00e7\u00e3o da vulnerabilidade do p\u00fablico selecionado e n\u00famero limitado de doses dispon\u00edveis<\/em><\/strong><\/p>\n<p>Idosos, a partir dos 90 anos, come\u00e7aram a receber nessa segunda-feira (1), em Niter\u00f3i (RJ), a primeira dose da vacina contra a Covid-19. A <a href=\"http:\/\/www.niteroi.rj.gov.br\/\">Prefeitura<\/a> da cidade, gerida por Axel Grael (PDT), determinou a antecipa\u00e7\u00e3o da imuniza\u00e7\u00e3o devido ao limitado n\u00famero de doses dispon\u00edveis.<\/p>\n<p>Conforme orienta\u00e7\u00e3o do Gabinete de Crise, o grupo tamb\u00e9m foi priorizado em fun\u00e7\u00e3o da vulnerabilidade apresentada, se comparado aos demais profissionais de sa\u00fade que n\u00e3o est\u00e3o na linha de frente e n\u00e3o s\u00e3o do grupo de risco. A previs\u00e3o para chegada de novo lote \u00e9 para a pr\u00f3xima quarta-feira (3).<\/p>\n<p>A aplica\u00e7\u00e3o, realizada pela Secretaria Municipal de Sa\u00fade, ser\u00e1 promovida em quatro policl\u00ednicas: Barreto, Vital Brazil, Itaipu e S\u00e3o Louren\u00e7o. Na chegada, o benefici\u00e1rio dever\u00e1 apresentar o documento de identidade para comprova\u00e7\u00e3o da idade.<\/p>\n<p><strong>Prioridade<\/strong><\/p>\n<p>Protagonista, Niter\u00f3i priorizou medidas preventivas para evitar a prolifera\u00e7\u00e3o do v\u00edrus e foi a \u00fanica, no estado, a participar dos testes da CoronaVac. Com isso, recebe reconhecimentos nacionais e internacionais pela efici\u00eancia do plano de enfrentamento criado na gest\u00e3o do ex-prefeito Rodrigo Neves, tamb\u00e9m do PDT.<\/p>\n<p>Nesse sentido, Axel Grael mant\u00e9m a inten\u00e7\u00e3o de adquirir imediatamente, junto ao Instituto Butantan, 1,1 milh\u00e3o de doses que foram negociadas desde 2020. Em fun\u00e7\u00e3o do Plano Nacional de Imuniza\u00e7\u00e3o, o lote acordado ficou indispon\u00edvel em dezembro.<\/p>\n<p><strong>Balan\u00e7o<\/strong><\/p>\n<p>At\u00e9 sexta-feira (29), 15.357 pessoas receberam a primeira dose. Ao todo, foram 18.690 doses enviadas para o munic\u00edpio da Regi\u00e3o Metropolitana, sendo 11.620 da CoronaVac e 7.070 da Oxford\/AstraZeneca, desenvolvida com a colabora\u00e7\u00e3o da Funda\u00e7\u00e3o Oswaldo Cruz.<\/p>\n<p>Clique <a href=\"https:\/\/coronavirus.niteroi.rj.gov.br\/#\/main\/dyview\">aqui<\/a> para saber mais sobre as a\u00e7\u00f5es da Prefeitura de Niter\u00f3i em combate \u00e0 Covid-19.<\/p>\n<!-- AddThis Advanced Settings generic via filter on the_content --><!-- AddThis Share Buttons generic via filter on the_content -->","protected":false},"excerpt":{"rendered":"<p>Cronograma foi antecipado em fun\u00e7\u00e3o da vulnerabilidade do p\u00fablico selecionado e n\u00famero limitado de doses dispon\u00edveis Idosos, a partir dos 90 anos, come\u00e7aram a receber nessa segunda-feira (1), em Niter\u00f3i (RJ), a primeira dose da vacina contra a Covid-19. A Prefeitura da cidade, gerida por Axel Grael (PDT), determinou a antecipa\u00e7\u00e3o da imuniza\u00e7\u00e3o devido ao&#8230;<!-- AddThis Advanced Settings generic via filter on wp_trim_excerpt --><!-- AddThis Share Buttons generic via filter on wp_trim_excerpt --><\/p>\n","protected":false},"author":17,"featured_media":75841,"comment_status":"closed","ping_status":"closed","sticky":false,"template":"","format":"standard","meta":{"_monsterinsights_skip_tracking":false,"_monsterinsights_sitenote_active":false,"_monsterinsights_sitenote_note":"","_monsterinsights_sitenote_category":0,"_uf_show_specific_survey":0,"_uf_disable_surveys":false,"footnotes":""},"categories":[1390],"tags":[4025,3935,3348,3936,4332,2463,4243],"class_list":["post-75840","post","type-post","status-publish","format-standard","has-post-thumbnail","hentry","category-editorias","tag-axel-grael","tag-coronavac","tag-covid-19","tag-fundacao-oswaldo-cruz","tag-gabinete-de-crise","tag-niteroi-rj","tag-oxford-astrazeneca"],"acf":[],"_links":{"self":[{"href":"https:\/\/pdt-rj.org.br\/index.php\/wp-json\/wp\/v2\/posts\/75840","targetHints":{"allow":["GET"]}}],"collection":[{"href":"https:\/\/pdt-rj.org.br\/index.php\/wp-json\/wp\/v2\/posts"}],"about":[{"href":"https:\/\/pdt-rj.org.br\/index.php\/wp-json\/wp\/v2\/types\/post"}],"author":[{"embeddable":true,"href":"https:\/\/pdt-rj.org.br\/index.php\/wp-json\/wp\/v2\/users\/17"}],"replies":[{"embeddable":true,"href":"https:\/\/pdt-rj.org.br\/index.php\/wp-json\/wp\/v2\/comments?post=75840"}],"version-history":[{"count":1,"href":"https:\/\/pdt-rj.org.br\/index.php\/wp-json\/wp\/v2\/posts\/75840\/revisions"}],"predecessor-version":[{"id":75842,"href":"https:\/\/pdt-rj.org.br\/index.php\/wp-json\/wp\/v2\/posts\/75840\/revisions\/75842"}],"wp:featuredmedia":[{"embeddable":true,"href":"https:\/\/pdt-rj.org.br\/index.php\/wp-json\/wp\/v2\/media\/75841"}],"wp:attachment":[{"href":"https:\/\/pdt-rj.org.br\/index.php\/wp-json\/wp\/v2\/media?parent=75840"}],"wp:term":[{"taxonomy":"category","embeddable":true,"href":"https:\/\/pdt-rj.org.br\/index.php\/wp-json\/wp\/v2\/categories?post=75840"},{"taxonomy":"post_tag","embeddable":true,"href":"https:\/\/pdt-rj.org.br\/index.php\/wp-json\/wp\/v2\/tags?post=75840"}],"curies":[{"name":"wp","href":"https:\/\/api.w.org\/{rel}","templated":true}]}}