{"id":75749,"date":"2021-01-29T15:34:24","date_gmt":"2021-01-29T18:34:24","guid":{"rendered":"http:\/\/pdt-rj.org.br\/?p=75749"},"modified":"2021-01-29T15:41:19","modified_gmt":"2021-01-29T18:41:19","slug":"lutar-sem-treguas-para-derrotar-o-projeto-de-morte-de-bolsonaro","status":"publish","type":"post","link":"https:\/\/pdt-rj.org.br\/index.php\/lutar-sem-treguas-para-derrotar-o-projeto-de-morte-de-bolsonaro\/","title":{"rendered":"Lutar sem tr\u00e9guas para derrotar o projeto de morte de Bolsonaro"},"content":{"rendered":"<div class=\"msg-body P_wpofO mq_AS\" data-test-id=\"message-view-body-content\">\n<div class=\"jb_0 X_6MGW N_6Fd5\">\n<div id=\"yiv7788250097\">\n<div dir=\"ltr\">\n<p><em><strong>A quest\u00e3o fundamental dos nossos dias \u00e9 evitar o desmonte do Pa\u00eds e lutar pela reconstru\u00e7\u00e3o incessante de um projeto de na\u00e7\u00e3o mais generoso<\/strong><\/em><\/p>\n<p>De um lado, h\u00e1 um projeto colocado em pr\u00e1tica da forma mais cruel poss\u00edvel pelo governo de Jair Bolsonaro: o da destrui\u00e7\u00e3o do Brasil como um pa\u00eds soberano, aut\u00f4nomo, integrado ao mundo de forma respons\u00e1vel e calcado nos anseios de justi\u00e7a social para o seu povo.<\/p>\n<p>Do outro lado, devemos estar todos aqueles que, mesmo tendo diferen\u00e7as pontuais ou at\u00e9 mesmo profundas, sabem que a quest\u00e3o fundamental dos nossos dias \u00e9 evitar o desmonte do Pa\u00eds e lutar pela reconstru\u00e7\u00e3o incessante de um projeto de na\u00e7\u00e3o mais generoso.<\/p>\n<p>A alian\u00e7a entre a necropol\u00edtica de Bolsonaro \u2013 expressa de forma inequ\u00edvoca na maneira como o governo lida com a maior crise sanit\u00e1ria do \u00faltimo s\u00e9culo \u2013 e a rapinagem do mercado financeiro, que s\u00f3 consegue mensurar o mundo a partir da l\u00f3gica do capital, colocou o Brasil em uma situa\u00e7\u00e3o in\u00e9dita na hist\u00f3ria da Rep\u00fablica.<\/p>\n<p>Tudo parece desmanchar.<\/p>\n<p>Acuado pela queda de sua popularidade, o presidente inepto tenta encontrar bois de piranha, para sacrific\u00e1-los em nome da manuten\u00e7\u00e3o de um governo que j\u00e1 deveria ter sido escorra\u00e7ado com veem\u00eancia.<\/p>\n<p>A estrat\u00e9gia agora parece ser a de jogar toda culpa sobre o descalabro da crise sanit\u00e1ria na figura do Ministro da Sa\u00fade, um general tido como especialista em log\u00edstica e estrat\u00e9gia que mais pareceria personagem de com\u00e9dia, se n\u00e3o estivesse envolvido na sinistra trama que j\u00e1 matou mais de 200 mil brasileiros.<\/p>\n<p>Precisamos trabalhar sem tr\u00e9guas!\u00a0Urge derrotar Bolsonaro e o seu projeto de morte!<\/p>\n<p>Urge pensar numa recupera\u00e7\u00e3o do Brasil que inclua a vacina\u00e7\u00e3o em massa, a reestrutura\u00e7\u00e3o da economia e medidas de prote\u00e7\u00e3o social!<br \/>\n\u00c9 necess\u00e1rio refletir, por exemplo, sobre como o campo da cultura, t\u00e3o abalado pela pandemia, pode ser um dos pilares mais fortes para a reconstru\u00e7\u00e3o do que foi devastado.<\/p>\n<p>S\u00e3o in\u00fameros os casos em que, ao longo da Hist\u00f3ria, o setor da cultura foi o alicerce da reconstru\u00e7\u00e3o de economias em crise, da gera\u00e7\u00e3o de empregos e do reavivamento da vida em comunidade.<\/p>\n<p class=\"yiv7788250097MsoNormal\">Ao mesmo tempo em que a luta em Bras\u00edlia, no Congresso Nacional, se faz premente, \u00e9 de fundamental import\u00e2ncia que os parlamentares n\u00e3o se distanciem de suas bases.<\/p>\n<p>Tenho buscado construir pontes em todo o estado do Rio de Janeiro para discutir, escutar, propor, pensar coletivamente, especialmente a partir do bin\u00f4mio sa\u00fade e cultura, em alternativas que apontem para o pa\u00eds que queremos. N\u00e3o podemos ser testemunhas passivas da destrui\u00e7\u00e3o.<\/p>\n<p>Devemos ser agentes de reconstru\u00e7\u00e3o do futuro, cuja costura, ornamentada com bordados de luta, coragem e esperan\u00e7a, estamos tecendo desde j\u00e1.<\/p>\n<p>&nbsp;<\/p>\n<p class=\"yiv7788250097MsoNormal\"><em><strong>* Chico D\u2019Angelo \u00e9 deputado federal pelo PDT do Rio de Janeiro.<\/strong><\/em><\/p>\n<\/div>\n<\/div>\n<\/div>\n<\/div>\n<div class=\"jb_0 X_6MGW N_6Fd5\">\n<div class=\"P_0 je_fq7\">\n<div class=\"W_3n93F p_R\" data-test-id=\"attachment-item\">\n<div class=\"I_2iedTo k_w H_7yHc p_R o_h\" data-test-id=\"attachment-container\"><\/div>\n<\/div>\n<\/div>\n<\/div>\n<!-- AddThis Advanced Settings generic via filter on the_content --><!-- AddThis Share Buttons generic via filter on the_content -->","protected":false},"excerpt":{"rendered":"<p>A quest\u00e3o fundamental dos nossos dias \u00e9 evitar o desmonte do Pa\u00eds e lutar pela reconstru\u00e7\u00e3o incessante de um projeto de na\u00e7\u00e3o mais generoso De um lado, h\u00e1 um projeto colocado em pr\u00e1tica da forma mais cruel poss\u00edvel pelo governo de Jair Bolsonaro: o da destrui\u00e7\u00e3o do Brasil como um pa\u00eds soberano, aut\u00f4nomo, integrado ao&#8230;<!-- AddThis Advanced Settings generic via filter on wp_trim_excerpt --><!-- AddThis Share Buttons generic via filter on wp_trim_excerpt --><\/p>\n","protected":false},"author":17,"featured_media":75750,"comment_status":"closed","ping_status":"closed","sticky":false,"template":"","format":"standard","meta":{"_monsterinsights_skip_tracking":false,"_monsterinsights_sitenote_active":false,"_monsterinsights_sitenote_note":"","_monsterinsights_sitenote_category":0,"_uf_show_specific_survey":0,"_uf_disable_surveys":false,"footnotes":""},"categories":[1584,976],"tags":[],"class_list":["post-75749","post","type-post","status-publish","format-standard","has-post-thumbnail","hentry","category-artigos","category-noticias-em-destaque"],"acf":[],"_links":{"self":[{"href":"https:\/\/pdt-rj.org.br\/index.php\/wp-json\/wp\/v2\/posts\/75749","targetHints":{"allow":["GET"]}}],"collection":[{"href":"https:\/\/pdt-rj.org.br\/index.php\/wp-json\/wp\/v2\/posts"}],"about":[{"href":"https:\/\/pdt-rj.org.br\/index.php\/wp-json\/wp\/v2\/types\/post"}],"author":[{"embeddable":true,"href":"https:\/\/pdt-rj.org.br\/index.php\/wp-json\/wp\/v2\/users\/17"}],"replies":[{"embeddable":true,"href":"https:\/\/pdt-rj.org.br\/index.php\/wp-json\/wp\/v2\/comments?post=75749"}],"version-history":[{"count":2,"href":"https:\/\/pdt-rj.org.br\/index.php\/wp-json\/wp\/v2\/posts\/75749\/revisions"}],"predecessor-version":[{"id":75754,"href":"https:\/\/pdt-rj.org.br\/index.php\/wp-json\/wp\/v2\/posts\/75749\/revisions\/75754"}],"wp:featuredmedia":[{"embeddable":true,"href":"https:\/\/pdt-rj.org.br\/index.php\/wp-json\/wp\/v2\/media\/75750"}],"wp:attachment":[{"href":"https:\/\/pdt-rj.org.br\/index.php\/wp-json\/wp\/v2\/media?parent=75749"}],"wp:term":[{"taxonomy":"category","embeddable":true,"href":"https:\/\/pdt-rj.org.br\/index.php\/wp-json\/wp\/v2\/categories?post=75749"},{"taxonomy":"post_tag","embeddable":true,"href":"https:\/\/pdt-rj.org.br\/index.php\/wp-json\/wp\/v2\/tags?post=75749"}],"curies":[{"name":"wp","href":"https:\/\/api.w.org\/{rel}","templated":true}]}}