{"id":75678,"date":"2021-01-28T15:27:05","date_gmt":"2021-01-28T18:27:05","guid":{"rendered":"http:\/\/pdt-rj.org.br\/?p=75678"},"modified":"2021-01-31T11:57:25","modified_gmt":"2021-01-31T14:57:25","slug":"brizola-neto-para-bolsonaro-quem-tem-o-espirito-dos-ratos-nao-pode-ter-compaixao-com-os-seus-semelhantes","status":"publish","type":"post","link":"https:\/\/pdt-rj.org.br\/index.php\/brizola-neto-para-bolsonaro-quem-tem-o-espirito-dos-ratos-nao-pode-ter-compaixao-com-os-seus-semelhantes\/","title":{"rendered":"Brizola Neto para Bolsonaro: \u201cQuem tem o esp\u00edrito dos ratos n\u00e3o pode ter compaix\u00e3o com os seus semelhantes\u201d"},"content":{"rendered":"<p class=\"yiv3410560896gmail-MsoNoSpacing\"><em><b>Em 2010, ap\u00f3s ataques a Leonel Brizola, o deputado federal do PDT defendeu seu av\u00f4 em embate no plen\u00e1rio da C\u00e2mara<\/b><\/em><\/p>\n<p class=\"yiv3410560896gmail-MsoNoSpacing\">O plen\u00e1rio da C\u00e2mara dos Deputados j\u00e1 registrou cenas hist\u00f3ricas de defesa de Leonel Brizola e de desmoraliza\u00e7\u00e3o de Jair Bolsonaro. Em 24 de mar\u00e7o de 2010, o respons\u00e1vel foi o l\u00edder do PDT, Brizola Neto, ao rebater os ataques do ent\u00e3o deputado do PP \u2013 e atual presidente da Rep\u00fablica \u2013 baseados em falsas ila\u00e7\u00f5es sobre a rela\u00e7\u00e3o do seu av\u00f4 com o ex-presidente de Cuba, Fidel Castro.\u00a0\u201cInj\u00faria aos mortos \u00e9 um comportamento t\u00edpico dos verdadeiros covardes\u201d, criticou o parlamentar pedetista.<\/p>\n<p class=\"yiv3410560896gmail-MsoNoSpacing\">Em manifesta\u00e7\u00e3o no dia anterior (23), Bolsonaro afirmou, sem qualquer comprova\u00e7\u00e3o ou fundamento, que Brizola teria desviado verbas enviadas por Fidel na ditadura brasileira, que foi iniciada, em 1964, com o golpe militar. Por essa raz\u00e3o, segundo ele, o cubano supostamente se referiria ao pedetista como \u201cDon Rat\u00f3n\u201d.<\/p>\n<p class=\"yiv3410560896gmail-MsoNoSpacing\">Na tribuna, Brizola Neto intensificou seu discurso para valorizar o \u201cdono de uma hist\u00f3ria ilibada e honrada\u201d em contraponto \u00e0 desvirtuada carreira do parlamentar, que tamb\u00e9m \u00e9 capit\u00e3o da reserva do Ex\u00e9rcito.<\/p>\n<p class=\"yiv3410560896gmail-MsoNoSpacing\">\u201cN\u00e3o pode haver neste ambiente algu\u00e9m que tenha uma cara mais de \u2018Rat\u00f3n\u2019 do que esse deputado que quer acusar Leonel Brizola. At\u00e9 porque quem tem o esp\u00edrito dos ratos n\u00e3o pode ter compaix\u00e3o com os seus semelhantes\u201d, criticou, ao mencionar a entrevista para o programa Roda Vida (veja, ao final).<\/p>\n<p class=\"yiv3410560896gmail-MsoNoSpacing\">\u201cS\u00f3 mesmo algu\u00e9m que tem o esp\u00edrito de um rato pode defender a tortura, a viola\u00e7\u00e3o dos direitos humanos e mesmo a morte de seres humanos, como defendeu esse deputado\u201d, completou, sem mencionar o nome de Bolsonaro.<\/p>\n<p class=\"yiv3410560896gmail-MsoNoSpacing\">Na sequ\u00eancia, como refor\u00e7o, Brizola Neto fez quest\u00e3o de resgatar falas de Bolsonaro em que explicita\u00a0o desejo de assassinar opositores que contrariam posi\u00e7\u00f5es pol\u00edticas.<\/p>\n<p class=\"yiv3410560896gmail-MsoNoSpacing\">\u201cEst\u00e1 a\u00ed na internet, para quem quiser ver. H\u00e1 um v\u00eddeo deste deputado, senhor Presidente (da C\u00e2mara), em que ele diz que a falha da ditadura militar foi apenas haver torturado, porque ela deveria ter matado todos aqueles que ela prendeu por oposi\u00e7\u00e3o pol\u00edtica\u201d, relembrou.<\/p>\n<p class=\"yiv3410560896gmail-MsoNoSpacing\">Acompanhe o discurso, na \u00edntegra:<\/p>\n<p><iframe loading=\"lazy\" title=\"Deputado Brizola Neto defende av\u00f4 em Plen\u00e1rio\" width=\"640\" height=\"480\" src=\"https:\/\/www.youtube.com\/embed\/ItgBh8WyG5I?feature=oembed\" frameborder=\"0\" allow=\"accelerometer; autoplay; clipboard-write; encrypted-media; gyroscope; picture-in-picture; web-share\" referrerpolicy=\"strict-origin-when-cross-origin\" allowfullscreen><\/iframe><\/p>\n<p class=\"yiv3410560896gmail-MsoNoSpacing\"><b>Ofensiva pregressa<\/b><\/p>\n<p class=\"yiv3410560896gmail-MsoNoSpacing\">No Roda Viva, da TV Cultura, em 1987, o pr\u00f3prio Leonel Brizola fez quest\u00e3o de repudiar a express\u00e3o mencionada para tentar afetar sua imagem e desestabiliz\u00e1-lo. O tema surgiu ap\u00f3s a pergunta do jornalista, Lenildo Tabosa, durante debate sobre<\/p>\n<p class=\"yiv3410560896gmail-MsoNoSpacing\">\u201c\u00c9 um insulto de gente que n\u00e3o tem nada na cabe\u00e7a\u201d, alegou o presidente nacional do PDT e governador do Rio, na \u00e9poca.<\/p>\n<p class=\"yiv3410560896gmail-MsoNoSpacing\">Confira:<\/p>\n<p><iframe loading=\"lazy\" title=\"&quot;Como est\u00e1 El Raton?&quot;\" width=\"640\" height=\"480\" src=\"https:\/\/www.youtube.com\/embed\/WtqJL0J0IoY?feature=oembed\" frameborder=\"0\" allow=\"accelerometer; autoplay; clipboard-write; encrypted-media; gyroscope; picture-in-picture; web-share\" referrerpolicy=\"strict-origin-when-cross-origin\" allowfullscreen><\/iframe><\/p>\n<!-- AddThis Advanced Settings generic via filter on the_content --><!-- AddThis Share Buttons generic via filter on the_content -->","protected":false},"excerpt":{"rendered":"<p>Em 2010, ap\u00f3s ataques a Leonel Brizola, o deputado federal do PDT defendeu seu av\u00f4 em embate no plen\u00e1rio da C\u00e2mara O plen\u00e1rio da C\u00e2mara dos Deputados j\u00e1 registrou cenas hist\u00f3ricas de defesa de Leonel Brizola e de desmoraliza\u00e7\u00e3o de Jair Bolsonaro. Em 24 de mar\u00e7o de 2010, o respons\u00e1vel foi o l\u00edder do PDT,&#8230;<!-- AddThis Advanced Settings generic via filter on wp_trim_excerpt --><!-- AddThis Share Buttons generic via filter on wp_trim_excerpt --><\/p>\n","protected":false},"author":17,"featured_media":75679,"comment_status":"closed","ping_status":"closed","sticky":false,"template":"","format":"standard","meta":{"_monsterinsights_skip_tracking":false,"_monsterinsights_sitenote_active":false,"_monsterinsights_sitenote_note":"","_monsterinsights_sitenote_category":0,"_uf_show_specific_survey":0,"_uf_disable_surveys":false,"footnotes":""},"categories":[1390],"tags":[],"class_list":["post-75678","post","type-post","status-publish","format-standard","has-post-thumbnail","hentry","category-editorias"],"acf":[],"_links":{"self":[{"href":"https:\/\/pdt-rj.org.br\/index.php\/wp-json\/wp\/v2\/posts\/75678","targetHints":{"allow":["GET"]}}],"collection":[{"href":"https:\/\/pdt-rj.org.br\/index.php\/wp-json\/wp\/v2\/posts"}],"about":[{"href":"https:\/\/pdt-rj.org.br\/index.php\/wp-json\/wp\/v2\/types\/post"}],"author":[{"embeddable":true,"href":"https:\/\/pdt-rj.org.br\/index.php\/wp-json\/wp\/v2\/users\/17"}],"replies":[{"embeddable":true,"href":"https:\/\/pdt-rj.org.br\/index.php\/wp-json\/wp\/v2\/comments?post=75678"}],"version-history":[{"count":4,"href":"https:\/\/pdt-rj.org.br\/index.php\/wp-json\/wp\/v2\/posts\/75678\/revisions"}],"predecessor-version":[{"id":75685,"href":"https:\/\/pdt-rj.org.br\/index.php\/wp-json\/wp\/v2\/posts\/75678\/revisions\/75685"}],"wp:featuredmedia":[{"embeddable":true,"href":"https:\/\/pdt-rj.org.br\/index.php\/wp-json\/wp\/v2\/media\/75679"}],"wp:attachment":[{"href":"https:\/\/pdt-rj.org.br\/index.php\/wp-json\/wp\/v2\/media?parent=75678"}],"wp:term":[{"taxonomy":"category","embeddable":true,"href":"https:\/\/pdt-rj.org.br\/index.php\/wp-json\/wp\/v2\/categories?post=75678"},{"taxonomy":"post_tag","embeddable":true,"href":"https:\/\/pdt-rj.org.br\/index.php\/wp-json\/wp\/v2\/tags?post=75678"}],"curies":[{"name":"wp","href":"https:\/\/api.w.org\/{rel}","templated":true}]}}