{"id":75630,"date":"2021-01-27T12:01:23","date_gmt":"2021-01-27T15:01:23","guid":{"rendered":"http:\/\/pdt-rj.org.br\/?p=75630"},"modified":"2021-02-02T15:35:19","modified_gmt":"2021-02-02T18:35:19","slug":"bolsonaro-e-um-presidente-incompetente-despreparado-e-corrupto","status":"publish","type":"post","link":"https:\/\/pdt-rj.org.br\/index.php\/bolsonaro-e-um-presidente-incompetente-despreparado-e-corrupto\/","title":{"rendered":"&#8220;Bolsonaro \u00e9 um presidente incompetente, despreparado e corrupto&#8221;"},"content":{"rendered":"<p><em><strong>Em entrevista ao <a href=\"https:\/\/www.dn.pt\/edicao-do-dia\/27-jan-2021\/ciro-gomes-bolsonaro-e-um-presidente-incompetente-despreparado-e-corrupto-13279756.html\">Di\u00e1rio de Not\u00edcias<\/a>, de Portugal, Ciro defende\u00a0 o impeachment de Bolsonaro pelos crimes de responsabilidade e ratifica a import\u00e2ncia de implementar um plano trabalhista para recolocar o Pa\u00eds no rumo certo<\/strong><\/em><\/p>\n<p>&nbsp;<\/p>\n<p>O vice-presidente nacional do PDT, Ciro Gomes, afirmou, em entrevista ao Di\u00e1rio de Not\u00edcias, de Portugal, que a democracia brasileira tem sofrido viol\u00eancias, ao longo de sua hist\u00f3ria, e que a solu\u00e7\u00e3o imediata \u00e9 a deposi\u00e7\u00e3o do presidente da Rep\u00fablica, Jair Bolsonaro. Para o pedetista, o mandat\u00e1rio j\u00e1 cometeu quase todos os crimes de responsabilidade previstos na lei.<\/p>\n<p>\u201cBolsonaro \u00e9 um presidente incompetente, despreparado e reconhecidamente corrupto. S\u00e3o in\u00fameras as liga\u00e7\u00f5es dele e da sua fam\u00edlia com desvio de recursos p\u00fablicos e com as mil\u00edcias do Rio de Janeiro\u201d, declarou.<\/p>\n<p>Sobre a pandemia, o ex-governador do Cear\u00e1 detalhou os erros acumulados no governo federal, com destaque para a nega\u00e7\u00e3o da ci\u00eancia, boicote aos imunizantes, desestrutura\u00e7\u00e3o do Sistema \u00danico de Sa\u00fade (SUS) e discrimina\u00e7\u00e3o sobre pa\u00edses parceiros do Brasil.<\/p>\n<p>\u201cBolsonaro cercou-se de generais traidores da p\u00e1tria e conduziu a pandemia de forma negacionista e incentivando o povo a aglomerar-se, a n\u00e3o usar m\u00e1scaras e prescrevendo rem\u00e9dios sem comprova\u00e7\u00e3o cient\u00edfica\u201d, pontuou.<\/p>\n<p>\u201cAtuou contra a vacina, e, para piorar, o seu preconceito criminoso contra a China, por exemplo, dificulta ao Brasil adquirir vacinas para imunizar o povo\u201d, completou, citando o sucesso do seu \u00faltimo livro <a href=\"https:\/\/www.amazon.com.br\/Projeto-Nacional-esperan%C3%A7a-Ciro-Gomes\/dp\/655643003X\/ref=asc_df_655643003X\/?tag=googleshopp00-20&amp;linkCode=df0&amp;hvadid=379708289001&amp;hvpos=&amp;hvnetw=g&amp;hvrand=7148619683016043878&amp;hvpone=&amp;hvptwo=&amp;hvqmt=&amp;hvdev=c&amp;hvdvcmdl=&amp;hvlocint=&amp;hvlocphy=1001541&amp;hvtargid=pla-919331846608&amp;psc=1\">\u2018Projeto nacional: o dever da esperan\u00e7a\u2019<\/a>.<\/p>\n<p>Ao confirmar sua inten\u00e7\u00e3o de disputar a presid\u00eancia novamente pelo PDT, Ciro ratifica a import\u00e2ncia de implementar um plano trabalhista para recolocar o Pa\u00eds no rumo certo.<\/p>\n<p>\u201cTenho rodado todo o pa\u00eds apresentando um Projeto Nacional de Desenvolvimento com come\u00e7o, meio e fim que recupere a capacidade industrial do Brasil, garanta desenvolvimento com justi\u00e7a social e devolva ao Brasil as r\u00e9deas do seu futuro\u201d, disse.<\/p>\n<p><strong><em>Confira <a href=\"https:\/\/www.dn.pt\/edicao-do-dia\/27-jan-2021\/ciro-gomes-bolsonaro-e-um-presidente-incompetente-despreparado-e-corrupto-13279756.html\">aqui<\/a> a entrevista na \u00edntegra.<\/em><\/strong><\/p>\n<!-- AddThis Advanced Settings generic via filter on the_content --><!-- AddThis Share Buttons generic via filter on the_content -->","protected":false},"excerpt":{"rendered":"<p>Em entrevista ao Di\u00e1rio de Not\u00edcias, de Portugal, Ciro defende\u00a0 o impeachment de Bolsonaro pelos crimes de responsabilidade e ratifica a import\u00e2ncia de implementar um plano trabalhista para recolocar o Pa\u00eds no rumo certo &nbsp; O vice-presidente nacional do PDT, Ciro Gomes, afirmou, em entrevista ao Di\u00e1rio de Not\u00edcias, de Portugal, que a democracia brasileira&#8230;<!-- AddThis Advanced Settings generic via filter on wp_trim_excerpt --><!-- AddThis Share Buttons generic via filter on wp_trim_excerpt --><\/p>\n","protected":false},"author":17,"featured_media":75634,"comment_status":"closed","ping_status":"closed","sticky":false,"template":"","format":"standard","meta":{"_monsterinsights_skip_tracking":false,"_monsterinsights_sitenote_active":false,"_monsterinsights_sitenote_note":"","_monsterinsights_sitenote_category":0,"_uf_show_specific_survey":0,"_uf_disable_surveys":false,"footnotes":""},"categories":[1390,3030,975,1401,976],"tags":[3350,220,3348,4278,4280,4277,3378,38,4279,4241,1541,3587,1340,900],"class_list":["post-75630","post","type-post","status-publish","format-standard","has-post-thumbnail","hentry","category-editorias","category-internacional","category-manchete","category-nacional","category-noticias-em-destaque","tag-china","tag-ciro-gomes","tag-covid-19","tag-democracia-brasileira","tag-diario-de-noticias","tag-impeachment-de-bolsonaro","tag-pandemia","tag-pdt","tag-plano-trabalhista","tag-portugal","tag-projeto-nacional-de-desenvolvimento","tag-projeto-nacional-o-dever-da-esperanca","tag-sistema-unico-de-saude","tag-sus"],"acf":[],"_links":{"self":[{"href":"https:\/\/pdt-rj.org.br\/index.php\/wp-json\/wp\/v2\/posts\/75630","targetHints":{"allow":["GET"]}}],"collection":[{"href":"https:\/\/pdt-rj.org.br\/index.php\/wp-json\/wp\/v2\/posts"}],"about":[{"href":"https:\/\/pdt-rj.org.br\/index.php\/wp-json\/wp\/v2\/types\/post"}],"author":[{"embeddable":true,"href":"https:\/\/pdt-rj.org.br\/index.php\/wp-json\/wp\/v2\/users\/17"}],"replies":[{"embeddable":true,"href":"https:\/\/pdt-rj.org.br\/index.php\/wp-json\/wp\/v2\/comments?post=75630"}],"version-history":[{"count":10,"href":"https:\/\/pdt-rj.org.br\/index.php\/wp-json\/wp\/v2\/posts\/75630\/revisions"}],"predecessor-version":[{"id":75752,"href":"https:\/\/pdt-rj.org.br\/index.php\/wp-json\/wp\/v2\/posts\/75630\/revisions\/75752"}],"wp:featuredmedia":[{"embeddable":true,"href":"https:\/\/pdt-rj.org.br\/index.php\/wp-json\/wp\/v2\/media\/75634"}],"wp:attachment":[{"href":"https:\/\/pdt-rj.org.br\/index.php\/wp-json\/wp\/v2\/media?parent=75630"}],"wp:term":[{"taxonomy":"category","embeddable":true,"href":"https:\/\/pdt-rj.org.br\/index.php\/wp-json\/wp\/v2\/categories?post=75630"},{"taxonomy":"post_tag","embeddable":true,"href":"https:\/\/pdt-rj.org.br\/index.php\/wp-json\/wp\/v2\/tags?post=75630"}],"curies":[{"name":"wp","href":"https:\/\/api.w.org\/{rel}","templated":true}]}}