{"id":75624,"date":"2021-01-27T11:46:25","date_gmt":"2021-01-27T14:46:25","guid":{"rendered":"http:\/\/pdt-rj.org.br\/?p=75624"},"modified":"2021-01-27T15:19:41","modified_gmt":"2021-01-27T18:19:41","slug":"debandada-das-multinacionais-precarizara-ainda-mais-a-vida-dos-brasileiros","status":"publish","type":"post","link":"https:\/\/pdt-rj.org.br\/index.php\/debandada-das-multinacionais-precarizara-ainda-mais-a-vida-dos-brasileiros\/","title":{"rendered":"Debandada das multinacionais precarizar\u00e1 ainda mais a vida dos brasileiros"},"content":{"rendered":"<p><em><strong>A crise provocada pela pandemia s\u00f3 acentuou uma situa\u00e7\u00e3o de desacelera\u00e7\u00e3o da economia, que j\u00e1 estava em decl\u00ednio<\/strong><\/em><\/p>\n<p>A economia brasileira derrete. Sem proje\u00e7\u00e3o de retomada, sem um projeto de recupera\u00e7\u00e3o da economia e com o presidente afirmando que \u201cn\u00e3o se tem nada a fazer, pois o pa\u00eds est\u00e1 quebrado\u201d, as multinacionais est\u00e3o em debandada.<\/p>\n<p>Grandes corpora\u00e7\u00f5es como Ford, Sony, 3M, Mercedes-Benz, Laborat\u00f3rios Roche, cervejaria Brasil Kirin, Nikon, Walmart, Audi, dentre outras, anunciaram a retirada de suas plantas ou reduziram drasticamente suas atividades, deixando um rastro de milhares de trabalhadores desempregados.<\/p>\n<p>A crise provocada pela pandemia, utilizada como principal argumento pelas empresas, em realidade, s\u00f3 acentuou uma situa\u00e7\u00e3o de desacelera\u00e7\u00e3o da economia, que j\u00e1 estava em decl\u00ednio, nublando assim qualquer proje\u00e7\u00e3o por uma retomada do mercado no Brasil.<\/p>\n<p>Nem mesmo a Reforma Trabalhista, ao final de 2017, que precarizou a m\u00e3o de obra ao retirar direitos essenciais aos trabalhadores e, consequentemente, reduziu o custo da produ\u00e7\u00e3o, foi suficientemente atrativo para a perman\u00eancia das ind\u00fastrias transnacionais.<\/p>\n<p>O cen\u00e1rio \u00e9 de incertezas: alta taxa de desemprego, fim do aux\u00edlio emergencial, custo de vida em eleva\u00e7\u00e3o, queda no consumo e aus\u00eancia de um plano nacional de recupera\u00e7\u00e3o da economia, para dirigentes das grandes corpora\u00e7\u00f5es, n\u00e3o h\u00e1 perspectivas a m\u00e9dio e longo prazos.<\/p>\n<p>O processo de desindustrializa\u00e7\u00e3o do Brasil impactar\u00e1 negativamente toda economia, j\u00e1 que as grandes ind\u00fastrias, al\u00e9m dos empregos diretos, atrelam milhares de empresas menores em sua cadeia produtiva.<\/p>\n<p>Com isso, o que se desenvolve s\u00e3o empregos no segmento de servi\u00e7os, que sofrem um processo cont\u00ednuo e acentuado de precariza\u00e7\u00e3o do trabalho como home-office, em casos abusivos, uberiza\u00e7\u00e3o e retirada, quase plena, de direitos trabalhistas, sem gerar trabalho e renda dignos para a popula\u00e7\u00e3o, que fica estagnada para o consumo, resumindo-se \u00e0s necessidades b\u00e1sica, \u00e0 subsist\u00eancia.<\/p>\n<p>Em meio \u00e0 crise da ind\u00fastria, a popula\u00e7\u00e3o ainda tem de enfrentar uma alta no custo de vida, principalmente nos ingredientes b\u00e1sicos da mesa do brasileiro. Segundo estudo divulgado pela Funda\u00e7\u00e3o Get\u00falio Vargas (FGV), itens como alimentos e energia el\u00e9trica, impactar\u00e3o significativamente nos or\u00e7amentos familiares.<\/p>\n<p>O Brasil atravessou 2020 equilibrando-se no aux\u00edlio emergencial, que atenuou o desastre econ\u00f4mico, ingressou 2021 com um cen\u00e1rio ainda mais alarmante: fim da renda m\u00ednima, que amparou os mais vulner\u00e1veis, empresas multinacionais partindo em debandada, milhares de com\u00e9rcios fechados, 15 milh\u00f5es de desempregados e eleva\u00e7\u00e3o do custo de vida.<\/p>\n<p>Em meio a um cen\u00e1rio de iminente colapso econ\u00f4mico e social, o pa\u00eds encontra-se \u00e0 deriva e o governo federal n\u00e3o faz o menor sinal por um plano nacional de recupera\u00e7\u00e3o para conter o derretimento da economia.<\/p>\n<p>Doente, o Brasil necessita de dois rem\u00e9dios: vacina e impeachment.<\/p>\n<p><em><strong>*Milton Cavalo \u00e9 presidente nacional do Movimento Sindical do PDT.<\/strong><\/em><\/p>\n<!-- AddThis Advanced Settings generic via filter on the_content --><!-- AddThis Share Buttons generic via filter on the_content -->","protected":false},"excerpt":{"rendered":"<p>A crise provocada pela pandemia s\u00f3 acentuou uma situa\u00e7\u00e3o de desacelera\u00e7\u00e3o da economia, que j\u00e1 estava em decl\u00ednio A economia brasileira derrete. Sem proje\u00e7\u00e3o de retomada, sem um projeto de recupera\u00e7\u00e3o da economia e com o presidente afirmando que \u201cn\u00e3o se tem nada a fazer, pois o pa\u00eds est\u00e1 quebrado\u201d, as multinacionais est\u00e3o em debandada&#8230;.<!-- AddThis Advanced Settings generic via filter on wp_trim_excerpt --><!-- AddThis Share Buttons generic via filter on wp_trim_excerpt --><\/p>\n","protected":false},"author":17,"featured_media":75628,"comment_status":"closed","ping_status":"closed","sticky":false,"template":"","format":"standard","meta":{"_monsterinsights_skip_tracking":false,"_monsterinsights_sitenote_active":false,"_monsterinsights_sitenote_note":"","_monsterinsights_sitenote_category":0,"_uf_show_specific_survey":0,"_uf_disable_surveys":false,"footnotes":""},"categories":[1584,976],"tags":[4287,315,4283,4282,1092,4288,4281,1578],"class_list":["post-75624","post","type-post","status-publish","format-standard","has-post-thumbnail","hentry","category-artigos","category-noticias-em-destaque","tag-crise-provocada-pela-pandemia","tag-direitos-trabalhistas","tag-fim-do-auxilio-emergencial","tag-home-office","tag-milton-cavalo","tag-precarizacao-do-trabalho","tag-projeto-de-recuperacao-da-economia","tag-reforma-trabalhista"],"acf":[],"_links":{"self":[{"href":"https:\/\/pdt-rj.org.br\/index.php\/wp-json\/wp\/v2\/posts\/75624","targetHints":{"allow":["GET"]}}],"collection":[{"href":"https:\/\/pdt-rj.org.br\/index.php\/wp-json\/wp\/v2\/posts"}],"about":[{"href":"https:\/\/pdt-rj.org.br\/index.php\/wp-json\/wp\/v2\/types\/post"}],"author":[{"embeddable":true,"href":"https:\/\/pdt-rj.org.br\/index.php\/wp-json\/wp\/v2\/users\/17"}],"replies":[{"embeddable":true,"href":"https:\/\/pdt-rj.org.br\/index.php\/wp-json\/wp\/v2\/comments?post=75624"}],"version-history":[{"count":4,"href":"https:\/\/pdt-rj.org.br\/index.php\/wp-json\/wp\/v2\/posts\/75624\/revisions"}],"predecessor-version":[{"id":75658,"href":"https:\/\/pdt-rj.org.br\/index.php\/wp-json\/wp\/v2\/posts\/75624\/revisions\/75658"}],"wp:featuredmedia":[{"embeddable":true,"href":"https:\/\/pdt-rj.org.br\/index.php\/wp-json\/wp\/v2\/media\/75628"}],"wp:attachment":[{"href":"https:\/\/pdt-rj.org.br\/index.php\/wp-json\/wp\/v2\/media?parent=75624"}],"wp:term":[{"taxonomy":"category","embeddable":true,"href":"https:\/\/pdt-rj.org.br\/index.php\/wp-json\/wp\/v2\/categories?post=75624"},{"taxonomy":"post_tag","embeddable":true,"href":"https:\/\/pdt-rj.org.br\/index.php\/wp-json\/wp\/v2\/tags?post=75624"}],"curies":[{"name":"wp","href":"https:\/\/api.w.org\/{rel}","templated":true}]}}