{"id":75516,"date":"2021-01-22T13:57:40","date_gmt":"2021-01-22T16:57:40","guid":{"rendered":"http:\/\/pdt-rj.org.br\/?p=75516"},"modified":"2021-01-25T15:50:44","modified_gmt":"2021-01-25T18:50:44","slug":"brizola-voce-esta-na-nossa-memoria-no-nosso-coracao-e-principalmente-na-nossa-vontade-de-servir-ao-povo-brasileiro","status":"publish","type":"post","link":"https:\/\/pdt-rj.org.br\/index.php\/brizola-voce-esta-na-nossa-memoria-no-nosso-coracao-e-principalmente-na-nossa-vontade-de-servir-ao-povo-brasileiro\/","title":{"rendered":"\u201cBrizola, voc\u00ea est\u00e1 na nossa mem\u00f3ria, no nosso cora\u00e7\u00e3o e, principalmente, na nossa vontade de servir ao povo brasileiro.\u201d"},"content":{"rendered":"<p class=\"yiv2189415856MsoNormal\"><em><b>Presidente nacional do PDT projeta s\u00e9rie de atividades para celebrar o centen\u00e1rio do l\u00edder trabalhista, em 2022<\/b><\/em><\/p>\n<p class=\"yiv2189415856MsoNormal\">\u201cBrizola, voc\u00ea est\u00e1 na nossa mem\u00f3ria, no nosso cora\u00e7\u00e3o e, principalmente, na nossa vontade de servir ao povo brasileiro.\u201d Com um depoimento emocionado, o presidente nacional do PDT, Carlos Lupi, homenageou o nascimento do l\u00edder trabalhista e fundador do partido, que, nesta sexta-feira (22), completaria 99 anos.<\/p>\n<p class=\"yiv2189415856MsoNormal\">\u201cUm homem que era patriota, leal \u00e0 causa popular, um governante transformador e inovador, um ser humano corajoso e, principalmente, um homem que amava profundamente o povo brasileiro mais humilde e carente, que precisa da gente\u201d, afirmou.<\/p>\n<p class=\"yiv2189415856MsoNormal\">No v\u00eddeo publicado nas redes sociais do PDT (confira, ao final), Lupi mostra satisfa\u00e7\u00e3o pelas d\u00e9cadas de conviv\u00eancia e aprendizado com o ex-governador do Rio Grande do Sul e Rio de Janeiro, mas tamb\u00e9m lamenta o impacto gerado pela aus\u00eancia f\u00edsica. O falecimento ocorreu em 21 de junho de 2004.<\/p>\n<p class=\"yiv2189415856MsoNormal\">\u201cO que nos faz ter essa alegria de lembran\u00e7a, e tristeza de perda, \u00e9 saber que n\u00f3s convivemos, durante quase 35 anos, com uma refer\u00eancia da hist\u00f3ria pol\u00edtica brasileira\u201d, exaltou.<\/p>\n<p class=\"yiv2189415856MsoNormal\">\u201cLembrar Brizola \u00e9 lembrar dos nossos compromissos e da nossa hist\u00f3ria e seguir a coer\u00eancia em defesa do povo brasileiro\u201d, completou.<\/p>\n<p class=\"yiv2189415856MsoNormal\">Centen\u00e1rio<\/p>\n<p class=\"yiv2189415856MsoNormal\">Sobre a import\u00e2ncia dos 100 anos do eterno pedetista, Lupi adianta que o partido atua para promover uma expressiva celebra\u00e7\u00e3o na capital federal.<\/p>\n<p class=\"yiv2189415856MsoNormal\">\u201cAno que vem, vamos completar o seu centen\u00e1rio. E, desde agora, o PDT come\u00e7a a se organizar para, no dia 22 de janeiro de 2022, um grande encontro e homenagem, em Bras\u00edlia, onde pretendemos inaugurar o seu busto\u201d, projetou, ao mencionar a confirma\u00e7\u00e3o da posse da sede nacional e a realiza\u00e7\u00e3o de um congresso com representantes de todo o pa\u00eds.<\/p>\n<p class=\"yiv2189415856MsoNormal\">Confira a \u00edntegra da fala de Carlos Lupi: <a href=\"https:\/\/www.facebook.com\/pdt.org.br\/videos\/1067599407074458\" target=\"_blank\" rel=\"nofollow noopener noreferrer\">https:\/\/www.facebook.com\/pdt.org.br\/videos\/1067599407074458<\/a><\/p>\n<!-- AddThis Advanced Settings generic via filter on the_content --><!-- AddThis Share Buttons generic via filter on the_content -->","protected":false},"excerpt":{"rendered":"<p>Presidente nacional do PDT projeta s\u00e9rie de atividades para celebrar o centen\u00e1rio do l\u00edder trabalhista, em 2022 \u201cBrizola, voc\u00ea est\u00e1 na nossa mem\u00f3ria, no nosso cora\u00e7\u00e3o e, principalmente, na nossa vontade de servir ao povo brasileiro.\u201d Com um depoimento emocionado, o presidente nacional do PDT, Carlos Lupi, homenageou o nascimento do l\u00edder trabalhista e fundador&#8230;<!-- AddThis Advanced Settings generic via filter on wp_trim_excerpt --><!-- AddThis Share Buttons generic via filter on wp_trim_excerpt --><\/p>\n","protected":false},"author":17,"featured_media":75517,"comment_status":"closed","ping_status":"closed","sticky":false,"template":"","format":"standard","meta":{"_monsterinsights_skip_tracking":false,"_monsterinsights_sitenote_active":false,"_monsterinsights_sitenote_note":"","_monsterinsights_sitenote_category":0,"_uf_show_specific_survey":0,"_uf_disable_surveys":false,"footnotes":""},"categories":[975,1401,976],"tags":[196,565,38],"class_list":["post-75516","post","type-post","status-publish","format-standard","has-post-thumbnail","hentry","category-manchete","category-nacional","category-noticias-em-destaque","tag-carlos-lupi","tag-leonel-brizola","tag-pdt"],"acf":[],"_links":{"self":[{"href":"https:\/\/pdt-rj.org.br\/index.php\/wp-json\/wp\/v2\/posts\/75516","targetHints":{"allow":["GET"]}}],"collection":[{"href":"https:\/\/pdt-rj.org.br\/index.php\/wp-json\/wp\/v2\/posts"}],"about":[{"href":"https:\/\/pdt-rj.org.br\/index.php\/wp-json\/wp\/v2\/types\/post"}],"author":[{"embeddable":true,"href":"https:\/\/pdt-rj.org.br\/index.php\/wp-json\/wp\/v2\/users\/17"}],"replies":[{"embeddable":true,"href":"https:\/\/pdt-rj.org.br\/index.php\/wp-json\/wp\/v2\/comments?post=75516"}],"version-history":[{"count":1,"href":"https:\/\/pdt-rj.org.br\/index.php\/wp-json\/wp\/v2\/posts\/75516\/revisions"}],"predecessor-version":[{"id":75518,"href":"https:\/\/pdt-rj.org.br\/index.php\/wp-json\/wp\/v2\/posts\/75516\/revisions\/75518"}],"wp:featuredmedia":[{"embeddable":true,"href":"https:\/\/pdt-rj.org.br\/index.php\/wp-json\/wp\/v2\/media\/75517"}],"wp:attachment":[{"href":"https:\/\/pdt-rj.org.br\/index.php\/wp-json\/wp\/v2\/media?parent=75516"}],"wp:term":[{"taxonomy":"category","embeddable":true,"href":"https:\/\/pdt-rj.org.br\/index.php\/wp-json\/wp\/v2\/categories?post=75516"},{"taxonomy":"post_tag","embeddable":true,"href":"https:\/\/pdt-rj.org.br\/index.php\/wp-json\/wp\/v2\/tags?post=75516"}],"curies":[{"name":"wp","href":"https:\/\/api.w.org\/{rel}","templated":true}]}}