{"id":75509,"date":"2021-01-22T06:08:19","date_gmt":"2021-01-22T09:08:19","guid":{"rendered":"http:\/\/pdt-rj.org.br\/?p=75509"},"modified":"2021-01-26T12:51:41","modified_gmt":"2021-01-26T15:51:41","slug":"com-ciep-leonel-brizola-confirmou-o-valor-das-criancas-para-o-futuro-da-nacao-brasileira","status":"publish","type":"post","link":"https:\/\/pdt-rj.org.br\/index.php\/com-ciep-leonel-brizola-confirmou-o-valor-das-criancas-para-o-futuro-da-nacao-brasileira\/","title":{"rendered":"Com Ciep, Leonel Brizola confirmou o valor das crian\u00e7as para o futuro da na\u00e7\u00e3o brasileira"},"content":{"rendered":"<p class=\"yiv7174025993MsoNormal\"><em>Na d\u00e9cada de 80, projeto pedetista revolucionou o ensino p\u00fablico do Rio e transformou gera\u00e7\u00f5es de cidad\u00e3os<\/em><\/p>\n<p class=\"yiv7174025993MsoNormal\">\u201cDos Cieps h\u00e3o de sair aqueles homens e mulheres que ir\u00e3o fazer, pelo povo brasileiro e pelo Brasil, tudo aquilo que n\u00f3s n\u00e3o conseguimos ou n\u00e3o tivemos coragem de fazer\u201d, projetou, em 1986, o ent\u00e3o governador do Rio de Janeiro, Leonel Brizola, no pref\u00e1cio de \u201cO Livro dos CIEPs\u201d, escrito por Darcy Ribeiro, seu vice. Nesta sexta-feira (22), o ex-presidente nacional do PDT completaria 99 anos.<\/p>\n<p class=\"yiv7174025993MsoNormal\">\u201cElas representam o que o Brasil tem de maior valor e, tamb\u00e9m, os nossos pr\u00f3prios destinos, como na\u00e7\u00e3o livre e democr\u00e1tica, empenhada na constru\u00e7\u00e3o de uma exist\u00eancia digna para todos os seus filhos\u201d, valorizou Brizola.<\/p>\n<p class=\"yiv7174025993MsoNormal\">Para o l\u00edder pedetista, o projeto dos Centros Integrados de Educa\u00e7\u00e3o P\u00fablica (Cieps) confirmou o surgimento de uma vertente que questionava, por dentro do sistema historicamente estruturado, a \u201crealidade social injusta, desumana e impatri\u00f3tica\u201d.<\/p>\n<p class=\"yiv7174025993MsoNormal\">\u201cOs alunos dos Cieps v\u00eam alcan\u00e7ando cerca de 90% de aprova\u00e7\u00e3o. S\u00f3 este alto rendimento justifica, inclusive economicamente, os Centros Integrados de Educa\u00e7\u00e3o P\u00fablica\u201d, destaca, ao lembrar que \u201cmais de 50% das crian\u00e7as, depois de anos de repet\u00eancia, deixam a escola mal assinando o nome.\u201d<\/p>\n<p class=\"yiv7174025993MsoNormal\">A publica\u00e7\u00e3o, que representava um balan\u00e7o da primeira gest\u00e3o brizolista no estado, dava ainda destaque ao processo de desenvolvimento de uma efetiva pol\u00edtica p\u00fablica de inclus\u00e3o e desenvolvimento educacional para os cidad\u00e3os fluminenses. Na introdu\u00e7\u00e3o, o governador deixou evidente a relev\u00e2ncia conquistada e confirmada ao longo dos quatro anos.<\/p>\n<p class=\"yiv7174025993MsoNormal\">\u201cEsta pequena publica\u00e7\u00e3o destina-se a levar ao conhecimento p\u00fablico uma ligeira explica\u00e7\u00e3o sobre as realiza\u00e7\u00f5es, de nosso governo, no campo da educa\u00e7\u00e3o. O Prof. Darcy Ribeiro foi o meu bra\u00e7o direito. N\u00e3o fora ele, sua equipe de professores e o conjunto do magist\u00e9rio p\u00fablico, n\u00e3o ter\u00edamos conseguido estes importantes avan\u00e7os, que precisam prosseguir, indispensavelmente. Fizemos 500 CIEPs. O pr\u00f3ximo governo dever\u00e1 fazer mais 500 ou, quem sabe, muito mais\u201d, projetou.<\/p>\n<p class=\"yiv7174025993MsoNormal\"><strong>Confira, abaixo, o pref\u00e1cio. A \u00edntegra do livro pode ser baixada <a href=\"http:\/\/pdt-rj.org.br\/wp-content\/uploads\/2021\/01\/O-Livro-dos-CIEPs-por-Darcy-Ribeiro.pdf\">aqui<\/a>.<\/strong><\/p>\n<p class=\"yiv7174025993MsoNormal\"><i>\u201cO CIEP \u00e9 uma nova institui\u00e7\u00e3o que surge, questionando, por dentro, esta realidade social injusta, desumana e impatri\u00f3tica. Estas novas escolas proporcionar\u00e3o \u00e0s nossas crian\u00e7as alimenta\u00e7\u00e3o completa, aulas, a segunda professora que os pobres nunca tiveram esporte, lazer, material, assist\u00eancia m\u00e9dica e dent\u00e1ria. Depois de permanecer todo o dia no col\u00e9gio, voltam, de banho tomado, para o carinho da fam\u00edlia.<\/i><\/p>\n<p class=\"yiv7174025993MsoNormal\"><i>Mais de 50% de nossas crian\u00e7as, depois de anos de repet\u00eancia, deixam a escola mal assinando o nome. Noutras palavras, analfabetas e ressentidas. Por qu\u00ea? Deficiente de sa\u00fade e alimenta\u00e7\u00e3o, apenas permanecem algumas horas no ambiente escolar, o qual, por sua vez, tem sido prec\u00e1rio e ineficaz. Os alunos dos CIEPs v\u00eam alcan\u00e7ando cerca de 90% de aprova\u00e7\u00e3o. S\u00f3 este alto rendimento justifica, inclusive economicamente, os Centros Integrados de Educa\u00e7\u00e3o P\u00fablica.<\/i><\/p>\n<p class=\"yiv7174025993MsoNormal\"><i>Dizem alguns que deveriam ser como as escolas que sempre tivemos. Afirmamos que n\u00e3o. As nossas crian\u00e7as merecem ainda mais. Elas representam o que o Brasil tem de maior valor e, tamb\u00e9m, os nossos pr\u00f3prios destinos, como na\u00e7\u00e3o livre e democr\u00e1tica, empenhada na constru\u00e7\u00e3o de uma exist\u00eancia digna para todos os seus filhos. Todas as crian\u00e7as deste pa\u00eds deveriam estar em escolas como os CIEPs. Para isto, bastaria que n\u00e3o se desviassem tantos recursos p\u00fablicos para fins in\u00fateis e inconfess\u00e1veis. Se deix\u00e1ssemos, por exemplo, de pagar os juros da d\u00edvida externa apenas por dois anos, todas as crian\u00e7as brasileiras poderiam estar estudando num CIEP.<\/i><\/p>\n<p class=\"yiv7174025993MsoNormal\"><i>Esta pequena publica\u00e7\u00e3o destina-se a levar ao conhecimento p\u00fablico uma ligeira explica\u00e7\u00e3o sobre as realiza\u00e7\u00f5es, de nosso governo, no campo da educa\u00e7\u00e3o. O Prof. Darcy Ribeiro foi o meu bra\u00e7o direito. N\u00e3o fora ele, sua equipe de professores e o conjunto do magist\u00e9rio p\u00fablico, n\u00e3o ter\u00edamos conseguido estes importantes avan\u00e7os, que precisam prosseguir, indispensavelmente. Fizemos 500 CIEPs. O pr\u00f3ximo governo dever\u00e1 fazer mais 500 ou, quem sabe, muito mais.<\/i><\/p>\n<p class=\"yiv7174025993MsoNormal\"><i>Dos CIEPs h\u00e3o de sair aqueles homens e mulheres que ir\u00e3o fazer, pelo povo brasileiro pelo Brasil, tudo aquilo que n\u00f3s n\u00e3o conseguimos ou n\u00e3o tivemos coragem de fazer.\u201d<\/i><\/p>\n<p class=\"yiv7174025993MsoNormal\"><i>Rio de Janeiro, outubro de 1986.<\/i><\/p>\n<p class=\"yiv7174025993MsoNormal\"><i>Eng. Leonel Brizola<\/i><\/p>\n<p class=\"yiv7174025993MsoNormal\"><i>Governador do estado<\/i><\/p>\n<p>&nbsp;<\/p>\n<!-- AddThis Advanced Settings generic via filter on the_content --><!-- AddThis Share Buttons generic via filter on the_content -->","protected":false},"excerpt":{"rendered":"<p>Na d\u00e9cada de 80, projeto pedetista revolucionou o ensino p\u00fablico do Rio e transformou gera\u00e7\u00f5es de cidad\u00e3os \u201cDos Cieps h\u00e3o de sair aqueles homens e mulheres que ir\u00e3o fazer, pelo povo brasileiro e pelo Brasil, tudo aquilo que n\u00f3s n\u00e3o conseguimos ou n\u00e3o tivemos coragem de fazer\u201d, projetou, em 1986, o ent\u00e3o governador do Rio&#8230;<!-- AddThis Advanced Settings generic via filter on wp_trim_excerpt --><!-- AddThis Share Buttons generic via filter on wp_trim_excerpt --><\/p>\n","protected":false},"author":17,"featured_media":75511,"comment_status":"closed","ping_status":"closed","sticky":false,"template":"","format":"standard","meta":{"_monsterinsights_skip_tracking":false,"_monsterinsights_sitenote_active":false,"_monsterinsights_sitenote_note":"","_monsterinsights_sitenote_category":0,"_uf_show_specific_survey":0,"_uf_disable_surveys":false,"footnotes":""},"categories":[1390,1401,976],"tags":[1942,1545,277,565],"class_list":["post-75509","post","type-post","status-publish","format-standard","has-post-thumbnail","hentry","category-editorias","category-nacional","category-noticias-em-destaque","tag-centro-integrado-de-educacao-publica","tag-cieps","tag-darcy-ribeiro","tag-leonel-brizola"],"acf":[],"_links":{"self":[{"href":"https:\/\/pdt-rj.org.br\/index.php\/wp-json\/wp\/v2\/posts\/75509","targetHints":{"allow":["GET"]}}],"collection":[{"href":"https:\/\/pdt-rj.org.br\/index.php\/wp-json\/wp\/v2\/posts"}],"about":[{"href":"https:\/\/pdt-rj.org.br\/index.php\/wp-json\/wp\/v2\/types\/post"}],"author":[{"embeddable":true,"href":"https:\/\/pdt-rj.org.br\/index.php\/wp-json\/wp\/v2\/users\/17"}],"replies":[{"embeddable":true,"href":"https:\/\/pdt-rj.org.br\/index.php\/wp-json\/wp\/v2\/comments?post=75509"}],"version-history":[{"count":2,"href":"https:\/\/pdt-rj.org.br\/index.php\/wp-json\/wp\/v2\/posts\/75509\/revisions"}],"predecessor-version":[{"id":75520,"href":"https:\/\/pdt-rj.org.br\/index.php\/wp-json\/wp\/v2\/posts\/75509\/revisions\/75520"}],"wp:featuredmedia":[{"embeddable":true,"href":"https:\/\/pdt-rj.org.br\/index.php\/wp-json\/wp\/v2\/media\/75511"}],"wp:attachment":[{"href":"https:\/\/pdt-rj.org.br\/index.php\/wp-json\/wp\/v2\/media?parent=75509"}],"wp:term":[{"taxonomy":"category","embeddable":true,"href":"https:\/\/pdt-rj.org.br\/index.php\/wp-json\/wp\/v2\/categories?post=75509"},{"taxonomy":"post_tag","embeddable":true,"href":"https:\/\/pdt-rj.org.br\/index.php\/wp-json\/wp\/v2\/tags?post=75509"}],"curies":[{"name":"wp","href":"https:\/\/api.w.org\/{rel}","templated":true}]}}