{"id":75474,"date":"2021-01-22T10:38:50","date_gmt":"2021-01-22T13:38:50","guid":{"rendered":"http:\/\/pdt-rj.org.br\/?p=75474"},"modified":"2021-01-26T21:35:36","modified_gmt":"2021-01-27T00:35:36","slug":"brizola-vive-ha-99-anos","status":"publish","type":"post","link":"https:\/\/pdt-rj.org.br\/index.php\/brizola-vive-ha-99-anos\/","title":{"rendered":"Brizola vive h\u00e1 99 anos &#8211; O nacionalismo brasileiro ganhou um dos seus maiores defensores na data de hoje"},"content":{"rendered":"<p>O nacionalismo brasileiro ganhou um dos seus maiores defensores na data de hoje, h\u00e1 quase um s\u00e9culo. Leonel de Moura Brizola nasceu em Carazinho (RS), num Brasil agr\u00e1rio, na \u00e9poca em que a pol\u00edtica do caf\u00e9 com leite favorecia as elites paulista e mineira. Era 22 de janeiro de 1922.<\/p>\n<p>Ainda crian\u00e7a, Brizola viu Get\u00falio Vargas chegar ao poder pela Revolu\u00e7\u00e3o de 1930. Vivenciou uma nova era, a da industrializa\u00e7\u00e3o nacional e da valoriza\u00e7\u00e3o do trabalhador. Oriundo de fam\u00edlia humilde, trabalhou como ascensorista e zelador para manter os estudos em Porto Alegre.<\/p>\n<p>Leonel Brizola conhecia a dura realidade dos brasileiros porque viveu na pele as dificuldades do povo. Sua condi\u00e7\u00e3o o fez admirar os princ\u00edpios do Trabalhismo. A vontade de contribuir com a transforma\u00e7\u00e3o do pa\u00eds o levou ao Partido Trabalhista Brasileiro (PTB). Da\u00ed em diante, n\u00e3o parou de lutar.<\/p>\n<p>Deputado estadual, prefeito, deputado federal, tr\u00eas vezes governador, presidenci\u00e1vel, Brizola n\u00e3o parou de promover mudan\u00e7as, sobretudo na educa\u00e7\u00e3o. Lutou pela legalidade e garantiu a posse de Jango em 1961. Depois do golpe de 1964, foi arrancado do pa\u00eds pelos militares que, de um jeito ou de outro, reconheciam sua for\u00e7a pol\u00edtica junto ao povo.<\/p>\n<figure id=\"attachment_75475\" aria-describedby=\"caption-attachment-75475\" style=\"width: 868px\" class=\"wp-caption aligncenter\"><img loading=\"lazy\" decoding=\"async\" class=\"wp-image-75475 size-full\" src=\"http:\/\/pdt-rj.org.br\/wp-content\/uploads\/2021\/01\/BRIZOLA-NA-CAMPANHA-DA-LEGALIDADE.jpg\" alt=\"\" width=\"868\" height=\"600\" srcset=\"https:\/\/pdt-rj.org.br\/wp-content\/uploads\/2021\/01\/BRIZOLA-NA-CAMPANHA-DA-LEGALIDADE.jpg 868w, https:\/\/pdt-rj.org.br\/wp-content\/uploads\/2021\/01\/BRIZOLA-NA-CAMPANHA-DA-LEGALIDADE-100x69.jpg 100w, https:\/\/pdt-rj.org.br\/wp-content\/uploads\/2021\/01\/BRIZOLA-NA-CAMPANHA-DA-LEGALIDADE-300x207.jpg 300w, https:\/\/pdt-rj.org.br\/wp-content\/uploads\/2021\/01\/BRIZOLA-NA-CAMPANHA-DA-LEGALIDADE-768x531.jpg 768w, https:\/\/pdt-rj.org.br\/wp-content\/uploads\/2021\/01\/BRIZOLA-NA-CAMPANHA-DA-LEGALIDADE-130x90.jpg 130w\" sizes=\"auto, (max-width: 868px) 100vw, 868px\" \/><figcaption id=\"caption-attachment-75475\" class=\"wp-caption-text\"><em><strong>Campanha da Legalidade: Brizola convoca o povo \u00e0 resist\u00eancia via cadeias de r\u00e1dio transmitida a todo o Pa\u00eds<\/strong><\/em><\/figcaption><\/figure>\n<p>Em 1979, ap\u00f3s 15 anos de ex\u00edlio, Leonel Brizola retorna ao Brasil. Sua sede por democracia e justi\u00e7a social estava ainda mais agu\u00e7ada e amadurecida. Nascia, ent\u00e3o, o Partido Democr\u00e1tico Trabalhista (PDT), fundado por ele e seus companheiros.<\/p>\n<p>Ao lado de Darcy Ribeiro, Brizola fundou os Centros Integrados de Educa\u00e7\u00e3o P\u00fablica (Cieps), quando governador do Rio de Janeiro. Para a dupla, educa\u00e7\u00e3o era o melhor caminho para a transforma\u00e7\u00e3o social do pa\u00eds e os Cieps contemplavam seus ideais. Ensino p\u00fablico, integral e de qualidade, foi isso que eles desenvolveram.<\/p>\n<p>Brizola foi um nacionalista aguerrido, lutou pela soberania nacional e pelo povo brasileiro. Queria ver um Brasil mais justo, menos desigual, onde a elite n\u00e3o ditasse o destino da na\u00e7\u00e3o. Sua hist\u00f3ria inspira aqueles que defendem o seu legado dando continuidade \u00e0 luta trabalhista.<\/p>\n<figure id=\"attachment_75484\" aria-describedby=\"caption-attachment-75484\" style=\"width: 976px\" class=\"wp-caption aligncenter\"><img loading=\"lazy\" decoding=\"async\" class=\"wp-image-75484 size-full\" src=\"http:\/\/pdt-rj.org.br\/wp-content\/uploads\/2021\/01\/ciep.jpg\" alt=\"\" width=\"976\" height=\"550\" srcset=\"https:\/\/pdt-rj.org.br\/wp-content\/uploads\/2021\/01\/ciep.jpg 976w, https:\/\/pdt-rj.org.br\/wp-content\/uploads\/2021\/01\/ciep-100x56.jpg 100w, https:\/\/pdt-rj.org.br\/wp-content\/uploads\/2021\/01\/ciep-300x169.jpg 300w, https:\/\/pdt-rj.org.br\/wp-content\/uploads\/2021\/01\/ciep-768x433.jpg 768w, https:\/\/pdt-rj.org.br\/wp-content\/uploads\/2021\/01\/ciep-160x90.jpg 160w\" sizes=\"auto, (max-width: 976px) 100vw, 976px\" \/><figcaption id=\"caption-attachment-75484\" class=\"wp-caption-text\"><em><strong>Ciep: projeto educacional de Brizola e Darcy Ribeiro atendia crian\u00e7as e adolescentes em tempo integral com atividades extracurriculares, refei\u00e7\u00f5es e servi\u00e7o m\u00e9dico.<\/strong><\/em><\/figcaption><\/figure>\n<p>Se vivo fosse, Leonel Brizola estaria completando 99 anos. Na verdade, para o verdadeiro trabalhismo brasileiro, essa afirma\u00e7\u00e3o n\u00e3o faz o menor sentido: afinal, BRIZOLA VIVE!<\/p>\n<p>\u201cA educa\u00e7\u00e3o \u00e9 o \u00fanico caminho para emancipar o homem. Desenvolvimento sem educa\u00e7\u00e3o \u00e9 cria\u00e7\u00e3o de riquezas apenas para alguns privilegiados.\u201d<\/p>\n<p>Leonel de Moura Brizola (1922 \u2013 2004)<\/p>\n<p>&nbsp;<\/p>\n<p>&nbsp;<\/p>\n<p>&nbsp;<\/p>\n<p>&nbsp;<\/p>\n<!-- AddThis Advanced Settings generic via filter on the_content --><!-- AddThis Share Buttons generic via filter on the_content -->","protected":false},"excerpt":{"rendered":"<p>O nacionalismo brasileiro ganhou um dos seus maiores defensores na data de hoje, h\u00e1 quase um s\u00e9culo. Leonel de Moura Brizola nasceu em Carazinho (RS), num Brasil agr\u00e1rio, na \u00e9poca em que a pol\u00edtica do caf\u00e9 com leite favorecia as elites paulista e mineira. Era 22 de janeiro de 1922. Ainda crian\u00e7a, Brizola viu Get\u00falio&#8230;<!-- AddThis Advanced Settings generic via filter on wp_trim_excerpt --><!-- AddThis Share Buttons generic via filter on wp_trim_excerpt --><\/p>\n","protected":false},"author":17,"featured_media":72024,"comment_status":"closed","ping_status":"closed","sticky":false,"template":"","format":"standard","meta":{"_monsterinsights_skip_tracking":false,"_monsterinsights_sitenote_active":false,"_monsterinsights_sitenote_note":"","_monsterinsights_sitenote_category":0,"_uf_show_specific_survey":0,"_uf_disable_surveys":false,"footnotes":""},"categories":[1390,1401],"tags":[],"class_list":["post-75474","post","type-post","status-publish","format-standard","has-post-thumbnail","hentry","category-editorias","category-nacional"],"acf":[],"_links":{"self":[{"href":"https:\/\/pdt-rj.org.br\/index.php\/wp-json\/wp\/v2\/posts\/75474","targetHints":{"allow":["GET"]}}],"collection":[{"href":"https:\/\/pdt-rj.org.br\/index.php\/wp-json\/wp\/v2\/posts"}],"about":[{"href":"https:\/\/pdt-rj.org.br\/index.php\/wp-json\/wp\/v2\/types\/post"}],"author":[{"embeddable":true,"href":"https:\/\/pdt-rj.org.br\/index.php\/wp-json\/wp\/v2\/users\/17"}],"replies":[{"embeddable":true,"href":"https:\/\/pdt-rj.org.br\/index.php\/wp-json\/wp\/v2\/comments?post=75474"}],"version-history":[{"count":25,"href":"https:\/\/pdt-rj.org.br\/index.php\/wp-json\/wp\/v2\/posts\/75474\/revisions"}],"predecessor-version":[{"id":75514,"href":"https:\/\/pdt-rj.org.br\/index.php\/wp-json\/wp\/v2\/posts\/75474\/revisions\/75514"}],"wp:featuredmedia":[{"embeddable":true,"href":"https:\/\/pdt-rj.org.br\/index.php\/wp-json\/wp\/v2\/media\/72024"}],"wp:attachment":[{"href":"https:\/\/pdt-rj.org.br\/index.php\/wp-json\/wp\/v2\/media?parent=75474"}],"wp:term":[{"taxonomy":"category","embeddable":true,"href":"https:\/\/pdt-rj.org.br\/index.php\/wp-json\/wp\/v2\/categories?post=75474"},{"taxonomy":"post_tag","embeddable":true,"href":"https:\/\/pdt-rj.org.br\/index.php\/wp-json\/wp\/v2\/tags?post=75474"}],"curies":[{"name":"wp","href":"https:\/\/api.w.org\/{rel}","templated":true}]}}