{"id":75467,"date":"2021-01-21T18:34:34","date_gmt":"2021-01-21T21:34:34","guid":{"rendered":"http:\/\/pdt-rj.org.br\/?p=75467"},"modified":"2021-01-21T20:31:21","modified_gmt":"2021-01-21T23:31:21","slug":"em-sao-goncalo-rj-carlos-lupi-debate-planejamento-estrategico-e-agrega-brizola-neto","status":"publish","type":"post","link":"https:\/\/pdt-rj.org.br\/index.php\/em-sao-goncalo-rj-carlos-lupi-debate-planejamento-estrategico-e-agrega-brizola-neto\/","title":{"rendered":"Em S\u00e3o Gon\u00e7alo (RJ), Carlos Lupi debate planejamento estrat\u00e9gico e agrega Brizola Neto"},"content":{"rendered":"<div class=\"I_52qC D_FY W_6D6F\" data-test-id=\"message-view-body\">\n<div class=\"msg-body P_wpofO mq_AS\" data-test-id=\"message-view-body-content\">\n<div class=\"jb_0 X_6MGW N_6Fd5\">\n<div>\n<div id=\"yiv7622128749\">\n<p class=\"yiv7622128749p1\"><span class=\"yiv7622128749s1\">O presidente nacional do PDT, Carlos Lupi, reuniu lideran\u00e7as de S\u00e3o Gon\u00e7alo (RJ) nesta quinta-feira (21), para debater o planejamento estrat\u00e9gico para o segundo maior col\u00e9gio eleitoral do estado Rio de Janeiro. O encontro aconteceu na sede da Funda\u00e7\u00e3o Leonel Brizola \u2013 Alberto Pasqualini (FLB-AP), no Centro da cidade. Em 2021, a inciativa ganhou um refor\u00e7o: o ex-deputado federal Brizola Neto, que retornou ao partido recentemente.<\/span><\/p>\n<p class=\"yiv7622128749p1\"><span class=\"yiv7622128749s1\">Lupi destacou a import\u00e2ncia da inclus\u00e3o de metas para os pr\u00f3ximos pleitos, da viabiliza\u00e7\u00e3o da sede local e da integra\u00e7\u00e3o das for\u00e7as pol\u00edticas pedetistas.<\/span><\/p>\n<p class=\"yiv7622128749p1\"><span class=\"yiv7622128749s1\">\u201cO PDT tem uma hist\u00f3ria representativa na cidade. Desde Leonel Brizola, S\u00e3o Gon\u00e7alo reconhece o legado do nosso partido, principalmente no campo social. Com um plano de a\u00e7\u00e3o balizado em metas e resultados, avan\u00e7aremos fortalecidos\u201d, disse Lupi, que tamb\u00e9m preside o diret\u00f3rio estadual.<\/span><\/p>\n<p class=\"yiv7622128749p1\"><span class=\"yiv7622128749s1\">\u201cDiante da necessidade de preserva\u00e7\u00e3o de direitos democr\u00e1ticos e do constante enfrentamento de Bolsonaro e seus representantes, estamos somando esfor\u00e7os para garantir uma atua\u00e7\u00e3o vigilante e propositiva ao lado do povo\u201d, acrescentou, ao lado de Brizola Neto.<\/span><\/p>\n<p class=\"yiv7622128749p1\"><span class=\"yiv7622128749s1\">O encontro contou ainda com as presen\u00e7as do presidente municipal da sigla, Marlos Costa, que foi candidato a vice-prefeito na chapa de Dimas Gadelha na \u00faltima elei\u00e7\u00e3o, dos ex-vereadores, Henrique Porto e Miguel Moraes, entre outros membros do diret\u00f3rio municipal.<\/span><\/p>\n<\/div>\n<\/div>\n<\/div>\n<\/div>\n<div class=\"jb_0 X_6MGW N_6Fd5\"><\/div>\n<\/div>\n<div class=\"H_7jIs D_F ab_C Q_69H5 E_36RhU\" data-test-id=\"toolbar-hover-area\">\n<div class=\"D_F W_6D6F r_BN gl_C\" data-test-id=\"card-toolbar\"><\/div>\n<\/div>\n<!-- AddThis Advanced Settings generic via filter on the_content --><!-- AddThis Share Buttons generic via filter on the_content -->","protected":false},"excerpt":{"rendered":"<p>O presidente nacional do PDT, Carlos Lupi, reuniu lideran\u00e7as de S\u00e3o Gon\u00e7alo (RJ) nesta quinta-feira (21), para debater o planejamento estrat\u00e9gico para o segundo maior col\u00e9gio eleitoral do estado Rio de Janeiro. O encontro aconteceu na sede da Funda\u00e7\u00e3o Leonel Brizola \u2013 Alberto Pasqualini (FLB-AP), no Centro da cidade. Em 2021, a inciativa ganhou um&#8230;<!-- AddThis Advanced Settings generic via filter on wp_trim_excerpt --><!-- AddThis Share Buttons generic via filter on wp_trim_excerpt --><\/p>\n","protected":false},"author":17,"featured_media":75468,"comment_status":"closed","ping_status":"closed","sticky":false,"template":"","format":"standard","meta":{"_monsterinsights_skip_tracking":false,"_monsterinsights_sitenote_active":false,"_monsterinsights_sitenote_note":"","_monsterinsights_sitenote_category":0,"_uf_show_specific_survey":0,"_uf_disable_surveys":false,"footnotes":""},"categories":[1401,976],"tags":[],"class_list":["post-75467","post","type-post","status-publish","format-standard","has-post-thumbnail","hentry","category-nacional","category-noticias-em-destaque"],"acf":[],"_links":{"self":[{"href":"https:\/\/pdt-rj.org.br\/index.php\/wp-json\/wp\/v2\/posts\/75467","targetHints":{"allow":["GET"]}}],"collection":[{"href":"https:\/\/pdt-rj.org.br\/index.php\/wp-json\/wp\/v2\/posts"}],"about":[{"href":"https:\/\/pdt-rj.org.br\/index.php\/wp-json\/wp\/v2\/types\/post"}],"author":[{"embeddable":true,"href":"https:\/\/pdt-rj.org.br\/index.php\/wp-json\/wp\/v2\/users\/17"}],"replies":[{"embeddable":true,"href":"https:\/\/pdt-rj.org.br\/index.php\/wp-json\/wp\/v2\/comments?post=75467"}],"version-history":[{"count":1,"href":"https:\/\/pdt-rj.org.br\/index.php\/wp-json\/wp\/v2\/posts\/75467\/revisions"}],"predecessor-version":[{"id":75469,"href":"https:\/\/pdt-rj.org.br\/index.php\/wp-json\/wp\/v2\/posts\/75467\/revisions\/75469"}],"wp:featuredmedia":[{"embeddable":true,"href":"https:\/\/pdt-rj.org.br\/index.php\/wp-json\/wp\/v2\/media\/75468"}],"wp:attachment":[{"href":"https:\/\/pdt-rj.org.br\/index.php\/wp-json\/wp\/v2\/media?parent=75467"}],"wp:term":[{"taxonomy":"category","embeddable":true,"href":"https:\/\/pdt-rj.org.br\/index.php\/wp-json\/wp\/v2\/categories?post=75467"},{"taxonomy":"post_tag","embeddable":true,"href":"https:\/\/pdt-rj.org.br\/index.php\/wp-json\/wp\/v2\/tags?post=75467"}],"curies":[{"name":"wp","href":"https:\/\/api.w.org\/{rel}","templated":true}]}}