{"id":75451,"date":"2021-01-21T14:31:11","date_gmt":"2021-01-21T17:31:11","guid":{"rendered":"http:\/\/pdt-rj.org.br\/?p=75451"},"modified":"2021-01-21T14:35:49","modified_gmt":"2021-01-21T17:35:49","slug":"sob-gestao-da-pedetista-fernanda-ontiveros-japeri-rj-promove-vacinacao-prioritaria-contra-covid-19","status":"publish","type":"post","link":"https:\/\/pdt-rj.org.br\/index.php\/sob-gestao-da-pedetista-fernanda-ontiveros-japeri-rj-promove-vacinacao-prioritaria-contra-covid-19\/","title":{"rendered":"Sob gest\u00e3o da pedetista Fernanda Ontiveros, Japeri (RJ) promove vacina\u00e7\u00e3o priorit\u00e1ria contra Covid-19"},"content":{"rendered":"<p class=\"yiv0953415959MsoNormal\"><em><strong>Viabilizada pela Prefeitura, CoronaVac \u00e9 aplicada prioritariamente em profissionais de sa\u00fade e idosos<\/strong><\/em><\/p>\n<p class=\"yiv0953415959MsoNormal\">\u00c0s 8h06 desta quarta-feira (20), a primeira dose da CoronaVac foi aplicada em Japeri, cidade da Baixada Fluminense do Rio de Janeiro. Viabilizada pela prefeitura gerida pela pedetista Fernanda Ontiveros, a prote\u00e7\u00e3o contra o coronav\u00edrus foi aplicada em Ruth Valentim (56) \u2013 funcion\u00e1ria da rede municipal de sa\u00fade \u2013 na Unidade Mista de Engenheiro Pedreira, no bairro Mucaj\u00e1.<\/p>\n<p class=\"yiv0953415959MsoNormal\">\u201c\u00c9 a esperan\u00e7a, a vit\u00f3ria do SUS, do cuidado, da vida, que sempre vai prevalecer\u201d, afirmou a servidora, que atua h\u00e1 mais de 30 anos na \u00e1rea.<\/p>\n<p class=\"yiv0953415959MsoNormal\">Na sequ\u00eancia, foi a vez de Luiza Oliveira (81), moradora do bairro Senhor do Bonfim. A idosa teve a oportunidade de receber uma das 3.400 doses que o munic\u00edpio recebeu do governo do estado, em parceria com a Uni\u00e3o.<\/p>\n<p class=\"yiv0953415959MsoNormal\">\u201cEu s\u00f3 tenho a agradecer por mim, mas pelos jovens, que v\u00e3o precisar tamb\u00e9m tomar essa vacina\u201d, disse.<\/p>\n<p class=\"yiv0953415959MsoNormal\">Ao valorizar o in\u00edcio da campanha p\u00fablica, Fernanda Ontiveros, que \u00e9 m\u00e9dica e rec\u00e9m-eleita, ressaltou a satisfa\u00e7\u00e3o e o comprometimento com a prote\u00e7\u00e3o da popula\u00e7\u00e3o e o enfrentamento do coronav\u00edrus.<\/p>\n<p class=\"yiv0953415959MsoNormal\">\u201cA felicidade \u00e9 dupla. Como m\u00e9dica, estava na linha de frente, antes mesmo da candidatura. E hoje, como gestora, a gente sabe da nossa responsabilidade de executar, pois estamos na ponta. \u00c9 muito fundamental, nesse processo, a atua\u00e7\u00e3o para fazer chegar a vacina\u00e7\u00e3o aos moradores da nossa cidade\u201d, explicou, ao lado do secret\u00e1rio municipal de Sa\u00fade, Francisco Nacelio.<\/p>\n<p class=\"yiv0953415959MsoNormal\">A prefeita destacou ainda a estrutura\u00e7\u00e3o da secretaria de Sa\u00fade, que promover\u00e1 atendimentos nas unidades municipais, bem como em resid\u00eancias.<\/p>\n<p class=\"yiv0953415959MsoNormal\">\u201cEstamos com equipes volantes e nos dois postos, aqui, em Engenheiro Pedreira, e no Centro de Japeri\u201d, relatou, ao completar: \u201cJunto com a aten\u00e7\u00e3o b\u00e1sica, vamos tamb\u00e9m vacinar os pacientes em casa, incluindo o p\u00fablico de idosos acima de 75 anos.\u201d<\/p>\n<p class=\"yiv0953415959MsoNormal\"><strong>Dados<\/strong><\/p>\n<p class=\"yiv0953415959MsoNormal\">Para se vacinar, \u00e9 preciso apresentar documento de identifica\u00e7\u00e3o com foto, CPF e cart\u00e3o do Sistema \u00danico de Sa\u00fade (SUS). No caso de profissionais de sa\u00fade, identidade profissional, cart\u00e3o do SUS e CPF.<\/p>\n<p class=\"yiv0953415959MsoNormal\">Confira a reportagem exibida na Record TV:<\/p>\n<p class=\"yiv0953415959MsoNormal\"><a href=\"https:\/\/www.facebook.com\/drafernandaontiveros12\/videos\/927032767832263\" target=\"_blank\" rel=\"nofollow noopener noreferrer\">https:\/\/www.facebook.com\/drafernandaontiveros12\/videos\/927032767832263<\/a><\/p>\n<p>&nbsp;<\/p>\n<p class=\"yiv0953415959MsoNormal\"><i>*Com informa\u00e7\u00f5es da prefeitura de Japeri.<\/i><\/p>\n<!-- AddThis Advanced Settings generic via filter on the_content --><!-- AddThis Share Buttons generic via filter on the_content -->","protected":false},"excerpt":{"rendered":"<p>Viabilizada pela Prefeitura, CoronaVac \u00e9 aplicada prioritariamente em profissionais de sa\u00fade e idosos \u00c0s 8h06 desta quarta-feira (20), a primeira dose da CoronaVac foi aplicada em Japeri, cidade da Baixada Fluminense do Rio de Janeiro. Viabilizada pela prefeitura gerida pela pedetista Fernanda Ontiveros, a prote\u00e7\u00e3o contra o coronav\u00edrus foi aplicada em Ruth Valentim (56) \u2013&#8230;<!-- AddThis Advanced Settings generic via filter on wp_trim_excerpt --><!-- AddThis Share Buttons generic via filter on wp_trim_excerpt --><\/p>\n","protected":false},"author":17,"featured_media":75452,"comment_status":"closed","ping_status":"closed","sticky":false,"template":"","format":"standard","meta":{"_monsterinsights_skip_tracking":false,"_monsterinsights_sitenote_active":false,"_monsterinsights_sitenote_note":"","_monsterinsights_sitenote_category":0,"_uf_show_specific_survey":0,"_uf_disable_surveys":false,"footnotes":""},"categories":[1390],"tags":[3935,4250,4251,1340,900],"class_list":["post-75451","post","type-post","status-publish","format-standard","has-post-thumbnail","hentry","category-editorias","tag-coronavac","tag-fernanda-ontiveros","tag-japeri-rj","tag-sistema-unico-de-saude","tag-sus"],"acf":[],"_links":{"self":[{"href":"https:\/\/pdt-rj.org.br\/index.php\/wp-json\/wp\/v2\/posts\/75451","targetHints":{"allow":["GET"]}}],"collection":[{"href":"https:\/\/pdt-rj.org.br\/index.php\/wp-json\/wp\/v2\/posts"}],"about":[{"href":"https:\/\/pdt-rj.org.br\/index.php\/wp-json\/wp\/v2\/types\/post"}],"author":[{"embeddable":true,"href":"https:\/\/pdt-rj.org.br\/index.php\/wp-json\/wp\/v2\/users\/17"}],"replies":[{"embeddable":true,"href":"https:\/\/pdt-rj.org.br\/index.php\/wp-json\/wp\/v2\/comments?post=75451"}],"version-history":[{"count":4,"href":"https:\/\/pdt-rj.org.br\/index.php\/wp-json\/wp\/v2\/posts\/75451\/revisions"}],"predecessor-version":[{"id":75456,"href":"https:\/\/pdt-rj.org.br\/index.php\/wp-json\/wp\/v2\/posts\/75451\/revisions\/75456"}],"wp:featuredmedia":[{"embeddable":true,"href":"https:\/\/pdt-rj.org.br\/index.php\/wp-json\/wp\/v2\/media\/75452"}],"wp:attachment":[{"href":"https:\/\/pdt-rj.org.br\/index.php\/wp-json\/wp\/v2\/media?parent=75451"}],"wp:term":[{"taxonomy":"category","embeddable":true,"href":"https:\/\/pdt-rj.org.br\/index.php\/wp-json\/wp\/v2\/categories?post=75451"},{"taxonomy":"post_tag","embeddable":true,"href":"https:\/\/pdt-rj.org.br\/index.php\/wp-json\/wp\/v2\/tags?post=75451"}],"curies":[{"name":"wp","href":"https:\/\/api.w.org\/{rel}","templated":true}]}}