{"id":75445,"date":"2021-01-21T13:47:15","date_gmt":"2021-01-21T16:47:15","guid":{"rendered":"http:\/\/pdt-rj.org.br\/?p=75445"},"modified":"2021-01-21T14:41:32","modified_gmt":"2021-01-21T17:41:32","slug":"liderada-por-jose-bonifacio-vacinacao-contra-covid-19-comeca-em-cabo-frio-rj","status":"publish","type":"post","link":"https:\/\/pdt-rj.org.br\/index.php\/liderada-por-jose-bonifacio-vacinacao-contra-covid-19-comeca-em-cabo-frio-rj\/","title":{"rendered":"Liderada por Jos\u00e9 Bonif\u00e1cio, vacina\u00e7\u00e3o contra Covid-19 come\u00e7a em Cabo Frio (RJ)"},"content":{"rendered":"<p class=\"yiv3832303003MsoNormal\"><em><b>Enfermeira do Hospital S\u00e3o Jos\u00e9 Oper\u00e1rio foi a primeira a ser imunizada nesta quarta-feira (20)<\/b><\/em><\/p>\n<p class=\"yiv3832303003MsoNormal\">O prefeito de Cabo Frio (RJ), Jos\u00e9 Bonif\u00e1cio (PDT), liderou, nesta quarta-feira (20), o come\u00e7o da vacina\u00e7\u00e3o contra a Covid-19. A enfermeira Teresinha Correia da Silva, de 51 anos, servidora do centro cir\u00fargico do Hospital Municipal S\u00e3o Jos\u00e9 Oper\u00e1rio, foi a primeira beneficiada com a CoronaVac.<\/p>\n<p class=\"yiv3832303003MsoNormal\">Com o in\u00edcio da campanha, a estimativa da Coordena\u00e7\u00e3o de Imuniza\u00e7\u00e3o da Secretaria de Sa\u00fade de Cabo Frio<i> <\/i>\u00e9 de que, at\u00e9 a pr\u00f3xima sexta-feira (22), todas as 2.533 doses j\u00e1 tenham sido aplicadas nos profissionais da linha de frente da sa\u00fade e nos idosos residentes em institui\u00e7\u00f5es de longa perman\u00eancia.<\/p>\n<p class=\"yiv3832303003MsoNormal\">\u201cA Teresinha recebeu a primeira dose da vacina contra o Coronav\u00edrus em Cabo Frio. Mulher, negra e enfermeira h\u00e1 28 anos. Viva a vida! Viva o SUS!\u201d, celebrou Jos\u00e9 Bonif\u00e1cio.<\/p>\n<p class=\"yiv3832303003MsoNormal\">A enfermeira relatou a emo\u00e7\u00e3o por representar os demais profissionais, que est\u00e3o atuando intensamente durante toda a pandemia, bem como a confian\u00e7a na vacina do Instituto Butantan.<\/p>\n<p class=\"yiv3832303003MsoNormal\">&#8221; N\u00f3s, profissionais de sa\u00fade, estamos sofrendo muito nesta pandemia. Perdemos colegas, tivemos nossas vidas alteradas no trabalho e dentro de casa. Esperamos que isso acabe logo. Sem d\u00favidas, a vacina nos traz esperan\u00e7a. Ela \u00e9 segura e todos devem tomar. Somente assim iremos nos livrar dessa doen\u00e7a&#8221;, afirmou Teresinha ap\u00f3s receber a vacina.<\/p>\n<p class=\"yiv3832303003MsoNormal\">A primeira remessa de imunizantes, integrantes da Fase 1, ser\u00e1 aplicada em esquema volante. Equipes est\u00e3o visitando unidades de sa\u00fade e institui\u00e7\u00f5es de longa perman\u00eancia para proteger os grupos priorit\u00e1rios com urg\u00eancia.<\/p>\n<p class=\"yiv3832303003MsoNormal\">Entre as unidades p\u00fablicas de sa\u00fade beneficiadas, est\u00e3o os hospitais municipais S\u00e3o Jos\u00e9, da Mulher, Central de Emerg\u00eancia e Otime Cardoso dos Santos, bem como as UPAs do Parque Burle e de Tamoios.<\/p>\n<p class=\"yiv3832303003MsoNormal\">Os espa\u00e7os particulares, que tamb\u00e9m realizam atendimento contra o coronav\u00edrus, est\u00e3o inclu\u00eddos no cronograma priorit\u00e1rio para receber doses. Entre eles, os hospitais Santa Izabel e Clinerp. J\u00e1 as institui\u00e7\u00f5es de longa perman\u00eancia de idosos atendidas ser\u00e3o o Lar da Cidinha e a Pousada Iza Jansson.<\/p>\n<p class=\"yiv3832303003MsoNormal\">Ao todo, 25 profissionais, entre enfermeiros, t\u00e9cnicos de enfermagem e servidores administrativos da Secretaria de Sa\u00fade, v\u00e3o aplicar as doses no p\u00fablico priorit\u00e1rio definido pelo Minist\u00e9rio da Sa\u00fade, que considera os presentes, principalmente, em unidades de pacientes graves, como unidades intensivas e semi-intensivas, e em emerg\u00eancias.<\/p>\n<p class=\"yiv3832303003MsoNormal\"><strong>Idosos beneficiados<\/strong><\/p>\n<p class=\"yiv3832303003MsoNormal\">Ao longo do dia, a Prefeitura ainda vacinou todos os residentes e a equipe da Institui\u00e7\u00e3o de Longa Perman\u00eancia para Idosos (ILPI) Maria de Carvalho Gallo, o &#8220;Lar da Cidinha&#8221;. Ao todo, 18 idosos receberam a primeira dose da vacina, al\u00e9m de 41 funcion\u00e1rios que trabalham no local.<\/p>\n<p>Mam\u00e9dia de Figueiredo, de 92 anos, recebeu a primeira aplica\u00e7\u00e3o e fez quest\u00e3o de destacar a import\u00e2ncia da CoronaVac.<\/p>\n<p class=\"yiv3832303003MsoNormal\">&#8220;\u00c9 muito bom estar imunizada. N\u00e3o senti nada, somente a tranquilidade de estar cada vez mais longe do v\u00edrus e da doen\u00e7a&#8221;, comemorou.<\/p>\n<figure id=\"attachment_75457\" aria-describedby=\"caption-attachment-75457\" style=\"width: 736px\" class=\"wp-caption aligncenter\"><img loading=\"lazy\" decoding=\"async\" class=\"wp-image-75457\" src=\"http:\/\/pdt-rj.org.br\/wp-content\/uploads\/2021\/01\/30ee409d-dd62-4b5a-b533-779dccb9da8e-1024x819.jpg\" alt=\"\" width=\"736\" height=\"583\" srcset=\"https:\/\/pdt-rj.org.br\/wp-content\/uploads\/2021\/01\/30ee409d-dd62-4b5a-b533-779dccb9da8e-100x80.jpg 100w, https:\/\/pdt-rj.org.br\/wp-content\/uploads\/2021\/01\/30ee409d-dd62-4b5a-b533-779dccb9da8e-113x90.jpg 113w\" sizes=\"auto, (max-width: 736px) 100vw, 736px\" \/><figcaption id=\"caption-attachment-75457\" class=\"wp-caption-text\"><em><strong>A enfermeira Mam\u00e9dia de Figueiredo, de 92 anos, fez quest\u00e3o de destacar a import\u00e2ncia da CoronaVac<\/strong><\/em><\/figcaption><\/figure>\n<p class=\"yiv3832303003MsoNormal\">Para a secret\u00e1ria municipal da Melhor Idade, Delamar Sant\u2019Anna, a vacina\u00e7\u00e3o dos idosos \u00e9 essencial, pois resguarda uma fatia da popula\u00e7\u00e3o mais vulner\u00e1vel.<\/p>\n<p class=\"yiv3832303003MsoNormal\">&#8220;A Covid-19 \u00e9 uma doen\u00e7a implac\u00e1vel para as pessoas mais idosas, ent\u00e3o, ver os assistidos do Lar da Cidinha vacinados j\u00e1 nesta primeira etapa \u00e9 motivo de alegria e tranquilidade&#8221;, concluiu Delamar.<\/p>\n<p>&nbsp;<\/p>\n<p class=\"yiv3832303003MsoNormal\"><i>*Com informa\u00e7\u00f5es da prefeitura de Cabo Frio.<\/i><\/p>\n<!-- AddThis Advanced Settings generic via filter on the_content --><!-- AddThis Share Buttons generic via filter on the_content -->","protected":false},"excerpt":{"rendered":"<p>Enfermeira do Hospital S\u00e3o Jos\u00e9 Oper\u00e1rio foi a primeira a ser imunizada nesta quarta-feira (20) O prefeito de Cabo Frio (RJ), Jos\u00e9 Bonif\u00e1cio (PDT), liderou, nesta quarta-feira (20), o come\u00e7o da vacina\u00e7\u00e3o contra a Covid-19. A enfermeira Teresinha Correia da Silva, de 51 anos, servidora do centro cir\u00fargico do Hospital Municipal S\u00e3o Jos\u00e9 Oper\u00e1rio, foi&#8230;<!-- AddThis Advanced Settings generic via filter on wp_trim_excerpt --><!-- AddThis Share Buttons generic via filter on wp_trim_excerpt --><\/p>\n","protected":false},"author":17,"featured_media":75446,"comment_status":"closed","ping_status":"closed","sticky":false,"template":"","format":"standard","meta":{"_monsterinsights_skip_tracking":false,"_monsterinsights_sitenote_active":false,"_monsterinsights_sitenote_note":"","_monsterinsights_sitenote_category":0,"_uf_show_specific_survey":0,"_uf_disable_surveys":false,"footnotes":""},"categories":[1390],"tags":[4129],"class_list":["post-75445","post","type-post","status-publish","format-standard","has-post-thumbnail","hentry","category-editorias","tag-cabo-frio-rj"],"acf":[],"_links":{"self":[{"href":"https:\/\/pdt-rj.org.br\/index.php\/wp-json\/wp\/v2\/posts\/75445","targetHints":{"allow":["GET"]}}],"collection":[{"href":"https:\/\/pdt-rj.org.br\/index.php\/wp-json\/wp\/v2\/posts"}],"about":[{"href":"https:\/\/pdt-rj.org.br\/index.php\/wp-json\/wp\/v2\/types\/post"}],"author":[{"embeddable":true,"href":"https:\/\/pdt-rj.org.br\/index.php\/wp-json\/wp\/v2\/users\/17"}],"replies":[{"embeddable":true,"href":"https:\/\/pdt-rj.org.br\/index.php\/wp-json\/wp\/v2\/comments?post=75445"}],"version-history":[{"count":5,"href":"https:\/\/pdt-rj.org.br\/index.php\/wp-json\/wp\/v2\/posts\/75445\/revisions"}],"predecessor-version":[{"id":75459,"href":"https:\/\/pdt-rj.org.br\/index.php\/wp-json\/wp\/v2\/posts\/75445\/revisions\/75459"}],"wp:featuredmedia":[{"embeddable":true,"href":"https:\/\/pdt-rj.org.br\/index.php\/wp-json\/wp\/v2\/media\/75446"}],"wp:attachment":[{"href":"https:\/\/pdt-rj.org.br\/index.php\/wp-json\/wp\/v2\/media?parent=75445"}],"wp:term":[{"taxonomy":"category","embeddable":true,"href":"https:\/\/pdt-rj.org.br\/index.php\/wp-json\/wp\/v2\/categories?post=75445"},{"taxonomy":"post_tag","embeddable":true,"href":"https:\/\/pdt-rj.org.br\/index.php\/wp-json\/wp\/v2\/tags?post=75445"}],"curies":[{"name":"wp","href":"https:\/\/api.w.org\/{rel}","templated":true}]}}