{"id":75436,"date":"2021-01-20T23:35:14","date_gmt":"2021-01-21T02:35:14","guid":{"rendered":"http:\/\/pdt-rj.org.br\/?p=75436"},"modified":"2021-01-22T13:58:27","modified_gmt":"2021-01-22T16:58:27","slug":"oposicao-unida-pelo-impeachment-pela-vacina-e-pela-renda-emergencial","status":"publish","type":"post","link":"https:\/\/pdt-rj.org.br\/index.php\/oposicao-unida-pelo-impeachment-pela-vacina-e-pela-renda-emergencial\/","title":{"rendered":"Oposi\u00e7\u00e3o Unida: pelo impeachment, pela vacina e pela renda emergencial"},"content":{"rendered":"<p style=\"text-align: center;\"><strong>NOTA DOS PARTIDOS DA MINORIA E OPOSI\u00c7\u00c3O<\/strong><\/p>\n<p style=\"text-align: center;\">OPOSI\u00c7\u00c3O UNIDA: Pelo impeachment, pela vacina e pela renda emergencial!<\/p>\n<p>Em reuni\u00e3o realizada na tarde desta quarta-feira (20), a Lideran\u00e7a da Minoria, da Oposi\u00e7\u00e3o, lideran\u00e7as partid\u00e1rias na C\u00e2mara (PT, PSB, PDT, PSOL, PCdoB, e Rede) e os presidentes nacionais desses partidos definiram a linha de a\u00e7\u00e3o frente ao agravamento da crise no Brasil, marcada pela incapacidade do governo Bolsonaro em conter a pandemia, a falta de um plano de vacina\u00e7\u00e3o e a crise econ\u00f4mica e social que est\u00e1 sendo agravada pelo fim do aux\u00edlio emergencial.<\/p>\n<p>1. Fortaleceremos a Plen\u00e1ria Nacional de Organiza\u00e7\u00e3o de Lutas Populares, com tr\u00eas pontos principais: vacina para todos, renda emergencial e imediata abertura do impeachment de Bolsonaro, organizada pelas Frentes Brasil Popular e Povo Sem Medo.<\/p>\n<p>2. Protocolaremos um novo pedido de impeachment motivado pela quest\u00e3o sanit\u00e1ria, na omiss\u00e3o e na responsabilidade do governo Bolsonaro com na pandemia, que ficou mais evidente com as mortes e a falta de oxig\u00eanio em Manaus e outras cidades.<\/p>\n<p>3. Realizaremos na pr\u00f3xima ter\u00e7a-feira (26), \u00e0s 14h, um* ato no Sal\u00e3o Verde pedindo a volta imediata dos trabalhos no Congresso Nacional*. O Congresso n\u00e3o pode parar frente ao agravamento da crise no pa\u00eds.<\/p>\n<p>4. Refor\u00e7amos o pedido de CPMI para investigar o fiasco da gest\u00e3o de Eduardo Pazuello \u00e0 frente do Minist\u00e9rio da Sa\u00fade, que se omitiu no per\u00edodo mais cr\u00edtico da sa\u00fade brasileira.<\/p>\n<p>5. Na pr\u00f3xima quarta-feira (27), realizaremos uma reuni\u00e3o com sindicatos que participam da mobiliza\u00e7\u00e3o sobre a grave decis\u00e3o de sa\u00edda da Ford do Brasil, que atingiu fortemente os estados da Bahia, Cear\u00e1 e S\u00e3o Paulo. O Brasil precisa voltar a criar empregos!<\/p>\n<p>6. Frente \u00e0 lament\u00e1vel gest\u00e3o diplom\u00e1tica do governo Bolsonaro, enviaremos <a href=\"http:\/\/pdt-rj.org.br\/wp-content\/uploads\/2021\/01\/Of\u00edcio-Embaixada-da-China.pdf\">uma carta \u00e0 embaixada da China<\/a> solicitando uma reuni\u00e3o com o embaixador na pr\u00f3xima semana. O objetivo \u00e9 viabilizar os insumos necess\u00e1rios para o enfrentamento \u00e0 pandemia.<\/p>\n<p>\u201cPara enfrentar a grave crise vivida pelo nosso pa\u00eds, a oposi\u00e7\u00e3o precisa estar unida, construindo a resist\u00eancia e a mobiliza\u00e7\u00e3o pelo impeachment j\u00e1\u201d, afirma Jos\u00e9 Guimar\u00e3es (PT-CE), l\u00edder da Minoria, que coordenou a reuni\u00e3o.<\/p>\n<p>&nbsp;<\/p>\n<p style=\"text-align: center;\">Bras\u00edlia, 20 de Janeiro de 2021.<\/p>\n<p style=\"text-align: center;\">Jos\u00e9 Guimar\u00e3es<br \/>\nL\u00edder da Minoria na C\u00e2mara dos Deputados<br \/>\nAndr\u00e9 Figueiredo<br \/>\nL\u00edder da Oposi\u00e7\u00e3o na C\u00e2mara dos Deputados<br \/>\nCarlos Zarattini<br \/>\nL\u00edder da Minoria no Congresso Nacional<br \/>\nEnio Verri<br \/>\nL\u00edder da Bancada do PT na C\u00e2mara dos Deputados<br \/>\nAlessandro Molon<br \/>\nL\u00edder da Bancada do PSB na C\u00e2mara dos Deputados<br \/>\nWolney Queiroz<br \/>\nL\u00edder da Bancada do PDT na C\u00e2mara dos Deputados<br \/>\nS\u00e2mia Bomfim<br \/>\nL\u00edder da Bancada do PSOL na C\u00e2mara dos Deputados<br \/>\nPerpetua Almeida<br \/>\nL\u00edder da Bancada do PCdoB na C\u00e2mara dos Deputados<br \/>\nJo\u00eania Wapichana<br \/>\nRepresentante da REDE na C\u00e2mara dos Deputados<br \/>\nGleisi Hoffman<br \/>\nPresidente do Partido dos Trabalhadores (PT)<br \/>\nCarlos Siqueira<br \/>\nPresidente do Partido Socialista Brasileiro (PSB)<br \/>\nCarlos Lupi<br \/>\nPresidente do Partido Democr\u00e1tico Trabalhista (PDT)<br \/>\nJuliano Medeiros<br \/>\nPresidente do Partido Socialismo e Liberdade (PSOL)<br \/>\nLuciana Santos<br \/>\nPresidente do Partido Comunista do Brasil (PCdoB)<br \/>\nPedro Ivo<br \/>\nPresidente da Rede Sustentabilidade (REDE)<\/p>\n<p>&nbsp;<\/p>\n<p><strong>Leia <a href=\"http:\/\/pdt-rj.org.br\/wp-content\/uploads\/2021\/01\/Of\u00edcio-Embaixada-da-China.pdf\">qui<\/a> a \u00edntegra da carta enviada \u00e0 embaixada da China.<\/strong><\/p>\n<!-- AddThis Advanced Settings generic via filter on the_content --><!-- AddThis Share Buttons generic via filter on the_content -->","protected":false},"excerpt":{"rendered":"<p>NOTA DOS PARTIDOS DA MINORIA E OPOSI\u00c7\u00c3O OPOSI\u00c7\u00c3O UNIDA: Pelo impeachment, pela vacina e pela renda emergencial! Em reuni\u00e3o realizada na tarde desta quarta-feira (20), a Lideran\u00e7a da Minoria, da Oposi\u00e7\u00e3o, lideran\u00e7as partid\u00e1rias na C\u00e2mara (PT, PSB, PDT, PSOL, PCdoB, e Rede) e os presidentes nacionais desses partidos definiram a linha de a\u00e7\u00e3o frente ao&#8230;<!-- AddThis Advanced Settings generic via filter on wp_trim_excerpt --><!-- AddThis Share Buttons generic via filter on wp_trim_excerpt --><\/p>\n","protected":false},"author":17,"featured_media":75437,"comment_status":"closed","ping_status":"closed","sticky":false,"template":"","format":"standard","meta":{"_monsterinsights_skip_tracking":false,"_monsterinsights_sitenote_active":false,"_monsterinsights_sitenote_note":"","_monsterinsights_sitenote_category":0,"_uf_show_specific_survey":0,"_uf_disable_surveys":false,"footnotes":""},"categories":[975,976],"tags":[],"class_list":["post-75436","post","type-post","status-publish","format-standard","has-post-thumbnail","hentry","category-manchete","category-noticias-em-destaque"],"acf":[],"_links":{"self":[{"href":"https:\/\/pdt-rj.org.br\/index.php\/wp-json\/wp\/v2\/posts\/75436","targetHints":{"allow":["GET"]}}],"collection":[{"href":"https:\/\/pdt-rj.org.br\/index.php\/wp-json\/wp\/v2\/posts"}],"about":[{"href":"https:\/\/pdt-rj.org.br\/index.php\/wp-json\/wp\/v2\/types\/post"}],"author":[{"embeddable":true,"href":"https:\/\/pdt-rj.org.br\/index.php\/wp-json\/wp\/v2\/users\/17"}],"replies":[{"embeddable":true,"href":"https:\/\/pdt-rj.org.br\/index.php\/wp-json\/wp\/v2\/comments?post=75436"}],"version-history":[{"count":4,"href":"https:\/\/pdt-rj.org.br\/index.php\/wp-json\/wp\/v2\/posts\/75436\/revisions"}],"predecessor-version":[{"id":75519,"href":"https:\/\/pdt-rj.org.br\/index.php\/wp-json\/wp\/v2\/posts\/75436\/revisions\/75519"}],"wp:featuredmedia":[{"embeddable":true,"href":"https:\/\/pdt-rj.org.br\/index.php\/wp-json\/wp\/v2\/media\/75437"}],"wp:attachment":[{"href":"https:\/\/pdt-rj.org.br\/index.php\/wp-json\/wp\/v2\/media?parent=75436"}],"wp:term":[{"taxonomy":"category","embeddable":true,"href":"https:\/\/pdt-rj.org.br\/index.php\/wp-json\/wp\/v2\/categories?post=75436"},{"taxonomy":"post_tag","embeddable":true,"href":"https:\/\/pdt-rj.org.br\/index.php\/wp-json\/wp\/v2\/tags?post=75436"}],"curies":[{"name":"wp","href":"https:\/\/api.w.org\/{rel}","templated":true}]}}