{"id":75417,"date":"2021-01-19T23:25:19","date_gmt":"2021-01-20T02:25:19","guid":{"rendered":"http:\/\/pdt-rj.org.br\/?p=75417"},"modified":"2021-01-20T23:35:52","modified_gmt":"2021-01-21T02:35:52","slug":"pdt-aciona-stf-contra-voto-presencial-obrigatorio-na-camara","status":"publish","type":"post","link":"https:\/\/pdt-rj.org.br\/index.php\/pdt-aciona-stf-contra-voto-presencial-obrigatorio-na-camara\/","title":{"rendered":"PDT aciona STF contra voto presencial obrigat\u00f3rio na C\u00e2mara"},"content":{"rendered":"<h3><em>Partido prop\u00f5e sistema h\u00edbrido \u2013 presencial e \u00e0 dist\u00e2ncia \u2013 para a elei\u00e7\u00e3o para presid\u00eancia da Casa<\/em><\/h3>\n<p>&nbsp;<\/p>\n<p>O PDT apresentou mandado de seguran\u00e7a ao Supremo Tribunal Federal (STF) para derrubar a obrigatoriedade do voto presencial na pr\u00f3xima elei\u00e7\u00e3o para a presid\u00eancia da C\u00e2mara. Para o partido, a possibilidade do voto \u00e0 dist\u00e2ncia \u00e9 fundamental para a preserva\u00e7\u00e3o da sa\u00fade de deputados e funcion\u00e1rios da Casa, sobretudo aqueles que fazem parte do grupo de risco, tendo em vista a pandemia de Covid-19.<\/p>\n<p>Na \u00faltima segunda-feira (18), a Mesa Diretora decidiu, por 4 votos a 3, que a vota\u00e7\u00e3o presencial seria obrigat\u00f3ria. De acordo com a a\u00e7\u00e3o pedetista, essa decis\u00e3o contraria o pr\u00f3prio procedimento da Casa durante a pandemia que, quando necess\u00e1rio, realizou pleitos \u00e0 dist\u00e2ncia pelo Sistema de Delibera\u00e7\u00e3o Remota (SDR).<\/p>\n<p>\u201cO SDR foi utilizado durante todo o per\u00edodo excepcional da pandemia da COVID-19, inclusive em 02 (duas) elei\u00e7\u00f5es ocorridas nesse interregno, a saber: a elei\u00e7\u00e3o para os cargos de 3\u00ba Secret\u00e1rio e 4\u00ba Suplente de Secret\u00e1rio da Mesa\u201d, argumenta o partido.<\/p>\n<p>Para a elei\u00e7\u00e3o do pr\u00f3ximo dia 1\u00ba, o PDT prop\u00f5e um sistema que ofere\u00e7a a possibilidade de votos presenciais e \u00e0 dist\u00e2ncia. O partindo quer \u201cgarantir a ado\u00e7\u00e3o de um sistema de vota\u00e7\u00e3o h\u00edbrido, em que os deputados pertencentes a grupos de risco para a COVID-19 possam ter a op\u00e7\u00e3o de votar remotamente.\u201d<\/p>\n<p>A a\u00e7\u00e3o do PDT indica ainda o pr\u00f3prio SDR como meio. \u201cA possibilidade da utiliza\u00e7\u00e3o do SDR para a vota\u00e7\u00e3o a ser realizada no dia 1\u00ba de fevereiro de 2021 ostenta o escopo de salvaguardar a sa\u00fade e a incolumidade f\u00edsica dos parlamentares e funcion\u00e1rios que fazem parte do grupo de risco\u201d, diz o documento.<\/p>\n<p>Confira a\u00e7\u00e3o abaixo.<\/p>\n<p><a href=\"http:\/\/pdt-rj.org.br\/wp-content\/uploads\/2021\/01\/PET.INICIAL.-1-Assinado.pdf\">PET.INICIAL. (1) &#8211; Assinado<\/a><\/p>\n<!-- AddThis Advanced Settings generic via filter on the_content --><!-- AddThis Share Buttons generic via filter on the_content -->","protected":false},"excerpt":{"rendered":"<p>Partido prop\u00f5e sistema h\u00edbrido \u2013 presencial e \u00e0 dist\u00e2ncia \u2013 para a elei\u00e7\u00e3o para presid\u00eancia da Casa &nbsp; O PDT apresentou mandado de seguran\u00e7a ao Supremo Tribunal Federal (STF) para derrubar a obrigatoriedade do voto presencial na pr\u00f3xima elei\u00e7\u00e3o para a presid\u00eancia da C\u00e2mara. Para o partido, a possibilidade do voto \u00e0 dist\u00e2ncia \u00e9 fundamental&#8230;<!-- AddThis Advanced Settings generic via filter on wp_trim_excerpt --><!-- AddThis Share Buttons generic via filter on wp_trim_excerpt --><\/p>\n","protected":false},"author":17,"featured_media":35478,"comment_status":"closed","ping_status":"closed","sticky":false,"template":"","format":"standard","meta":{"_monsterinsights_skip_tracking":false,"_monsterinsights_sitenote_active":false,"_monsterinsights_sitenote_note":"","_monsterinsights_sitenote_category":0,"_uf_show_specific_survey":0,"_uf_disable_surveys":false,"footnotes":""},"categories":[975,976],"tags":[183,344,38,28],"class_list":["post-75417","post","type-post","status-publish","format-standard","has-post-thumbnail","hentry","category-manchete","category-noticias-em-destaque","tag-camara-dos-deputados","tag-eleicoes","tag-pdt","tag-stf"],"acf":[],"_links":{"self":[{"href":"https:\/\/pdt-rj.org.br\/index.php\/wp-json\/wp\/v2\/posts\/75417","targetHints":{"allow":["GET"]}}],"collection":[{"href":"https:\/\/pdt-rj.org.br\/index.php\/wp-json\/wp\/v2\/posts"}],"about":[{"href":"https:\/\/pdt-rj.org.br\/index.php\/wp-json\/wp\/v2\/types\/post"}],"author":[{"embeddable":true,"href":"https:\/\/pdt-rj.org.br\/index.php\/wp-json\/wp\/v2\/users\/17"}],"replies":[{"embeddable":true,"href":"https:\/\/pdt-rj.org.br\/index.php\/wp-json\/wp\/v2\/comments?post=75417"}],"version-history":[{"count":4,"href":"https:\/\/pdt-rj.org.br\/index.php\/wp-json\/wp\/v2\/posts\/75417\/revisions"}],"predecessor-version":[{"id":75439,"href":"https:\/\/pdt-rj.org.br\/index.php\/wp-json\/wp\/v2\/posts\/75417\/revisions\/75439"}],"wp:featuredmedia":[{"embeddable":true,"href":"https:\/\/pdt-rj.org.br\/index.php\/wp-json\/wp\/v2\/media\/35478"}],"wp:attachment":[{"href":"https:\/\/pdt-rj.org.br\/index.php\/wp-json\/wp\/v2\/media?parent=75417"}],"wp:term":[{"taxonomy":"category","embeddable":true,"href":"https:\/\/pdt-rj.org.br\/index.php\/wp-json\/wp\/v2\/categories?post=75417"},{"taxonomy":"post_tag","embeddable":true,"href":"https:\/\/pdt-rj.org.br\/index.php\/wp-json\/wp\/v2\/tags?post=75417"}],"curies":[{"name":"wp","href":"https:\/\/api.w.org\/{rel}","templated":true}]}}