{"id":75396,"date":"2021-01-19T19:17:14","date_gmt":"2021-01-19T22:17:14","guid":{"rendered":"http:\/\/pdt-rj.org.br\/?p=75396"},"modified":"2021-01-21T22:09:22","modified_gmt":"2021-01-22T01:09:22","slug":"em-niteroi-rj-idosa-e-enfermeira-recebem-primeiras-doses-da-vacina-coronavac","status":"publish","type":"post","link":"https:\/\/pdt-rj.org.br\/index.php\/em-niteroi-rj-idosa-e-enfermeira-recebem-primeiras-doses-da-vacina-coronavac\/","title":{"rendered":"Em Niter\u00f3i (RJ), idosa e enfermeira recebem primeiras doses da vacina CoronaVac"},"content":{"rendered":"<p class=\"yiv2535091781gmail-MsoNoSpacing\"><em><b>Prefeitura pedetista iniciou a imuniza\u00e7\u00e3o no Hospital Municipal Oce\u00e2nico, pioneiro em atendimento exclusivo da Covid-19 no Brasil<\/b><\/em><b><\/b><\/p>\n<p class=\"yiv2535091781gmail-MsoNoSpacing\"><i>\u00a0<\/i><\/p>\n<p>A prefeitura de Niter\u00f3i iniciou a vacina\u00e7\u00e3o contra a Covid-19 na manh\u00e3 desta ter\u00e7a-feira (19), a partir do <a href=\"http:\/\/pdt-rj.org.br\/index.php\/coronavirus-rodrigo-neves-inaugura-hospital-oceanico-em-niteroi-rj\/\">Hospital Municipal Oce\u00e2nico<\/a>, pioneiro, no Brasil, em atendimento exclusivo da doen\u00e7a idealizado na gest\u00e3o do ex-prefeito pedetista, <a href=\"http:\/\/pdt-rj.org.br\/index.php\/coronavirus-rodrigo-neves-inaugura-hospital-oceanico-em-niteroi-rj\/\">Rodrigo Neves<\/a>. Bruna Lemos, de 35 anos, enfermeira da pr\u00f3pria unidade de sa\u00fade, e Clice de Souza Carvalho, de 93 anos, que vive em uma casa de repouso no Ing\u00e1, na Zona Sul, foram as primeiras a receber a CoronaVac.<\/p>\n<p>Para o prefeito, Axel Grael (PDT), as aplica\u00e7\u00f5es representam um momento hist\u00f3rico, onde a ci\u00eancia, em tempo recorde, viabilizou uma vacina confi\u00e1vel produzida pelo Instituto Butantan, em parceria com a fabricante chinesa Sinovac, aprovada pela Ag\u00eancia Nacional de Vigil\u00e2ncia Sanit\u00e1ria (Anvisa) e acess\u00edvel para os brasileiros.<\/p>\n<p class=\"yiv2535091781gmail-MsoNoSpacing\">\u201cUm momento muito esperado. Ao longo desse per\u00edodo todo [de pandemia], a cidade teve pol\u00edticas p\u00fablicas, como a sanitiza\u00e7\u00e3o, retaguarda hospitalar e apoio \u00e0s fam\u00edlias e empresas, que foram inovadoras e seguidas depois por outras cidades pelo pa\u00eds\u201d, afirmou, ao mencionar o desejo e \u00e2nimo para a retomada em um \u201cnovo cotidiano\u201d.<\/p>\n<p class=\"yiv2535091781gmail-MsoNoSpacing\">O munic\u00edpio da Regi\u00e3o Metropolitana fluminense, que integrou a parceria com o Butant\u00e3 para a realiza\u00e7\u00e3o dos testes, receber\u00e1, na primeira fase do Programa Nacional de Imuniza\u00e7\u00e3o, entre 15 mil e 18 mil doses. A segunda aplica\u00e7\u00e3o, para os primeiros imunizados, ser\u00e1 aplicada em 28 dias.<\/p>\n<p class=\"yiv2535091781gmail-MsoNoSpacing\">\u201cEm Niter\u00f3i, desde o in\u00edcio, baseamos todas as nossas a\u00e7\u00f5es na ci\u00eancia e nas experi\u00eancias internacionais. Fomos a \u00fanica do Rio a participar dos testes de fase 3 da CoronaVac e sinto que colaborou com esse resultado que mostra efic\u00e1cia e seguran\u00e7a da vacina\u201d, valorizou o gestor municipal.<\/p>\n<p><img loading=\"lazy\" decoding=\"async\" class=\"wp-image-75405 size-full alignleft\" src=\"http:\/\/pdt-rj.org.br\/wp-content\/uploads\/2021\/01\/Em-Niter\u00f3i-RJ-idosa-e-enfermeira-recebem-primeiras-doses-da-vacina-CoronaVac..jpg\" alt=\"\" width=\"448\" height=\"298\" srcset=\"https:\/\/pdt-rj.org.br\/wp-content\/uploads\/2021\/01\/Em-Niter\u00f3i-RJ-idosa-e-enfermeira-recebem-primeiras-doses-da-vacina-CoronaVac..jpg 448w, https:\/\/pdt-rj.org.br\/wp-content\/uploads\/2021\/01\/Em-Niter\u00f3i-RJ-idosa-e-enfermeira-recebem-primeiras-doses-da-vacina-CoronaVac.-100x67.jpg 100w, https:\/\/pdt-rj.org.br\/wp-content\/uploads\/2021\/01\/Em-Niter\u00f3i-RJ-idosa-e-enfermeira-recebem-primeiras-doses-da-vacina-CoronaVac.-300x200.jpg 300w, https:\/\/pdt-rj.org.br\/wp-content\/uploads\/2021\/01\/Em-Niter\u00f3i-RJ-idosa-e-enfermeira-recebem-primeiras-doses-da-vacina-CoronaVac.-135x90.jpg 135w\" sizes=\"auto, (max-width: 448px) 100vw, 448px\" \/><\/p>\n<p class=\"yiv2535091781gmail-MsoNoSpacing\"><strong>Evolu\u00e7\u00e3o<\/strong><\/p>\n<p class=\"yiv2535091781gmail-MsoNoSpacing\">Funcion\u00e1ria do Oce\u00e2nico e integrante da equipe que atua na linha de frente do combate \u00e0 pandemia, Bruna mostrou satisfa\u00e7\u00e3o pela chegada da vacina\u00e7\u00e3o ap\u00f3s intensos meses de dedica\u00e7\u00e3o.<\/p>\n<p class=\"yiv2535091781gmail-MsoNoSpacing\">\u201cEsse \u00e9 o momento mais emocionante do trabalho no Hospital Oce\u00e2nico: ajudar nossos pacientes a vencerem a Covid-19. Essa vacina nos traz a esperan\u00e7a de voltarmos a viver normalmente e abra\u00e7amos as pessoas que amamos\u201d, relatou.<\/p>\n<p>&nbsp;<\/p>\n<p class=\"yiv2535091781gmail-MsoNoSpacing\">\u201cA vacina \u00e9 a forma mais eficiente de preven\u00e7\u00e3o \u00e0 Covid-19. Tenho muita esperan\u00e7a que, com a vacina\u00e7\u00e3o, essa crise na sa\u00fade seja superada e vidas sejam salvas. Acho muito importante todos se vacinarem. Minha fam\u00edlia tamb\u00e9m est\u00e1 mais aliviada ao saber que estarei protegida, acrescenta.<\/p>\n<p class=\"yiv2535091781gmail-MsoNoSpacing\">Confira a transmiss\u00e3o da cerim\u00f4nia:<\/p>\n<p class=\"yiv2535091781gmail-MsoNoSpacing\"><a href=\"https:\/\/www.facebook.com\/PrefeituraMunicipaldeNiteroi\/videos\/218408136674412\" target=\"_blank\" rel=\"nofollow noopener noreferrer\">https:\/\/www.facebook.com\/PrefeituraMunicipaldeNiteroi\/videos\/218408136674412<\/a><\/p>\n<!-- AddThis Advanced Settings generic via filter on the_content --><!-- AddThis Share Buttons generic via filter on the_content -->","protected":false},"excerpt":{"rendered":"<p>Prefeitura pedetista iniciou a imuniza\u00e7\u00e3o no Hospital Municipal Oce\u00e2nico, pioneiro em atendimento exclusivo da Covid-19 no Brasil \u00a0 A prefeitura de Niter\u00f3i iniciou a vacina\u00e7\u00e3o contra a Covid-19 na manh\u00e3 desta ter\u00e7a-feira (19), a partir do Hospital Municipal Oce\u00e2nico, pioneiro, no Brasil, em atendimento exclusivo da doen\u00e7a idealizado na gest\u00e3o do ex-prefeito pedetista, Rodrigo Neves&#8230;.<!-- AddThis Advanced Settings generic via filter on wp_trim_excerpt --><!-- AddThis Share Buttons generic via filter on wp_trim_excerpt --><\/p>\n","protected":false},"author":17,"featured_media":75399,"comment_status":"closed","ping_status":"closed","sticky":false,"template":"","format":"standard","meta":{"_monsterinsights_skip_tracking":false,"_monsterinsights_sitenote_active":false,"_monsterinsights_sitenote_note":"","_monsterinsights_sitenote_category":0,"_uf_show_specific_survey":0,"_uf_disable_surveys":false,"footnotes":""},"categories":[1390,976],"tags":[2996,2997,4025,3935,3348,4245,3404,2463,4244,3169],"class_list":["post-75396","post","type-post","status-publish","format-standard","has-post-thumbnail","hentry","category-editorias","category-noticias-em-destaque","tag-agencia-nacional-de-vigilancia-sanitaria","tag-anvisa","tag-axel-grael","tag-coronavac","tag-covid-19","tag-hospital-municipal-oceanico","tag-hospital-oceanico","tag-niteroi-rj","tag-programa-nacional-de-imunizacao","tag-rodrigo-neves"],"acf":[],"_links":{"self":[{"href":"https:\/\/pdt-rj.org.br\/index.php\/wp-json\/wp\/v2\/posts\/75396","targetHints":{"allow":["GET"]}}],"collection":[{"href":"https:\/\/pdt-rj.org.br\/index.php\/wp-json\/wp\/v2\/posts"}],"about":[{"href":"https:\/\/pdt-rj.org.br\/index.php\/wp-json\/wp\/v2\/types\/post"}],"author":[{"embeddable":true,"href":"https:\/\/pdt-rj.org.br\/index.php\/wp-json\/wp\/v2\/users\/17"}],"replies":[{"embeddable":true,"href":"https:\/\/pdt-rj.org.br\/index.php\/wp-json\/wp\/v2\/comments?post=75396"}],"version-history":[{"count":8,"href":"https:\/\/pdt-rj.org.br\/index.php\/wp-json\/wp\/v2\/posts\/75396\/revisions"}],"predecessor-version":[{"id":75408,"href":"https:\/\/pdt-rj.org.br\/index.php\/wp-json\/wp\/v2\/posts\/75396\/revisions\/75408"}],"wp:featuredmedia":[{"embeddable":true,"href":"https:\/\/pdt-rj.org.br\/index.php\/wp-json\/wp\/v2\/media\/75399"}],"wp:attachment":[{"href":"https:\/\/pdt-rj.org.br\/index.php\/wp-json\/wp\/v2\/media?parent=75396"}],"wp:term":[{"taxonomy":"category","embeddable":true,"href":"https:\/\/pdt-rj.org.br\/index.php\/wp-json\/wp\/v2\/categories?post=75396"},{"taxonomy":"post_tag","embeddable":true,"href":"https:\/\/pdt-rj.org.br\/index.php\/wp-json\/wp\/v2\/tags?post=75396"}],"curies":[{"name":"wp","href":"https:\/\/api.w.org\/{rel}","templated":true}]}}