{"id":75385,"date":"2021-01-19T13:22:20","date_gmt":"2021-01-19T16:22:20","guid":{"rendered":"http:\/\/pdt-rj.org.br\/?p=75385"},"modified":"2021-01-19T23:26:38","modified_gmt":"2021-01-20T02:26:38","slug":"apos-ameaca-de-bolsonaro-lupi-reforca-dever-constitucional-dos-militares","status":"publish","type":"post","link":"https:\/\/pdt-rj.org.br\/index.php\/apos-ameaca-de-bolsonaro-lupi-reforca-dever-constitucional-dos-militares\/","title":{"rendered":"Ap\u00f3s amea\u00e7a de Bolsonaro, Lupi refor\u00e7a dever constitucional dos militares"},"content":{"rendered":"<div class=\"msg-body P_wpofO mq_AS\" data-test-id=\"message-view-body-content\">\n<div class=\"jb_0 X_6MGW N_6Fd5\">\n<div id=\"yiv6161565109\">\n<div dir=\"ltr\">\n<p class=\"yiv6161565109MsoNormal\"><em><strong>Prote\u00e7\u00e3o dos princ\u00edpios democr\u00e1ticos \u00e9 priorit\u00e1ria para o presidente nacional do PDT<\/strong><\/em><\/p>\n<p class=\"yiv6161565109MsoNormal\">Ao refor\u00e7ar o dever constitucional das For\u00e7as Armadas brasileiras, o presidente nacional do PDT, Carlos Lupi, desqualificou, nesta ter\u00e7a-feira (19), as amea\u00e7as de golpe militar proferidas por Jair Bolsonaro ontem (18), na sa\u00edda do Pal\u00e1cio da Alvorada.<\/p>\n<p class=\"yiv6161565109MsoNormal\">\u201cPrimeiro lugar, Bolsonaro n\u00e3o representa a esmagadora maioria das For\u00e7as Armadas brasileiras. Elas s\u00e3o constitucionais, oriundas do povo brasileiro, garantidas, na Constitui\u00e7\u00e3o, com suas fun\u00e7\u00f5es, como defesa do territ\u00f3rio nacional, da soberania nacional e de guardar e defender a Constitui\u00e7\u00e3o\u201d, criticou, em suas redes sociais.<\/p>\n<p class=\"yiv6161565109MsoNormal\">\u201cMais uma vez, o profeta da ignor\u00e2ncia, o Bolsonaro, tenta desviar a aten\u00e7\u00e3o da sua incompet\u00eancia, do seu despreparo, da sua omiss\u00e3o e da sua corresponsabilidade na morte de mais de 210 mil brasileiros pela Covid-19\u201d, completou.<\/p>\n<p class=\"yiv6161565109MsoNormal\">Para apoiadores, Bolsonaro afirmou que a decis\u00e3o sobre a manuten\u00e7\u00e3o da democracia ou mudan\u00e7a para uma ditadura s \u00e9 dos militares. Segundo ele, o Brasil ainda contaria com liberdade, mas a situa\u00e7\u00e3o poderia ser alterada pela falta de reconhecimento dos civis.<\/p>\n<p class=\"yiv6161565109MsoNormal\">\u201cQuem decide se o povo vai viver em uma democracia ou ditadura s\u00e3o as suas For\u00e7as Armadas. N\u00e3o tem ditadura onde as For\u00e7as Armadas n\u00e3o a apoiam\u201d, declarou o presidente da Rep\u00fablica, ao questionar: \u201cNo Brasil, temos liberdade ainda. Se n\u00f3s n\u00e3o reconhecermos o valor destes homens e mulheres que est\u00e3o l\u00e1, tudo pode mudar. Imagine o Haddad no meu lugar. Como estariam as For\u00e7as Armadas com o Haddad em meu lugar?\u201d<\/p>\n<p class=\"yiv6161565109MsoNormal\"><strong>Enfrentamento<\/strong><\/p>\n<p class=\"yiv6161565109MsoNormal\">Em contraponto, Lupi fez quest\u00e3o de reafirmar as a\u00e7\u00f5es negacionistas de Bolsonaro, valorizar o esfor\u00e7o de cientistas e m\u00e9dicos no combate ao coronav\u00edrus, al\u00e9m exaltar a lisura da Ag\u00eancia Nacional de Vigil\u00e2ncia Sanit\u00e1ria (Anvisa) na aprova\u00e7\u00e3o do uso emergencial das vacinas CoronaVac e Oxford-AstraZeneca no pa\u00eds.<\/p>\n<p class=\"yiv6161565109MsoNormal\">\u201cEle n\u00e3o combateu como devia combater, n\u00e3o estimulou a utiliza\u00e7\u00e3o de m\u00e1scara, que as pessoas n\u00e3o aglomerassem, n\u00e3o seguiu a ci\u00eancia, combateu a vacina e agora, para desviar a sua incompet\u00eancia, vendo que a vacina foi aprovada com independ\u00eancia pela Anvisa, tenta falar da democracia e da garantia dessa democracia pelos militares\u201d, pontuou.<\/p>\n<p class=\"yiv6161565109MsoNormal\">\u201cBolsonaro, n\u00e3o use o nome dos militares em v\u00e3o. Voc\u00ea n\u00e3o tem autoridade para isso. Assuma a sua incompet\u00eancia. O teu tempo est\u00e1 chegando e o povo brasileiro saber\u00e1 julgar\u201d, encerrou.<\/p>\n<p class=\"yiv6161565109MsoNormal\">Acompanhe a declara\u00e7\u00e3o de Lupi, na \u00edntegra:<\/p>\n<p class=\"yiv6161565109MsoNormal\">\u00a0<a href=\"https:\/\/www.facebook.com\/LupiPDT\/videos\/1111187789350570\" target=\"_blank\" rel=\"nofollow noopener noreferrer\">https:\/\/www.facebook.com\/LupiPDT\/videos\/1111187789350570<\/a><\/p>\n<\/div>\n<\/div>\n<\/div>\n<\/div>\n<div class=\"jb_0 X_6MGW N_6Fd5\">\n<div class=\"P_0 je_fq7\">\n<div class=\"W_3n93F p_R\" data-test-id=\"attachment-item\">\n<div class=\"I_2iedTo k_w H_7yHc p_R o_h\" data-test-id=\"attachment-container\"><\/div>\n<\/div>\n<\/div>\n<\/div>\n<!-- AddThis Advanced Settings generic via filter on the_content --><!-- AddThis Share Buttons generic via filter on the_content -->","protected":false},"excerpt":{"rendered":"<p>Prote\u00e7\u00e3o dos princ\u00edpios democr\u00e1ticos \u00e9 priorit\u00e1ria para o presidente nacional do PDT Ao refor\u00e7ar o dever constitucional das For\u00e7as Armadas brasileiras, o presidente nacional do PDT, Carlos Lupi, desqualificou, nesta ter\u00e7a-feira (19), as amea\u00e7as de golpe militar proferidas por Jair Bolsonaro ontem (18), na sa\u00edda do Pal\u00e1cio da Alvorada. \u201cPrimeiro lugar, Bolsonaro n\u00e3o representa a&#8230;<!-- AddThis Advanced Settings generic via filter on wp_trim_excerpt --><!-- AddThis Share Buttons generic via filter on wp_trim_excerpt --><\/p>\n","protected":false},"author":17,"featured_media":75386,"comment_status":"closed","ping_status":"closed","sticky":false,"template":"","format":"standard","meta":{"_monsterinsights_skip_tracking":false,"_monsterinsights_sitenote_active":false,"_monsterinsights_sitenote_note":"","_monsterinsights_sitenote_category":0,"_uf_show_specific_survey":0,"_uf_disable_surveys":false,"footnotes":""},"categories":[976],"tags":[4242,2997,196,3935,3348,1777,4243,38],"class_list":["post-75385","post","type-post","status-publish","format-standard","has-post-thumbnail","hentry","category-noticias-em-destaque","tag-ameacas-de-golpe-militar","tag-anvisa","tag-carlos-lupi","tag-coronavac","tag-covid-19","tag-forcas-armadas","tag-oxford-astrazeneca","tag-pdt"],"acf":[],"_links":{"self":[{"href":"https:\/\/pdt-rj.org.br\/index.php\/wp-json\/wp\/v2\/posts\/75385","targetHints":{"allow":["GET"]}}],"collection":[{"href":"https:\/\/pdt-rj.org.br\/index.php\/wp-json\/wp\/v2\/posts"}],"about":[{"href":"https:\/\/pdt-rj.org.br\/index.php\/wp-json\/wp\/v2\/types\/post"}],"author":[{"embeddable":true,"href":"https:\/\/pdt-rj.org.br\/index.php\/wp-json\/wp\/v2\/users\/17"}],"replies":[{"embeddable":true,"href":"https:\/\/pdt-rj.org.br\/index.php\/wp-json\/wp\/v2\/comments?post=75385"}],"version-history":[{"count":4,"href":"https:\/\/pdt-rj.org.br\/index.php\/wp-json\/wp\/v2\/posts\/75385\/revisions"}],"predecessor-version":[{"id":75419,"href":"https:\/\/pdt-rj.org.br\/index.php\/wp-json\/wp\/v2\/posts\/75385\/revisions\/75419"}],"wp:featuredmedia":[{"embeddable":true,"href":"https:\/\/pdt-rj.org.br\/index.php\/wp-json\/wp\/v2\/media\/75386"}],"wp:attachment":[{"href":"https:\/\/pdt-rj.org.br\/index.php\/wp-json\/wp\/v2\/media?parent=75385"}],"wp:term":[{"taxonomy":"category","embeddable":true,"href":"https:\/\/pdt-rj.org.br\/index.php\/wp-json\/wp\/v2\/categories?post=75385"},{"taxonomy":"post_tag","embeddable":true,"href":"https:\/\/pdt-rj.org.br\/index.php\/wp-json\/wp\/v2\/tags?post=75385"}],"curies":[{"name":"wp","href":"https:\/\/api.w.org\/{rel}","templated":true}]}}