{"id":75375,"date":"2021-01-18T15:57:20","date_gmt":"2021-01-18T18:57:20","guid":{"rendered":"http:\/\/pdt-rj.org.br\/?p=75375"},"modified":"2021-01-20T23:36:58","modified_gmt":"2021-01-21T02:36:58","slug":"sob-o-comando-de-jose-bonifacio-cabo-frio-rj-inicia-vacinacao-contra-covid-19-nesta-quarta-feira-20","status":"publish","type":"post","link":"https:\/\/pdt-rj.org.br\/index.php\/sob-o-comando-de-jose-bonifacio-cabo-frio-rj-inicia-vacinacao-contra-covid-19-nesta-quarta-feira-20\/","title":{"rendered":"Sob o comando de Jos\u00e9 Bonif\u00e1cio, Cabo Frio (RJ) inicia vacina\u00e7\u00e3o contra Covid-19 nesta quarta-feira (20)"},"content":{"rendered":"<div class=\"msg-body P_wpofO mq_AS\" data-test-id=\"message-view-body-content\">\n<div class=\"jb_0 X_6MGW N_6Fd5\">\n<div id=\"yiv7232114140\">\n<div dir=\"ltr\">\n<p class=\"yiv7232114140MsoNormal\">Munic\u00edpio receber\u00e1 2.533 doses para imunizar profissionais de sa\u00fade, idosos e pessoas com defici\u00eancia<\/p>\n<p class=\"yiv7232114140MsoNormal\">A prefeitura de Cabo Frio inicia, na pr\u00f3xima quarta-feira (20), a vacina\u00e7\u00e3o contra a Covid-19. A partir da Secretaria de Sa\u00fade (SES), a cidade receber\u00e1 2.533 doses da CoronaVac nesta primeira remessa da Fase 1 do Plano Nacional de Imuniza\u00e7\u00e3o, do governo federal.<\/p>\n<p class=\"yiv7232114140MsoNormal\">O p\u00fablico-alvo priorit\u00e1rio \u00e9 composto pelos trabalhadores da linha de frente da sa\u00fade, incluindo enfermeiros, t\u00e9cnicos de enfermagem e m\u00e9dicos, que somam 2.399 profissionais, al\u00e9m de 126 idosos residentes em institui\u00e7\u00f5es de longa perman\u00eancia e nove pessoas com defici\u00eancia institucionalizadas.<\/p>\n<p class=\"yiv7232114140MsoNormal\">A vacina\u00e7\u00e3o da primeira parte do grupo priorit\u00e1rio ser\u00e1 feita por uma equipe volante do munic\u00edpio. As unidades p\u00fablicas que receber\u00e3o os agentes de vacina\u00e7\u00e3o e o hor\u00e1rio de in\u00edcio da vacina\u00e7\u00e3o ser\u00e3o apresentados at\u00e9 ter\u00e7a (19).<\/p>\n<p class=\"yiv7232114140MsoNormal\">De acordo com a SES, a previs\u00e3o \u00e9 de que, em cerca de 15 dias, Cabo Frio dever\u00e1 receber mais 2.533 doses para concluir o primeiro grupo da Fase 1, totalizando 5.066 doses.<\/p>\n<p class=\"yiv7232114140MsoNormal\">Segundo o informe t\u00e9cnico do \u00f3rg\u00e3o, a aplica\u00e7\u00e3o da segunda dose para a primeira parte do grupo priorit\u00e1rio dever\u00e1 ocorrer em um intervalo entre duas a quatro semanas.<\/p>\n<p class=\"yiv7232114140MsoNormal\">De acordo com o secret\u00e1rio de Sa\u00fade, Felipe Fernandes, o come\u00e7o da vacina\u00e7\u00e3o \u00e9 um alento para o munic\u00edpio liderado pelo prefeito, Jos\u00e9 Bonif\u00e1cio, do PDT.<\/p>\n<p class=\"yiv7232114140MsoNormal\">\u201c\u00c9 uma a\u00e7\u00e3o extremamente urgente, necess\u00e1ria. Contudo a vacina chega para ser o principal refor\u00e7o no combate ao coronav\u00edrus, mas \u00e9 imprescind\u00edvel que continuemos com as demais medidas de preven\u00e7\u00e3o como o uso de m\u00e1scara, evitar aglomera\u00e7\u00e3o e higiene\u201d, alerta Fernandes.<\/p>\n<p class=\"yiv7232114140MsoNormal\"><i>*Com informa\u00e7\u00f5es da Prefeitura de Cabo Frio.<\/i><\/p>\n<\/div>\n<\/div>\n<\/div>\n<\/div>\n<!-- AddThis Advanced Settings generic via filter on the_content --><!-- AddThis Share Buttons generic via filter on the_content -->","protected":false},"excerpt":{"rendered":"<p>Munic\u00edpio receber\u00e1 2.533 doses para imunizar profissionais de sa\u00fade, idosos e pessoas com defici\u00eancia A prefeitura de Cabo Frio inicia, na pr\u00f3xima quarta-feira (20), a vacina\u00e7\u00e3o contra a Covid-19. A partir da Secretaria de Sa\u00fade (SES), a cidade receber\u00e1 2.533 doses da CoronaVac nesta primeira remessa da Fase 1 do Plano Nacional de Imuniza\u00e7\u00e3o, do&#8230;<!-- AddThis Advanced Settings generic via filter on wp_trim_excerpt --><!-- AddThis Share Buttons generic via filter on wp_trim_excerpt --><\/p>\n","protected":false},"author":17,"featured_media":75376,"comment_status":"closed","ping_status":"closed","sticky":false,"template":"","format":"standard","meta":{"_monsterinsights_skip_tracking":false,"_monsterinsights_sitenote_active":false,"_monsterinsights_sitenote_note":"","_monsterinsights_sitenote_category":0,"_uf_show_specific_survey":0,"_uf_disable_surveys":false,"footnotes":""},"categories":[1390,1402,976],"tags":[4129,3068,4205],"class_list":["post-75375","post","type-post","status-publish","format-standard","has-post-thumbnail","hentry","category-editorias","category-cidades","category-noticias-em-destaque","tag-cabo-frio-rj","tag-jose-bonifacio","tag-vacinacao-contra-covid-19"],"acf":[],"_links":{"self":[{"href":"https:\/\/pdt-rj.org.br\/index.php\/wp-json\/wp\/v2\/posts\/75375","targetHints":{"allow":["GET"]}}],"collection":[{"href":"https:\/\/pdt-rj.org.br\/index.php\/wp-json\/wp\/v2\/posts"}],"about":[{"href":"https:\/\/pdt-rj.org.br\/index.php\/wp-json\/wp\/v2\/types\/post"}],"author":[{"embeddable":true,"href":"https:\/\/pdt-rj.org.br\/index.php\/wp-json\/wp\/v2\/users\/17"}],"replies":[{"embeddable":true,"href":"https:\/\/pdt-rj.org.br\/index.php\/wp-json\/wp\/v2\/comments?post=75375"}],"version-history":[{"count":3,"href":"https:\/\/pdt-rj.org.br\/index.php\/wp-json\/wp\/v2\/posts\/75375\/revisions"}],"predecessor-version":[{"id":75440,"href":"https:\/\/pdt-rj.org.br\/index.php\/wp-json\/wp\/v2\/posts\/75375\/revisions\/75440"}],"wp:featuredmedia":[{"embeddable":true,"href":"https:\/\/pdt-rj.org.br\/index.php\/wp-json\/wp\/v2\/media\/75376"}],"wp:attachment":[{"href":"https:\/\/pdt-rj.org.br\/index.php\/wp-json\/wp\/v2\/media?parent=75375"}],"wp:term":[{"taxonomy":"category","embeddable":true,"href":"https:\/\/pdt-rj.org.br\/index.php\/wp-json\/wp\/v2\/categories?post=75375"},{"taxonomy":"post_tag","embeddable":true,"href":"https:\/\/pdt-rj.org.br\/index.php\/wp-json\/wp\/v2\/tags?post=75375"}],"curies":[{"name":"wp","href":"https:\/\/api.w.org\/{rel}","templated":true}]}}