{"id":75366,"date":"2021-01-18T14:24:09","date_gmt":"2021-01-18T17:24:09","guid":{"rendered":"http:\/\/pdt-rj.org.br\/?p=75366"},"modified":"2022-04-18T15:51:07","modified_gmt":"2022-04-18T18:51:07","slug":"em-portugal-rodrigo-neves-inicia-projeto-de-pesquisa-sobre-a-pandemia-da-covid-19","status":"publish","type":"post","link":"https:\/\/pdt-rj.org.br\/index.php\/em-portugal-rodrigo-neves-inicia-projeto-de-pesquisa-sobre-a-pandemia-da-covid-19\/","title":{"rendered":"Em Portugal, Rodrigo Neves inicia projeto de pesquisa sobre a pandemia da Covid-19"},"content":{"rendered":"<p class=\"yiv7727874956MsoNormal\"><em><b>Prefeito de Niter\u00f3i (RJ) por duas vezes, o soci\u00f3logo recebeu convite da Universidade de Coimbra para cursar doutorado<\/b><\/em><\/p>\n<p class=\"yiv7727874956MsoNormal\">O ex-prefeito de Niter\u00f3i, Rodrigo Neves (PDT-RJ), come\u00e7ou neste m\u00eas, em Portugal, um projeto de pesquisa sobre os impactos e reflexos da pandemia do Covid-19 nas cidades. A iniciativa do soci\u00f3logo pedetista foi estruturada a partir do convite, da Universidade de Coimbra, para realiza\u00e7\u00e3o de doutorado.<\/p>\n<p class=\"yiv7727874956MsoNormal\">\u201cIniciando um novo ciclo dedicado \u00e0 vida acad\u00eamica e a projetos no setor privado e no terceiro setor. Recebi um convite muito honroso da universidade fundada em 1290 e patrim\u00f4nio da humanidade pela difus\u00e3o mundial do saber. Iniciei projeto de pesquisa sobre a pandemia nas cidades e p\u00f3s-pandemia, no \u00e2mbito do programa de doutorado do Centro de Estudos Sociais da UC\u201d, afirmou.<\/p>\n<p class=\"yiv7727874956MsoNormal\">\u201cA ci\u00eancia tem sido decisiva para evitar uma cat\u00e1strofe ainda maior nessa grave crise sanit\u00e1ria e \u00e9 importante que a sociologia, a epidemiologia, a economia, o urbanismo, dentre outros ramos da ci\u00eancia, reflitam sobre o presente e o futuro das cidades no s\u00e9culo XXI, levando em conta, inclusive, a possibilidade de pandemias intermitentes&#8221;, completou.<\/p>\n<p class=\"yiv7727874956MsoNormal\"><strong>Reconhecimento<\/strong><\/p>\n<p class=\"yiv7727874956MsoNormal\">Exemplo nacional no enfrentamento da prolifera\u00e7\u00e3o do v\u00edrus e prote\u00e7\u00e3o da popula\u00e7\u00e3o, a cidade fluminense promoveu um amplo plano de prote\u00e7\u00e3o da popula\u00e7\u00e3o, que inclui a estrutura\u00e7\u00e3o do sistema p\u00fablico de sa\u00fade e bloqueios sanit\u00e1rios nos bairros.<\/p>\n<p class=\"yiv7727874956MsoNormal\">No final de 2020, Rodrigo Neves recebeu da Organiza\u00e7\u00e3o das Na\u00e7\u00f5es Unidas (ONU), do Congresso Smart City e da Feira de Barcelona um pr\u00eamio pela lideran\u00e7a no combate ao coronav\u00edrus.<\/p>\n<p class=\"yiv7727874956MsoNormal\">&#8220;A pandemia do Covid-19, que j\u00e1 tirou a vida de milhares de pessoas no Brasil e no mundo, \u00e9 a mais grave crise sanit\u00e1ria da hist\u00f3ria de nossa gera\u00e7\u00e3o, com impactos humanos, sociais e econ\u00f4micos nas cidades similares \u00e0s graves crises de 1929 e da 2\u00ba Guerra no s\u00e9culo passado\u201d, analisou o gestor, que tamb\u00e9m foi vereador e secret\u00e1rio estadual do Rio.<\/p>\n<p class=\"yiv7727874956MsoNormal\">&#8220;Ap\u00f3s 20 anos seguidos e cont\u00ednuos na vida p\u00fablica e exercendo seguidos mandatos conferidos pela soberania popular, dos quais os \u00faltimos oito anos intensa, exaustiva e prazerosamente dedicados a reconstru\u00e7\u00e3o e governan\u00e7a de minha amada cidade de Niter\u00f3i, \u00e9 hora de iniciar um novo momento na vida pessoal, profissional e familiar&#8221;, finalizou.<\/p>\n<!-- AddThis Advanced Settings generic via filter on the_content --><!-- AddThis Share Buttons generic via filter on the_content -->","protected":false},"excerpt":{"rendered":"<p>Prefeito de Niter\u00f3i (RJ) por duas vezes, o soci\u00f3logo recebeu convite da Universidade de Coimbra para cursar doutorado O ex-prefeito de Niter\u00f3i, Rodrigo Neves (PDT-RJ), come\u00e7ou neste m\u00eas, em Portugal, um projeto de pesquisa sobre os impactos e reflexos da pandemia do Covid-19 nas cidades. A iniciativa do soci\u00f3logo pedetista foi estruturada a partir do&#8230;<!-- AddThis Advanced Settings generic via filter on wp_trim_excerpt --><!-- AddThis Share Buttons generic via filter on wp_trim_excerpt --><\/p>\n","protected":false},"author":17,"featured_media":75367,"comment_status":"closed","ping_status":"closed","sticky":false,"template":"","format":"standard","meta":{"_monsterinsights_skip_tracking":false,"_monsterinsights_sitenote_active":false,"_monsterinsights_sitenote_note":"","_monsterinsights_sitenote_category":0,"_uf_show_specific_survey":0,"_uf_disable_surveys":false,"footnotes":""},"categories":[1390,5414,5415],"tags":[3348,2463,67,1365,3378,4241,3169,940],"class_list":["post-75366","post","type-post","status-publish","format-standard","has-post-thumbnail","hentry","category-editorias","category-estado","category-rodrigo-neves","tag-covid-19","tag-niteroi-rj","tag-onu","tag-organizacao-das-nacoes-unidas","tag-pandemia","tag-portugal","tag-rodrigo-neves","tag-universidade-de-coimbra"],"acf":[],"_links":{"self":[{"href":"https:\/\/pdt-rj.org.br\/index.php\/wp-json\/wp\/v2\/posts\/75366","targetHints":{"allow":["GET"]}}],"collection":[{"href":"https:\/\/pdt-rj.org.br\/index.php\/wp-json\/wp\/v2\/posts"}],"about":[{"href":"https:\/\/pdt-rj.org.br\/index.php\/wp-json\/wp\/v2\/types\/post"}],"author":[{"embeddable":true,"href":"https:\/\/pdt-rj.org.br\/index.php\/wp-json\/wp\/v2\/users\/17"}],"replies":[{"embeddable":true,"href":"https:\/\/pdt-rj.org.br\/index.php\/wp-json\/wp\/v2\/comments?post=75366"}],"version-history":[{"count":2,"href":"https:\/\/pdt-rj.org.br\/index.php\/wp-json\/wp\/v2\/posts\/75366\/revisions"}],"predecessor-version":[{"id":75372,"href":"https:\/\/pdt-rj.org.br\/index.php\/wp-json\/wp\/v2\/posts\/75366\/revisions\/75372"}],"wp:featuredmedia":[{"embeddable":true,"href":"https:\/\/pdt-rj.org.br\/index.php\/wp-json\/wp\/v2\/media\/75367"}],"wp:attachment":[{"href":"https:\/\/pdt-rj.org.br\/index.php\/wp-json\/wp\/v2\/media?parent=75366"}],"wp:term":[{"taxonomy":"category","embeddable":true,"href":"https:\/\/pdt-rj.org.br\/index.php\/wp-json\/wp\/v2\/categories?post=75366"},{"taxonomy":"post_tag","embeddable":true,"href":"https:\/\/pdt-rj.org.br\/index.php\/wp-json\/wp\/v2\/tags?post=75366"}],"curies":[{"name":"wp","href":"https:\/\/api.w.org\/{rel}","templated":true}]}}