{"id":75358,"date":"2021-01-18T13:13:41","date_gmt":"2021-01-18T16:13:41","guid":{"rendered":"http:\/\/pdt-rj.org.br\/?p=75358"},"modified":"2021-01-19T13:25:43","modified_gmt":"2021-01-19T16:25:43","slug":"ciro-condena-bolsonaro-e-doria-pelo-uso-politico-da-vacina-contra-covid","status":"publish","type":"post","link":"https:\/\/pdt-rj.org.br\/index.php\/ciro-condena-bolsonaro-e-doria-pelo-uso-politico-da-vacina-contra-covid\/","title":{"rendered":"Ciro condena Bolsonaro e D\u00f3ria pelo uso pol\u00edtico da vacina contra Covid"},"content":{"rendered":"<div class=\"yiv6279097980gmail-gE yiv6279097980gmail-iv yiv6279097980gmail-gt\"><em><b>Para o pedetista, governantes deveriam ser responsabilizados pelos impactos gerados, no Brasil, durante pandemia<\/b><\/em><\/div>\n<div><\/div>\n<div class=\"yiv6279097980gmail-\">\n<div id=\"yiv6279097980gmail-:26q\" class=\"yiv6279097980gmail-ii yiv6279097980gmail-gt\">\n<div id=\"yiv6279097980gmail-:26p\" class=\"yiv6279097980gmail-a3s yiv6279097980gmail-aiL\">\n<div dir=\"ltr\">\n<p class=\"yiv6279097980MsoNormal\">\u201cN\u00e3o \u00e9 poss\u00edvel fazer carnaval sobre uma obriga\u00e7\u00e3o m\u00ednima.\u201d O vice-presidente nacional do PDT,\u00a0 Ciro Gomes, condenou Jair Bolsonaro e Jo\u00e3o D\u00f3ria por usarem o desenvolvimento, produ\u00e7\u00e3o e distribui\u00e7\u00e3o da vacina CoronaVac como ferramenta de gera\u00e7\u00e3o de capital pol\u00edtico. Durante a entrevista para Jos\u00e9 Luiz Datena, na R\u00e1dio Bandeirantes, nesta segunda-feira (18), o pedetista indicou que o desespero da popula\u00e7\u00e3o, com o Covid-19, virou estimulante central na disputa demag\u00f3gica entre o presidente da Rep\u00fablica e o governador de S\u00e3o Paulo.<\/p>\n<p class=\"yiv6279097980MsoNormal\">\u201cPara voc\u00ea ver o n\u00edvel de canalhice que o Brasil tem sido governado pelo Bolsonaro e por esses politiqueiros que fazem da trag\u00e9dia do Covid, da economia brasileira, um palanque eterno sem disciplina, sem respeito aos quase 210 mil mortos contados\u201d, criticou.<\/p>\n<p class=\"yiv6279097980MsoNormal\">\u201cN\u00e3o \u00e9 brincadeira a falta de responsabilidade do Bolsonaro e do Pazuello, que \u00e9 um canalha incompetente \u2013 os dois, na minha opini\u00e3o -, deveriam ser cassados e presos, se o Brasil fosse um pa\u00eds s\u00e9rio, pelo genoc\u00eddio que est\u00e3o promovendo\u201d, afirmou, ao completar: \u201cE o D\u00f3ria, que est\u00e1 fazendo uma mistifica\u00e7\u00e3o de propaganda, \u2018marketagem\u2019, em cima de um assunto t\u00e3o grave.\u201d<\/p>\n<p class=\"yiv6279097980MsoNormal\"><strong>Imuniza\u00e7\u00e3o<\/strong><\/p>\n<p class=\"yiv6279097980MsoNormal\">Neste domingo (17), a Ag\u00eancia Nacional de Vigil\u00e2ncia Sanit\u00e1ria (Anvisa) liberou emergencialmente lotes importados dos imunizantes CoronaVac, produzido pelo Instituto Butantan em parceria com o laborat\u00f3rio chin\u00eas Sinovac, e AstraZeneca, desenvolvido pela Fiocruz e Universidade de Oxford, bem como fabricado na \u00cdndia.<\/p>\n<p class=\"yiv6279097980MsoNormal\">Ao valorizar as aprova\u00e7\u00f5es, que representam \u201ca vit\u00f3ria da ci\u00eancia sobre o negaciosismo\u201d, Ciro fez quest\u00e3o de alertar para o real cen\u00e1rio do processo imunizat\u00f3rio, se considerado o volume dispon\u00edvel diante da estimulada expectativa propagada pelos governos paulista e federal.<\/p>\n<p class=\"yiv6279097980MsoNormal\">\u201cA Anvisa autorizou apenas seis milh\u00f5es de doses importadas da China e dois milh\u00f5es de doses que seriam importadas da \u00cdndia. O Brasil iria mandar o avi\u00e3o, mas a \u00cdndia n\u00e3o tinha sido avisada. Ent\u00e3o, mandou desfazer\u201d, explicou, mencionando o atraso brasileiro em rela\u00e7\u00e3o \u00e0 maioria dos pa\u00edses por todo o mundo.<\/p>\n<p class=\"yiv6279097980MsoNormal\">\u201cSeis milh\u00f5es de doses, em um pa\u00eds que tem 209 milh\u00f5es de pessoas precisando ser vacinadas, \u00e9 muito, mas n\u00e3o \u00e9 nada para justificar essa farra irrespons\u00e1vel, \u2018marketol\u00f3gica\u2019 e demag\u00f3gica. Enfim, a meu ju\u00edzo, canalha\u201d, ratificou.<\/p>\n<div><strong>Confira a entrevista completa a partir do 30\u00ba minuto do v\u00eddeo:<\/strong><\/div>\n<div><\/div>\n<\/div>\n<div dir=\"ltr\">\n<p>https:\/\/youtu.be\/YQzGjKhJatk<\/p>\n<\/div>\n<\/div>\n<\/div>\n<\/div>\n<!-- AddThis Advanced Settings generic via filter on the_content --><!-- AddThis Share Buttons generic via filter on the_content -->","protected":false},"excerpt":{"rendered":"<p>Para o pedetista, governantes deveriam ser responsabilizados pelos impactos gerados, no Brasil, durante pandemia \u201cN\u00e3o \u00e9 poss\u00edvel fazer carnaval sobre uma obriga\u00e7\u00e3o m\u00ednima.\u201d O vice-presidente nacional do PDT,\u00a0 Ciro Gomes, condenou Jair Bolsonaro e Jo\u00e3o D\u00f3ria por usarem o desenvolvimento, produ\u00e7\u00e3o e distribui\u00e7\u00e3o da vacina CoronaVac como ferramenta de gera\u00e7\u00e3o de capital pol\u00edtico. Durante a&#8230;<!-- AddThis Advanced Settings generic via filter on wp_trim_excerpt --><!-- AddThis Share Buttons generic via filter on wp_trim_excerpt --><\/p>\n","protected":false},"author":17,"featured_media":75359,"comment_status":"closed","ping_status":"closed","sticky":false,"template":"","format":"standard","meta":{"_monsterinsights_skip_tracking":false,"_monsterinsights_sitenote_active":false,"_monsterinsights_sitenote_note":"","_monsterinsights_sitenote_category":0,"_uf_show_specific_survey":0,"_uf_disable_surveys":false,"footnotes":""},"categories":[975,976],"tags":[2996,2997,4238,3350,220,3935,3715,4240,4237,4239],"class_list":["post-75358","post","type-post","status-publish","format-standard","has-post-thumbnail","hentry","category-manchete","category-noticias-em-destaque","tag-agencia-nacional-de-vigilancia-sanitaria","tag-anvisa","tag-astrazeneca","tag-china","tag-ciro-gomes","tag-coronavac","tag-fiocruz","tag-india","tag-sinovac","tag-universidade-de-oxford"],"acf":[],"_links":{"self":[{"href":"https:\/\/pdt-rj.org.br\/index.php\/wp-json\/wp\/v2\/posts\/75358","targetHints":{"allow":["GET"]}}],"collection":[{"href":"https:\/\/pdt-rj.org.br\/index.php\/wp-json\/wp\/v2\/posts"}],"about":[{"href":"https:\/\/pdt-rj.org.br\/index.php\/wp-json\/wp\/v2\/types\/post"}],"author":[{"embeddable":true,"href":"https:\/\/pdt-rj.org.br\/index.php\/wp-json\/wp\/v2\/users\/17"}],"replies":[{"embeddable":true,"href":"https:\/\/pdt-rj.org.br\/index.php\/wp-json\/wp\/v2\/comments?post=75358"}],"version-history":[{"count":7,"href":"https:\/\/pdt-rj.org.br\/index.php\/wp-json\/wp\/v2\/posts\/75358\/revisions"}],"predecessor-version":[{"id":75379,"href":"https:\/\/pdt-rj.org.br\/index.php\/wp-json\/wp\/v2\/posts\/75358\/revisions\/75379"}],"wp:featuredmedia":[{"embeddable":true,"href":"https:\/\/pdt-rj.org.br\/index.php\/wp-json\/wp\/v2\/media\/75359"}],"wp:attachment":[{"href":"https:\/\/pdt-rj.org.br\/index.php\/wp-json\/wp\/v2\/media?parent=75358"}],"wp:term":[{"taxonomy":"category","embeddable":true,"href":"https:\/\/pdt-rj.org.br\/index.php\/wp-json\/wp\/v2\/categories?post=75358"},{"taxonomy":"post_tag","embeddable":true,"href":"https:\/\/pdt-rj.org.br\/index.php\/wp-json\/wp\/v2\/tags?post=75358"}],"curies":[{"name":"wp","href":"https:\/\/api.w.org\/{rel}","templated":true}]}}